{"id":30511,"date":"2016-05-07T18:05:38","date_gmt":"2016-05-07T17:05:38","guid":{"rendered":"http:\/\/www.wwwagner.tv\/?p=30511"},"modified":"2016-05-09T10:31:23","modified_gmt":"2016-05-09T09:31:23","slug":"rueckblick-republica-media-convention","status":"publish","type":"post","link":"https:\/\/www.wwwagner.tv\/?p=30511","title":{"rendered":"R\u00fcckblick: re:publica &#8211; Media Convention"},"content":{"rendered":"<div style=\"height: 30px;\"><\/div>\n<p><span style=\"color: #ffa500;\"><span style=\"font-size: large;\"><em><\/em><\/span><\/p>\n<div style=\"height: 20px;\"><\/div>\n<p><a href=\"http:\/\/www.wwwagner.tv\/wp-content\/uploads\/20160509_rpTEN_MCB16_.jpg\"><img loading=\"lazy\" decoding=\"async\" src=\"http:\/\/www.wwwagner.tv\/wp-content\/uploads\/20160509_rpTEN_MCB16_.jpg\" alt=\"20160509_rpTEN_MCB16_\" width=\"600\" height=\"300\" class=\"alignnone size-full wp-image-30513\" srcset=\"https:\/\/www.wwwagner.tv\/wp-content\/uploads\/20160509_rpTEN_MCB16_.jpg 600w, https:\/\/www.wwwagner.tv\/wp-content\/uploads\/20160509_rpTEN_MCB16_-300x150.jpg 300w\" sizes=\"auto, (max-width: 600px) 100vw, 600px\" \/><\/a><\/p>\n<div style=\"height: 20px;\"><\/div>\n<p>Zum 10. Mal fand die <a href=\"https:\/\/re-publica.de\/\" target=\"_blank\">re:publica<\/a> in diesem Jahr statt. Gestartet 2007 als kleine Blogger-Konferenz, war sie einst angetreten, die wichtigsten Herausforderungen der Digitalisierung ins \u00f6ffentliche Bewusstsein zu bringen. Jetzt, neun Jahre und 10  Konferenzen sp\u00e4ter, haben sich viele Blogger professionalisiert, das Internet ist in der Mitte der Gesellschaft angekommen und \u00fcber Digitales wird t\u00e4glich diskutiert. Die re:publica selbst ist zu einer riesigen Konferenz mit 8000 Teilnehmern (in diesem Jahr) geworden \u2013 sie ist Europas gr\u00f6\u00dfte Digitalkonferenz.<\/p>\n<p>Zum dritten Mal fand in der <a href=\"http:\/\/www.station-berlin.de\/de\/\" target=\"_blank\">Station<\/a> auch die <a href=\"http:\/\/mediaconventionberlin.com\/de\" target=\"_blank\">Media Convention<\/a> statt. Das ist der internationale Medienkongress in der Hauptstadtregion. Mit einem breiten Themenspektrum. Es ging um Gaming, um Geoblocking, um Hacking, um Contentmarketing und Webvideo. <\/p>\n<div style=\"height: 30px;\"><\/div>\n<p> <audio   controls > <source src=\"http:\/\/www.wwwagner.tv\/audio\/mm20160507_0_1_2.mp3\" type='audio\/mpeg' \/> <object   type=\"application\/x-shockwave-flash\"  data=\"https:\/\/www.wwwagner.tv\/wp-content\/plugins\/wphtml5player\/inc\/flowplayer.swf\"  width=\"400\"  height=\"30\"> <param name=\"movie\" value='https:\/\/www.wwwagner.tv\/wp-content\/plugins\/wphtml5player\/inc\/flowplayer.swf' \/><param name=\"allowfullscreen\" value='false' \/><param name=\"cachebusting\" value='true' \/><param name=\"bgcolor\" value='#000000' \/><param name=\"flashvars\" value='config={\"plugins\":{\"controls\":{\"height\":30,\"autoHide\":false,\"fullscreen\":false}},\"clip\":{\"autoPlay\":false,\"url\":\"http:\\\/\\\/www.wwwagner.tv\\\/audio\\\/mm20160507_0_1_2.mp3\"},\"playlist\":[{\"autoPlay\":false,\"url\":\"http:\\\/\\\/www.wwwagner.tv\\\/audio\\\/mm20160507_0_1_2.mp3\"}],\"play\":{\"opacity\":0}}' \/>  No audio playback capabilities, please download the audio below<br \/><strong>Download Audio:<\/strong> Closed Format: <a href=\"http:\/\/www.wwwagner.tv\/audio\/mm20160507_0_1_2.mp3\">MP3<\/a> <\/object> <!-- Generated by HTML5 Multimedia Framework (http:\/\/code.google.com\/p\/html5videoplayer) --> <\/audio>  <br \/>\n<a href=\"http:\/\/www.wwwagner.tv\/audio\/mm20160507_0_1_2.mp3\" target=\"_blank\">Download<\/a><\/p>\n<div style=\"height: 10px;\"><\/div>\n<p><span style=\"color: #ffa500;\">Wer:<\/span> Vera Lin\u00df, freie Medienjournalistin<br \/>\n<span style=\"color: #ffa500;\">Was:<\/span> R\u00fcckblick mit O-T\u00f6nen von:<br \/>\n* N.N., re:publica-Besucher<br \/>\n* Markus Beckedahl, Gr\u00fcnder der re:publica<br \/>\n* Mareike Foecking, Professorin f\u00fcr Fotografie an der Hochschule D\u00fcsseldorf<br \/>\n* Tom Hillenbrand Journalist und Autor<br \/>\n* Barbara von Schwewick, Rechtswissenschaftlerin an der Stanford Law School<br \/>\n* Helge J\u00fcrgens, Gesch\u00e4ftsf\u00fchrer des Medienboards Berlin-Brandenburg<br \/>\n<span style=\"color: #ffa500;\">Wann:<\/span> ver\u00f6ffentlicht im radioeins-Medienmagazin, 07.05.2016, 18:05 Uhr und in einer gek\u00fcrzten Fassung im rbb Inforadio, 08.05.2016, 10:44\/15:24 Uhr<\/p>\n<div style=\"height: 10px;\"><\/div>\n<div style=\"height: 50px;\"><\/div>\n<div style=\"height: 10px;\"><\/div>\n<hr>\n<\/hr>\n<div style=\"height: 170px;\"><\/div>\n<div style=\"height: 10px;\"><\/div>\n<div style=\"height: 10px;\"><\/div>\n<p><span style=\"color: #888888;\">(Foto: J\u00f6rg Wagner)<\/span><\/p>\n<div style=\"height: 20px;\"><\/div>\n<p><script src=\"https:\/\/apis.google.com\/js\/plusone.js\" type=\"text\/javascript\">\/\/ <![CDATA[\n{lang: 'de'}\n\/\/ ]]><\/script><br \/>\n<script src=\"http:\/\/twittercounter.com\/embed\/?username=medienmagazin&amp;style=avatar\" type=\"text\/javascript\"><\/script><\/p>\n<p><noscript><a href=\"http:\/\/twittercounter.com\/medienmagazin\">medienmagazin on Twitter Counter<\/a><\/noscript><\/p>\n","protected":false},"excerpt":{"rendered":"<p>Zum 10. Mal fand die re:publica in diesem Jahr statt. Gestartet 2007 als kleine Blogger-Konferenz, war sie einst angetreten, die wichtigsten Herausforderungen der Digitalisierung ins \u00f6ffentliche Bewusstsein zu bringen. Jetzt, neun Jahre und 10 Konferenzen sp\u00e4ter, haben sich viele Blogger professionalisiert, das Internet ist in der Mitte der Gesellschaft angekommen und \u00fcber Digitales wird t\u00e4glich [&hellip;]<\/p>\n","protected":false},"author":2,"featured_media":0,"comment_status":"open","ping_status":"open","sticky":false,"template":"","format":"standard","meta":{"_monsterinsights_skip_tracking":false,"_monsterinsights_sitenote_active":false,"_monsterinsights_sitenote_note":"","_monsterinsights_sitenote_category":0,"footnotes":""},"categories":[17],"tags":[500,170],"class_list":["post-30511","post","type-post","status-publish","format-standard","hentry","category-aktuell","tag-media-convention-berlin","tag-republica"],"_links":{"self":[{"href":"https:\/\/www.wwwagner.tv\/index.php?rest_route=\/wp\/v2\/posts\/30511","targetHints":{"allow":["GET"]}}],"collection":[{"href":"https:\/\/www.wwwagner.tv\/index.php?rest_route=\/wp\/v2\/posts"}],"about":[{"href":"https:\/\/www.wwwagner.tv\/index.php?rest_route=\/wp\/v2\/types\/post"}],"author":[{"embeddable":true,"href":"https:\/\/www.wwwagner.tv\/index.php?rest_route=\/wp\/v2\/users\/2"}],"replies":[{"embeddable":true,"href":"https:\/\/www.wwwagner.tv\/index.php?rest_route=%2Fwp%2Fv2%2Fcomments&post=30511"}],"version-history":[{"count":5,"href":"https:\/\/www.wwwagner.tv\/index.php?rest_route=\/wp\/v2\/posts\/30511\/revisions"}],"predecessor-version":[{"id":30518,"href":"https:\/\/www.wwwagner.tv\/index.php?rest_route=\/wp\/v2\/posts\/30511\/revisions\/30518"}],"wp:attachment":[{"href":"https:\/\/www.wwwagner.tv\/index.php?rest_route=%2Fwp%2Fv2%2Fmedia&parent=30511"}],"wp:term":[{"taxonomy":"category","embeddable":true,"href":"https:\/\/www.wwwagner.tv\/index.php?rest_route=%2Fwp%2Fv2%2Fcategories&post=30511"},{"taxonomy":"post_tag","embeddable":true,"href":"https:\/\/www.wwwagner.tv\/index.php?rest_route=%2Fwp%2Fv2%2Ftags&post=30511"}],"curies":[{"name":"wp","href":"https:\/\/api.w.org\/{rel}","templated":true}]}}