{"id":30656,"date":"2016-05-24T13:59:10","date_gmt":"2016-05-24T12:59:10","guid":{"rendered":"http:\/\/www.wwwagner.tv\/?p=30656"},"modified":"2022-04-20T23:50:57","modified_gmt":"2022-04-20T21:50:57","slug":"gruschwitz-mehr-demut-bei-olympia","status":"publish","type":"post","link":"https:\/\/www.wwwagner.tv\/?p=30656","title":{"rendered":"Gruschwitz, Dieter"},"content":{"rendered":"<figure id=\"attachment_30657\" aria-describedby=\"caption-attachment-30657\" style=\"width: 600px\" class=\"wp-caption alignnone\"><a href=\"http:\/\/www.wwwagner.tv\/wp-content\/uploads\/20160524_gruschwitz_dieter_600.jpg\"><img loading=\"lazy\" decoding=\"async\" src=\"http:\/\/www.wwwagner.tv\/wp-content\/uploads\/20160524_gruschwitz_dieter_600.jpg\" alt=\"Dieter Gruschwitz\" width=\"600\" height=\"334\" class=\"size-full wp-image-30657\" srcset=\"https:\/\/www.wwwagner.tv\/wp-content\/uploads\/20160524_gruschwitz_dieter_600.jpg 600w, https:\/\/www.wwwagner.tv\/wp-content\/uploads\/20160524_gruschwitz_dieter_600-300x167.jpg 300w\" sizes=\"auto, (max-width: 600px) 100vw, 600px\" \/><\/a><figcaption id=\"caption-attachment-30657\" class=\"wp-caption-text\">Dieter Gruschwitz<\/figcaption><\/figure>\n<div style=\"height: 10px;\"><\/div>\n<div style=\"height: 20px;\"><\/div>\n<div class=\"BorlabsCookie\"><div class=\"_brlbs-content-blocker\"> <div class=\"_brlbs-embed _brlbs-video-youtube\"> <img class=\"_brlbs-thumbnail\" src=\"https:\/\/www.wwwagner.tv\/wp-content\/plugins\/borlabs-cookie\/images\/cb-no-thumbnail.png\" alt=\"YouTube\"> <div class=\"_brlbs-caption\"> <p>Mit dem Laden des Videos akzeptieren Sie die Datenschutzerkl\u00e4rung von YouTube.<br><a href=\"https:\/\/policies.google.com\/privacy\" target=\"_blank\" rel=\"nofollow noopener noreferrer\">Mehr erfahren<\/a><\/p> <p><a class=\"_brlbs-btn _brlbs-icon-play-white\" href=\"#\" data-borlabs-cookie-unblock role=\"button\">Video laden<\/a><\/p> <p><label><input type=\"checkbox\" name=\"unblockAll\" value=\"1\" checked> <small>YouTube immer entsperren<\/small><\/label><\/p> <\/div> <\/div> <\/div><div class=\"borlabs-hide\" data-borlabs-cookie-type=\"content-blocker\" data-borlabs-cookie-id=\"youtube\"><script type=\"text\/template\">PHA+PGlmcmFtZSBsb2FkaW5nPSJsYXp5IiB3aWR0aD0iNjAwIiBoZWlnaHQ9IjMzOCIgc3JjPSJodHRwczovL3d3dy55b3V0dWJlLW5vY29va2llLmNvbS9lbWJlZC9pNjlUbUFSd0NqVT9yZWw9MCZhbXA7c2hvd2luZm89MCIgZnJhbWVib3JkZXI9IjAiIGFsbG93ZnVsbHNjcmVlbj48L2lmcmFtZT48L3A+<\/script><\/div><\/div>\n<div style=\"height: 20px;\"><\/div>\n<p><span style=\"font-size: 11pt; font-family: tahoma,arial,helvetica,sans-serif;\"><br \/>\n<u>Wer<\/u>:<br \/>\n* Dieter Gruschwitz, ZDF-Olympia-Teamchef und Leiter ZDF-Hauptredaktion Sport<br \/>\n* Werner Lange, freier Medienjournalist<br \/>\n<u>Was<\/u>: Interview am Rande der ARD\/ZDF-Olympia-Pressekonferenz<br \/>\n<u>Wann<\/u>: rec.: 24.05.2016, ver\u00f6ffentlicht als Audio: <a href=\"http:\/\/bit.ly\/1sX2mmi\" target=\"_blank\" rel=\"noopener\">28.05.2016<\/a>, 18:17 Uhr im radioeins-Medienmagazin und in einer gek\u00fcrzten Fassung im rbb Inforadio vom 29.05.2016, 10:44\/15:24 Uhr<br \/>\n<u>Wo<\/u>: Hamburg, Empire Riverside Hotel<\/p>\n<div style=\"height: 10px;\"><\/div>\n<hr \/>\n<div id='stb-container-9172' class='stb-container-css stb-custom-container stb-no-caption stb-image-none stb-ltr stb-border stb-side'><aside class='stb-icon'><img src='http:\/\/www.wwwagner.tv\/wp-content\/plugins\/wp-special-textboxes\/themes\/stb-dark\/heart.png'><\/aside><div id='stb-box-9172' class='stb-custom_box stb-box' ><br \/>\n<span style=\"font-size: 11pt; font-family: tahoma,arial,helvetica,sans-serif;\"><br \/>\n(w\u00f6rtliches Transkript, H\u00f6rverst\u00e4ndnisfehler vorbehalten)<\/p>\n<div style=\"height: 20px;\"><\/div>\n<div style=\"height: 10px;\"><\/div>\n<p><a href=\"http:\/\/www.wwwagner.tv\/wp-content\/uploads\/20160529_gruschwitz2_400.jpg\"><img loading=\"lazy\" decoding=\"async\" src=\"http:\/\/www.wwwagner.tv\/wp-content\/uploads\/20160529_gruschwitz2_400.jpg\" alt=\"20160529_gruschwitz2_400\" width=\"400\" height=\"200\" class=\"alignnone size-full wp-image-30665\" srcset=\"https:\/\/www.wwwagner.tv\/wp-content\/uploads\/20160529_gruschwitz2_400.jpg 400w, https:\/\/www.wwwagner.tv\/wp-content\/uploads\/20160529_gruschwitz2_400-300x150.jpg 300w\" sizes=\"auto, (max-width: 400px) 100vw, 400px\" \/><\/a><\/p>\n<blockquote><p>\nDieter Gruschwitz: Der Reiz f\u00fcr Olympia ist nachwievor sehr, sehr gro\u00df. Aber Olympia ist mittlerweile auch eine sehr gro\u00dfe wirtschaftliche Dimension geworden. Das haben wir als ARD und ZDF nat\u00fcrlich auch erfahren mit der Tatsache, dass wir f\u00fcr die n\u00e4chsten Jahre keine origin\u00e4ren Olympia-Rechte mehr haben werden, sondern die Olympia-Rechte, die Fernsehrechte sind verkauft worden f\u00fcr den europ\u00e4ischen Markt an einen <a href=\"https:\/\/www.tagesschau.de\/inland\/discovery-olympia-103.html\" target=\"_blank\" rel=\"noopener\">amerikanischen Medienkonzern<\/a>. Das ist auch eine neue Entwicklung. Also, ich habe das Gef\u00fchl, es ist alles gewaltiger geworden, die Dimensionen, auch was die Austragungsorte betrifft, ist eine andere geworden. Wer h\u00e4tte je gedacht, dass wir mal in Peking Olympische Winterspiele erleben werden und, und, und. Ich glaube, ich will jetzt mal so zwei Begriffe, ja vielleicht missbrauchen: Demut und auch etwas Bescheidenheit. Ich glaube, es t\u00e4te insgesamt der Olympischen Bewegung gut, wenn man sich diese beiden Begriffe einmal zur Brust nehmen w\u00fcrde und sagen w\u00fcrde, lasst uns vielleicht ein bisschen das ganze wieder runterschrauben. Ich glaube, sonst wird Olympia irgendwann in einem Kontext genannt werden mit dem Gigantismus, den wir im Fu\u00dfball haben und, und, und. Ich glaube, ein bisschen mehr Zur\u00fcckgenommenheit, ein bisschen mehr Demut w\u00fcrde auch dem olympischen Sport und den Olympischen Spielen ganz gut tun.<\/p>\n<p>Werner Lange: <strong>Nun sprechen einige davon, dass auch ARD und ZDF vielleicht die eine oder andere Grenze setzen sollten. Am Samstag haben Sie die Champions League noch einmal, das Endspiel, dann Fu\u00dfballeuropameisterschaft und dann Olympische Spiele. Ein Marathon. W\u00e4re es da nicht auch ganz gut, man w\u00fcrde sich das vielleicht mit anderen teilen?<\/strong><\/p>\n<p>Dieter Gruschwitz: Das wird ja m\u00f6glicherweise kommen. Also, wir m\u00fcssen, glaube ich, ganz sachlich und n\u00fcchtern feststellen, dieser Automatismus, dass die sportlichen Gro\u00dfereignisse, wie eine Fu\u00dfball-WM, -EM, wie L\u00e4nderspiele der deutschen Mannschaft, wie Olympische Spiele automatisch bei den beiden \u00f6ffentlich-rechtlichen Anstalten ARD und ZDF ausgestrahlt werden, die ist ja nicht mehr gegeben. L\u00e4nderspiele, was ist von den L\u00e4nderspielen der deutschen Fu\u00dfballnationalmannschaft \u00fcbrig geblieben f\u00fcr ARD und ZDF? Ein Gro\u00dfteil der Spiele wird bei RTL gezeigt. Es laufen gerade die aktuellen Verhandlungen, was die Qualifikations-L\u00e4nderspiele f\u00fcr die n\u00e4chsten vier Jahre ab 2018 betrifft. Die Olympischen Spiele sind zumindest im ersten Rutsch nicht mehr an ARD und ZDF vergeben worden. Wie das in Zukunft mit einer Fu\u00dfball-EM und einer Fu\u00dfball-WM sein wird, m\u00fcssen wir abwarten. Also, ich glaube, da sind mittlerweile so viele finanzielle Kr\u00e4fte auf dem Sportrechte-Markt. Da wird es irgendwann ein nat\u00fcrlicher Prozess sein, dass ARD und ZDF sich nur noch um gewisse kleinere, etwas billigere Dinge bem\u00fchen k\u00f6nnen.<\/p>\n<p>Werner Lange: <strong>Bei den Olympischen Spielen geht es in diesem Jahr speziell eben um viele, viele Randgeschichten wie zum Beispiel: Virus, Doping Ausschluss von ganzen Nationen vielleicht. An welchem Punkt glauben Sie sind die Randgeschichten so weit nach oben gekommen?<\/strong><\/p>\n<p>Dieter Gruschwitz: Ich glaube, es ist ein anderes Bewusstsein eingetreten, eine andere Wahrnehmung eingetreten. Man hat erkannt, dass der Sport nicht au\u00dferhalb von anderen gesellschaftlichen Bereichen in unserem Leben steht, dass der Sport genauso mit Themen wie Betrug, Korruption, negativen Randerscheinungen, Begleiterscheinungen usw. zu k\u00e4mpfen und zu tun hat. Ich glaube, das ist eine Tatsache. Und aufgrund dieser Tatsache, die sich immer weiter verfestigt hat im Bewusstsein der Bev\u00f6lkerung, der \u00d6ffentlichkeit werden diese Randerscheinungen auch mitgenommen. Man interessiert sich auch daf\u00fcr. Man will wissen, was ist denn jetzt da rausgekommen? Werden jetzt die russischen Leichtathleten gesperrt werden in Rio oder nicht? Was ist mit den L\u00e4ufern aus Kenia? Und, und, und. Das bekommt eine so gro\u00dfe Aufmerksamkeit, dass es den interessierten Zuschauer gibt, der einfach wissen m\u00f6chte, wie geht das Ganze aus. Ich glaube auf der anderen Seite allerdings, es wird das Interesse an dem Ereignis selbst \u2013 und ich rede hier nur von den wirklichen Gro\u00dfereignissen \u2013 nicht schm\u00e4lern. Erinnern Sie sich an die Spiele in Sotschi. Wie viele politische Diskussionen hat es vor den Winterspielen in Sotschi gegeben? Am Ende gab es ein gigantisches Zuschauerinteresse bei ARD und ZDF. Ich glaube, da kann der Zuschauer schon sehr genau unterscheiden zwischen dem, was am Rande passiert oder was auch noch passiert, aber man erfreut sich nach wie vor am Sport in dieser Dimension, in dieser Qualit\u00e4t und ich glaube, das werden wir auch in Rio erleben. Trotz all der Probleme, die es gibt und \u00fcber die zurecht gerichtet wird und berichtet werden muss.<\/p>\n<p>Werner Lange: <strong>Glauben Sie, dass 2020, auch wenn Discovery die Rechte gekauft hat, \u00e4hnlich dargestellt werden kann wie 2016?<\/strong><\/p>\n<p>Dieter Gruschwitz: Das ist eine schwierige Frage. Es kommt darauf an, wer 2020 m\u00f6glicherweise neben Eurosport \u2013 davon gehen wir einmal aus, dass Eurosport berichten wird, live berichten wird \u2013 wer vielleicht noch als deutscher Sender dabei sein wird. Im Moment ist es nicht abzusehen, abzusch\u00e4tzen inwieweit ARD und ZDF noch dabei sein werden. Man kann Olympia, wenn man ein bisschen die deutsche Brille &#8211; und das meine ich jetzt positiv &#8211; aufsetzt, nur ganz oder gar nicht machen. Ich glaube, der Erfolg von Olympischen Spielen in der Fernsehberichterstattung in Deutschland in den letzten Jahrzehnten war auch der Tatsache geschuldet, dass ARD und ZDF immer einen besonderen Blick auf die deutschen Athletinnen und Athleten geworfen haben. Wir haben sie verfolgt, wir haben sie begleitet in den Vork\u00e4mpfen, in den Vorrunden, in den Qualifikationsspielen und, und, und, und &#8211;  und sie m\u00f6glicherweise begleitet bis zu einem m\u00f6glicherweise olympischen Goldmedaillen-Gewinn. Das ist etwas, wir nennen das in der Fernsehsprache \u2018unilaterale Angebot\u2019, das ist etwas, was andere Sender aufgrund ihrer Struktur m\u00f6glicherweise gar nicht leisten k\u00f6nnen. Das ist schon sehr personal- und produktionsintensiv. Aber es gibt nach unserem Verst\u00e4ndnis &#8211; und deswegen werden wir es in Rio auch noch einmal so handhaben &#8211; eine Erwartungshaltung bei den deutschen Zuschauern und nicht zuletzt bei den Athleten, die die M\u00f6glichkeit haben einmal bei Olympia auf der gro\u00dfen B\u00fchne zu stehen und, und, und &#8211; was sonst im sportlichen Alltag nicht der Fall sein wird. Da gibt es eine Erwartungshaltung. Ob diese Erwartungshaltung andere au\u00dferhalb von ARD und ZDF auch noch bedienen werden oder bedienen k\u00f6nnen, da habe ich zumindest leise Zweifel.<\/p>\n<\/blockquote>\n<p><\/div><\/div>\n<div style=\"height:10px;\"><\/div>\n<div style=\"height:10px;\"><\/div>\n<p>(Fotos + Video: \u00a9 Daniel Kehr)<\/p>\n<hr \/>\n<div style=\"height: 5px;\"><\/div>\n<p><html><br \/>\n     <head><\/p>\n<style type=\"text\/css\">\n       body {\n                     background: #DADADA;\n       }\n      <\/style>\n<p>     <\/head><br \/>\n     <body><br \/>\n<\/body><br \/>\n    <\/html><\/p>\n<p><\/span><\/span><\/p>\n","protected":false},"excerpt":{"rendered":"<p>Mit dem Laden des Videos akzeptieren Sie die Datenschutzerkl\u00e4rung von YouTube.Mehr erfahren Video laden YouTube immer entsperren Wer: * Dieter Gruschwitz, ZDF-Olympia-Teamchef und Leiter ZDF-Hauptredaktion Sport * Werner Lange, freier Medienjournalist Was: Interview am Rande der ARD\/ZDF-Olympia-Pressekonferenz Wann: rec.: 24.05.2016, ver\u00f6ffentlicht als Audio: 28.05.2016, 18:17 Uhr im radioeins-Medienmagazin und in einer gek\u00fcrzten Fassung im rbb [&hellip;]<\/p>\n","protected":false},"author":2,"featured_media":0,"comment_status":"closed","ping_status":"open","sticky":false,"template":"","format":"standard","meta":{"_monsterinsights_skip_tracking":false,"_monsterinsights_sitenote_active":false,"_monsterinsights_sitenote_note":"","_monsterinsights_sitenote_category":0,"footnotes":""},"categories":[114,126],"tags":[391,197,50],"class_list":["post-30656","post","type-post","status-publish","format-standard","hentry","category-a-z","category-g","tag-olympia","tag-sport","tag-zdf"],"_links":{"self":[{"href":"https:\/\/www.wwwagner.tv\/index.php?rest_route=\/wp\/v2\/posts\/30656","targetHints":{"allow":["GET"]}}],"collection":[{"href":"https:\/\/www.wwwagner.tv\/index.php?rest_route=\/wp\/v2\/posts"}],"about":[{"href":"https:\/\/www.wwwagner.tv\/index.php?rest_route=\/wp\/v2\/types\/post"}],"author":[{"embeddable":true,"href":"https:\/\/www.wwwagner.tv\/index.php?rest_route=\/wp\/v2\/users\/2"}],"replies":[{"embeddable":true,"href":"https:\/\/www.wwwagner.tv\/index.php?rest_route=%2Fwp%2Fv2%2Fcomments&post=30656"}],"version-history":[{"count":18,"href":"https:\/\/www.wwwagner.tv\/index.php?rest_route=\/wp\/v2\/posts\/30656\/revisions"}],"predecessor-version":[{"id":51627,"href":"https:\/\/www.wwwagner.tv\/index.php?rest_route=\/wp\/v2\/posts\/30656\/revisions\/51627"}],"wp:attachment":[{"href":"https:\/\/www.wwwagner.tv\/index.php?rest_route=%2Fwp%2Fv2%2Fmedia&parent=30656"}],"wp:term":[{"taxonomy":"category","embeddable":true,"href":"https:\/\/www.wwwagner.tv\/index.php?rest_route=%2Fwp%2Fv2%2Fcategories&post=30656"},{"taxonomy":"post_tag","embeddable":true,"href":"https:\/\/www.wwwagner.tv\/index.php?rest_route=%2Fwp%2Fv2%2Ftags&post=30656"}],"curies":[{"name":"wp","href":"https:\/\/api.w.org\/{rel}","templated":true}]}}