{"id":31284,"date":"2016-08-13T18:10:11","date_gmt":"2016-08-13T17:10:11","guid":{"rendered":"http:\/\/www.wwwagner.tv\/?p=31284"},"modified":"2017-11-26T20:09:08","modified_gmt":"2017-11-26T19:09:08","slug":"olympia-jenseits-vom-hochglanz","status":"publish","type":"post","link":"https:\/\/www.wwwagner.tv\/?p=31284","title":{"rendered":"Olympia &#8211; Jenseits vom Hochglanz"},"content":{"rendered":"<p><a href=\"http:\/\/www.wwwagner.tv\/wp-content\/uploads\/20160813_jaroschewski_peteranderl_6_600.jpg\"><img loading=\"lazy\" decoding=\"async\" src=\"http:\/\/www.wwwagner.tv\/wp-content\/uploads\/20160813_jaroschewski_peteranderl_6_600.jpg\" alt=\"20160813_jaroschewski_peteranderl_6_600\" width=\"600\" height=\"300\" class=\"alignnone size-full wp-image-31285\" srcset=\"https:\/\/www.wwwagner.tv\/wp-content\/uploads\/20160813_jaroschewski_peteranderl_6_600.jpg 600w, https:\/\/www.wwwagner.tv\/wp-content\/uploads\/20160813_jaroschewski_peteranderl_6_600-300x150.jpg 300w\" sizes=\"auto, (max-width: 600px) 100vw, 600px\" \/><\/a><\/p>\n<div style=\"height: 10px;\"><\/div>\n<p>Vor den Gro\u00dfereignissen sollten Rios Favelas mit Polizeipr\u00e4senz befriedet werden \u2014 doch in gr\u00f6\u00dferen Favelas wie Rocinha oder Complexo do Alemao eskaliert im Olympiajahr die Gewalt. F\u00fcr Favelabewohner verwandeln sich Smartphones und soziale Netzwerke in wichtige Waffen: sie machen sichtbar, was in der Favela passiert, prangern Polizeigewalt an und warnen sich gegenseitig vor Schie\u00dfereien in Rio de Janeiro. Julia Jaroschewski und Sonja Peteranderl berichten \u00fcber Olympia jenseits der sportlichen Wettk\u00e4mpfe.<\/p>\n<div style=\"height:20px;\"><\/div>\n <audio   controls > <source src=\"http:\/\/www.wwwagner.tv\/audio\/mm20160813_1_2.mp3\" type='audio\/mpeg' \/> <object   type=\"application\/x-shockwave-flash\"  data=\"https:\/\/www.wwwagner.tv\/wp-content\/plugins\/wphtml5player\/inc\/flowplayer.swf\"  width=\"400\"  height=\"30\"> <param name=\"movie\" value='https:\/\/www.wwwagner.tv\/wp-content\/plugins\/wphtml5player\/inc\/flowplayer.swf' \/><param name=\"allowfullscreen\" value='false' \/><param name=\"cachebusting\" value='true' \/><param name=\"bgcolor\" value='#000000' \/><param name=\"flashvars\" value='config={\"plugins\":{\"controls\":{\"height\":30,\"autoHide\":false,\"fullscreen\":false}},\"clip\":{\"autoPlay\":false,\"url\":\"http:\\\/\\\/www.wwwagner.tv\\\/audio\\\/mm20160813_1_2.mp3\"},\"playlist\":[{\"autoPlay\":false,\"url\":\"http:\\\/\\\/www.wwwagner.tv\\\/audio\\\/mm20160813_1_2.mp3\"}],\"play\":{\"opacity\":0}}' \/>  No audio playback capabilities, please download the audio below<br \/><strong>Download Audio:<\/strong> Closed Format: <a href=\"http:\/\/www.wwwagner.tv\/audio\/mm20160813_1_2.mp3\">MP3<\/a> <\/object> <!-- Generated by HTML5 Multimedia Framework (http:\/\/code.google.com\/p\/html5videoplayer) --> <\/audio>  \n<div style=\"height: 10px;\"><\/div>\n<div style=\"height: 10px;\"><\/div>\n<p><u>Wer<\/u>: Julia Jaroschewski und Sonja Peteranderl, Freie Journalistinnen u. a. <a href=\"https:\/\/favelawatchblog.com\/2016\/08\/11\/olympia-fur-alle-die-body-pumper-vom-arpoador\/\">favelawatchblog.com<\/a><br \/>\n<u>Was<\/u>: Skype-Gespr\u00e4ch aus Rio de Janeiro<br \/>\n<u>Wann<\/u>: rec. 13.08.2016, ca. 01:45 Uhr, ver\u00f6ffentlicht am 13.08.2016, 18:10 Uhr im radioeins-Medienmagazin und in einer gek\u00fcrzten Fassung im rbb Inforadio vom 14.08.2016\/10:44\/15:24 Uhr<\/p>\n<div style=\"height: 10px;\"><\/div>\n<hr \/>\n<p><u>Vgl<\/u>.:<br \/>\n* <a href=\"http:\/\/bit.ly\/1lo79Bg\" target=\"_blank\">Bloggen aus der Favela<\/a> &#8211; radioeins-Medienmagazin vom 14.06.2014<br \/>\n<figure id=\"attachment_31294\" aria-describedby=\"caption-attachment-31294\" style=\"width: 400px\" class=\"wp-caption alignnone\"><a href=\"http:\/\/www.wwwagner.tv\/wp-content\/uploads\/20160814_Interview_CidadedeDeus_400.jpg\"><img loading=\"lazy\" decoding=\"async\" src=\"http:\/\/www.wwwagner.tv\/wp-content\/uploads\/20160814_Interview_CidadedeDeus_400.jpg\" alt=\"Julia Jaroschewski beim Interview in der Favela Cidade de Deus\" width=\"400\" height=\"226\" class=\"size-full wp-image-31294\" srcset=\"https:\/\/www.wwwagner.tv\/wp-content\/uploads\/20160814_Interview_CidadedeDeus_400.jpg 400w, https:\/\/www.wwwagner.tv\/wp-content\/uploads\/20160814_Interview_CidadedeDeus_400-300x170.jpg 300w\" sizes=\"auto, (max-width: 400px) 100vw, 400px\" \/><\/a><figcaption id=\"caption-attachment-31294\" class=\"wp-caption-text\">Julia Jaroschewski beim Interview in der Favela Cidade de Deus<\/figcaption><\/figure><\/p>\n<div style=\"height: 10px;\"><\/div>\n<figure id=\"attachment_31292\" aria-describedby=\"caption-attachment-31292\" style=\"width: 400px\" class=\"wp-caption alignnone\"><a href=\"http:\/\/www.wwwagner.tv\/wp-content\/uploads\/20150404_Buzzing_Polizei_400-1.jpg\"><img loading=\"lazy\" decoding=\"async\" src=\"http:\/\/www.wwwagner.tv\/wp-content\/uploads\/20150404_Buzzing_Polizei_400-1.jpg\" alt=\"Schwerbewaffnete Polizei in der Favela\" width=\"400\" height=\"267\" class=\"size-full wp-image-31292\" srcset=\"https:\/\/www.wwwagner.tv\/wp-content\/uploads\/20150404_Buzzing_Polizei_400-1.jpg 400w, https:\/\/www.wwwagner.tv\/wp-content\/uploads\/20150404_Buzzing_Polizei_400-1-300x200.jpg 300w\" sizes=\"auto, (max-width: 400px) 100vw, 400px\" \/><\/a><figcaption id=\"caption-attachment-31292\" class=\"wp-caption-text\">Schwerbewaffnete Polizei in der Favela<\/figcaption><\/figure>\n<div style=\"height: 10px;\"><\/div>\n<div class=\"BorlabsCookie\"><div class=\"_brlbs-content-blocker\"> <div class=\"_brlbs-embed _brlbs-video-youtube\"> <img class=\"_brlbs-thumbnail\" src=\"https:\/\/www.wwwagner.tv\/wp-content\/plugins\/borlabs-cookie\/images\/cb-no-thumbnail.png\" alt=\"YouTube\"> <div class=\"_brlbs-caption\"> <p>Mit dem Laden des Videos akzeptieren Sie die Datenschutzerkl\u00e4rung von YouTube.<br><a href=\"https:\/\/policies.google.com\/privacy\" target=\"_blank\" rel=\"nofollow noopener noreferrer\">Mehr erfahren<\/a><\/p> <p><a class=\"_brlbs-btn _brlbs-icon-play-white\" href=\"#\" data-borlabs-cookie-unblock role=\"button\">Video laden<\/a><\/p> <p><label><input type=\"checkbox\" name=\"unblockAll\" value=\"1\" checked> <small>YouTube immer entsperren<\/small><\/label><\/p> <\/div> <\/div> <\/div><div class=\"borlabs-hide\" data-borlabs-cookie-type=\"content-blocker\" data-borlabs-cookie-id=\"youtube\"><script type=\"text\/template\">PHA+PGlmcmFtZSBsb2FkaW5nPSJsYXp5IiB3aWR0aD0iNDAwIiBoZWlnaHQ9IjIyNSIgc3JjPSJodHRwczovL3d3dy55b3V0dWJlLW5vY29va2llLmNvbS9lbWJlZC9WaHhlRzEtREVPQT9yZWw9MCZhbXA7c2hvd2luZm89MCIgZnJhbWVib3JkZXI9IjAiIGFsbG93ZnVsbHNjcmVlbj48L2lmcmFtZT4=<\/script><\/div><\/div><br \/>\nBlackyva &#8211; Dilig\u00eancia<\/p>\n<div style=\"height:1\n0px;\"><\/div>\n<hr \/>\n<p>(Fotos: \u00a9 Buzzing Cities Lab.)<\/p>\n<div style=\"height: 5px;\"><\/div>\n<p><html><br \/>\n     <head><\/p>\n<style type=\"text\/css\">\n       body {\n                     background: #DADADA;\n       }\n      <\/style>\n<p>     <\/head><br \/>\n     <body><br \/>\n<\/body><br \/>\n    <\/html><br \/>\n<script src=\"https:\/\/apis.google.com\/js\/plusone.js\" type=\"text\/javascript\">\/\/ < ![CDATA[ {lang: 'de'} \/\/ ]]><\/script><br \/>\n<script src=\"http:\/\/twittercounter.com\/embed\/?username=medienmagazin&amp;style=avatar\" type=\"text\/javascript\"><\/script><\/p>\n<p><noscript><a href=\"http:\/\/twittercounter.com\/medienmagazin\">medienmagazin on Twitter Counter<\/a><\/noscript><\/p>\n","protected":false},"excerpt":{"rendered":"<p>Vor den Gro\u00dfereignissen sollten Rios Favelas mit Polizeipr\u00e4senz befriedet werden \u2014 doch in gr\u00f6\u00dferen Favelas wie Rocinha oder Complexo do Alemao eskaliert im Olympiajahr die Gewalt. F\u00fcr Favelabewohner verwandeln sich Smartphones und soziale Netzwerke in wichtige Waffen: sie machen sichtbar, was in der Favela passiert, prangern Polizeigewalt an und warnen sich gegenseitig vor Schie\u00dfereien in [&hellip;]<\/p>\n","protected":false},"author":2,"featured_media":0,"comment_status":"open","ping_status":"open","sticky":false,"template":"","format":"standard","meta":{"_monsterinsights_skip_tracking":false,"_monsterinsights_sitenote_active":false,"_monsterinsights_sitenote_note":"","_monsterinsights_sitenote_category":0,"footnotes":""},"categories":[17],"tags":[676,391,677],"class_list":["post-31284","post","type-post","status-publish","format-standard","hentry","category-aktuell","tag-favela","tag-olympia","tag-rio-de-janeiro"],"_links":{"self":[{"href":"https:\/\/www.wwwagner.tv\/index.php?rest_route=\/wp\/v2\/posts\/31284","targetHints":{"allow":["GET"]}}],"collection":[{"href":"https:\/\/www.wwwagner.tv\/index.php?rest_route=\/wp\/v2\/posts"}],"about":[{"href":"https:\/\/www.wwwagner.tv\/index.php?rest_route=\/wp\/v2\/types\/post"}],"author":[{"embeddable":true,"href":"https:\/\/www.wwwagner.tv\/index.php?rest_route=\/wp\/v2\/users\/2"}],"replies":[{"embeddable":true,"href":"https:\/\/www.wwwagner.tv\/index.php?rest_route=%2Fwp%2Fv2%2Fcomments&post=31284"}],"version-history":[{"count":18,"href":"https:\/\/www.wwwagner.tv\/index.php?rest_route=\/wp\/v2\/posts\/31284\/revisions"}],"predecessor-version":[{"id":38474,"href":"https:\/\/www.wwwagner.tv\/index.php?rest_route=\/wp\/v2\/posts\/31284\/revisions\/38474"}],"wp:attachment":[{"href":"https:\/\/www.wwwagner.tv\/index.php?rest_route=%2Fwp%2Fv2%2Fmedia&parent=31284"}],"wp:term":[{"taxonomy":"category","embeddable":true,"href":"https:\/\/www.wwwagner.tv\/index.php?rest_route=%2Fwp%2Fv2%2Fcategories&post=31284"},{"taxonomy":"post_tag","embeddable":true,"href":"https:\/\/www.wwwagner.tv\/index.php?rest_route=%2Fwp%2Fv2%2Ftags&post=31284"}],"curies":[{"name":"wp","href":"https:\/\/api.w.org\/{rel}","templated":true}]}}