{"id":34923,"date":"2017-03-08T17:25:17","date_gmt":"2017-03-08T16:25:17","guid":{"rendered":"http:\/\/www.wwwagner.tv\/?p=34923"},"modified":"2017-04-21T15:15:26","modified_gmt":"2017-04-21T14:15:26","slug":"gefangen-in-der-echokammer-politische-meinungsbildung-auf-facebook","status":"publish","type":"post","link":"https:\/\/www.wwwagner.tv\/?p=34923","title":{"rendered":"Gefangen in der Echokammer? Politische Meinungsbildung auf Facebook"},"content":{"rendered":"<figure id=\"attachment_34924\" aria-describedby=\"caption-attachment-34924\" style=\"width: 1100px\" class=\"wp-caption alignnone\"><a href=\"http:\/\/www.wwwagner.tv\/wp-content\/uploads\/20170308_DSC1097_stark_brigitte_1100-x-575.jpg\"><img loading=\"lazy\" decoding=\"async\" src=\"http:\/\/www.wwwagner.tv\/wp-content\/uploads\/20170308_DSC1097_stark_brigitte_1100-x-575.jpg\" alt=\"Prof. Dr. Birgit Stark w\u00e4hrend ihres Vortrages | Foto: \u00a9 J\u00f6rg Wagner\" width=\"1100\" height=\"575\" class=\"size-full wp-image-34924\" srcset=\"https:\/\/www.wwwagner.tv\/wp-content\/uploads\/20170308_DSC1097_stark_brigitte_1100-x-575.jpg 1100w, https:\/\/www.wwwagner.tv\/wp-content\/uploads\/20170308_DSC1097_stark_brigitte_1100-x-575-300x157.jpg 300w, https:\/\/www.wwwagner.tv\/wp-content\/uploads\/20170308_DSC1097_stark_brigitte_1100-x-575-768x401.jpg 768w, https:\/\/www.wwwagner.tv\/wp-content\/uploads\/20170308_DSC1097_stark_brigitte_1100-x-575-1024x535.jpg 1024w\" sizes=\"auto, (max-width: 1100px) 100vw, 1100px\" \/><\/a><figcaption id=\"caption-attachment-34924\" class=\"wp-caption-text\">Prof. Dr. Birgit Stark w\u00e4hrend ihres Vortrages | Foto: \u00a9 J\u00f6rg Wagner<\/figcaption><\/figure>\n<div style=\"height: 30px;\"><\/div>\n <audio   controls > <source src=\"http:\/\/www.wwwagner.tv\/audio\/20170308_stark_birgit_vortrag.mp3\" type='audio\/mpeg' \/> <object   type=\"application\/x-shockwave-flash\"  data=\"https:\/\/www.wwwagner.tv\/wp-content\/plugins\/wphtml5player\/inc\/flowplayer.swf\"  width=\"400\"  height=\"30\"> <param name=\"movie\" value='https:\/\/www.wwwagner.tv\/wp-content\/plugins\/wphtml5player\/inc\/flowplayer.swf' \/><param name=\"allowfullscreen\" value='false' \/><param name=\"cachebusting\" value='true' \/><param name=\"bgcolor\" value='#000000' \/><param name=\"flashvars\" value='config={\"plugins\":{\"controls\":{\"height\":30,\"autoHide\":false,\"fullscreen\":false}},\"clip\":{\"autoPlay\":false,\"url\":\"http:\\\/\\\/www.wwwagner.tv\\\/audio\\\/20170308_stark_birgit_vortrag.mp3\"},\"playlist\":[{\"autoPlay\":false,\"url\":\"http:\\\/\\\/www.wwwagner.tv\\\/audio\\\/20170308_stark_birgit_vortrag.mp3\"}],\"play\":{\"opacity\":0}}' \/>  No audio playback capabilities, please download the audio below<br \/><strong>Download Audio:<\/strong> Closed Format: <a href=\"http:\/\/www.wwwagner.tv\/audio\/20170308_stark_birgit_vortrag.mp3\">MP3<\/a> <\/object> <!-- Generated by HTML5 Multimedia Framework (http:\/\/code.google.com\/p\/html5videoplayer) --> <\/audio>  \n<div style=\"height: 10px;\"><\/div>\n<p><u>Wer<\/u>: (in der Reihenfolge ihres Auftritts)<br \/>\n* Inka Schneider, Journalistin (Moderation)<br \/>\n* Prof. Dr. Birgit Stark, Professorin f\u00fcr Kommunikationswissenschaft am Institut f\u00fcr Publizistik an der Johannes-Gutenberg-Universit\u00e4t Mainz<br \/>\n* Dr. Jan-Hinrik Schmidt, Wissenschaftlicher Referent am Hans-Bredow-Institut f\u00fcr Medienforschung an der Universit\u00e4t Hamburg<br \/>\n<u>Was<\/u>: Vortrag zur Tagebuchstudie &#8222;Gefangen in der Echokammer? Politische Meinungsbildung auf Facebook&#8220; w\u00e4hrend der <a href=\"http:\/\/www.die-medienanstalten.de\/service\/veranstaltungen\/intermediaere-17.html\" target=\"_blank\">Veranstaltung<\/a> &#8222;Ganz meine Meinung? &#8211; Politische Meinungsbildung in sozialen Netzwerken&#8220; der Medienanstalten in Kooperation mit der LfM und Fragerunde<br \/>\n<u>Wo<\/u>: Deutsche Kinemathek, Berlin<br \/>\n<u>Wann<\/u>: 08.03.2017, ca. 17:25 Uhr<\/p>\n<div style=\"height: 10px;\"><\/div>\n<p><u>Vgl<\/u>.:<br \/>\n* <a href=\"http:\/\/bit.ly\/2nsogMh\" target=\"_blank\">Diskussion<\/a> &#8222;Vielfalt sichern und Aufsicht neu denken.&#8220;<br \/>\n* <a href=\"http:\/\/bit.ly\/2noILt9\" target=\"_blank\">Interview<\/a> mit Prof. Dr. Birgit Stark<br \/>\n* <a href=\"http:\/\/bit.ly\/2mVhDUK\" target=\"_blank\">Interview<\/a> mit Dr. Jan-Hinrik Schmidt<\/p>\n<div style=\"height: 10px;\"><\/div>\n<p><a href=\"http:\/\/www.wwwagner.tv\/wp-content\/uploads\/20170308_DSC1102_k_600-x-443.jpg\"><img loading=\"lazy\" decoding=\"async\" src=\"http:\/\/www.wwwagner.tv\/wp-content\/uploads\/20170308_DSC1102_k_600-x-443.jpg\" alt=\"\" width=\"600\" height=\"443\" class=\"alignnone size-full wp-image-34932\" srcset=\"https:\/\/www.wwwagner.tv\/wp-content\/uploads\/20170308_DSC1102_k_600-x-443.jpg 600w, https:\/\/www.wwwagner.tv\/wp-content\/uploads\/20170308_DSC1102_k_600-x-443-300x222.jpg 300w\" sizes=\"auto, (max-width: 600px) 100vw, 600px\" \/><\/a><\/p>\n<div style=\"height: 10px;\"><\/div>\n<hr \/>\n<div style=\"height: 5px;\"><\/div>\n<p><html><br \/>\n     <head><\/p>\n<style type=\"text\/css\">\n       body {\n                     background: #DADADA;\n       }\n      <\/style>\n<p>     <\/head><br \/>\n     <body><br \/>\n<\/body><br \/>\n    <\/html><br \/>\n<script src=\"https:\/\/apis.google.com\/js\/plusone.js\" type=\"text\/javascript\">\/\/ < ![CDATA[ {lang: 'de'} \/\/ ]]><\/script><br \/>\n<script src=\"http:\/\/twittercounter.com\/embed\/?username=medienmagazin&amp;style=avatar\" type=\"text\/javascript\"><\/script><\/p>\n<p><noscript><a href=\"http:\/\/twittercounter.com\/medienmagazin\">medienmagazin on Twitter Counter<\/a><\/noscript><\/p>\n","protected":false},"excerpt":{"rendered":"<p>No audio playback capabilities, please download the audio belowDownload Audio: Closed Format: MP3 Wer: (in der Reihenfolge ihres Auftritts) * Inka Schneider, Journalistin (Moderation) * Prof. Dr. Birgit Stark, Professorin f\u00fcr Kommunikationswissenschaft am Institut f\u00fcr Publizistik an der Johannes-Gutenberg-Universit\u00e4t Mainz * Dr. Jan-Hinrik Schmidt, Wissenschaftlicher Referent am Hans-Bredow-Institut f\u00fcr Medienforschung an der Universit\u00e4t Hamburg Was: [&hellip;]<\/p>\n","protected":false},"author":2,"featured_media":0,"comment_status":"open","ping_status":"open","sticky":false,"template":"","format":"standard","meta":{"_monsterinsights_skip_tracking":false,"_monsterinsights_sitenote_active":false,"_monsterinsights_sitenote_note":"","_monsterinsights_sitenote_category":0,"footnotes":""},"categories":[53],"tags":[742,203,743],"class_list":["post-34923","post","type-post","status-publish","format-standard","hentry","category-dokument","tag-echokammer","tag-facebook","tag-filterblase"],"_links":{"self":[{"href":"https:\/\/www.wwwagner.tv\/index.php?rest_route=\/wp\/v2\/posts\/34923","targetHints":{"allow":["GET"]}}],"collection":[{"href":"https:\/\/www.wwwagner.tv\/index.php?rest_route=\/wp\/v2\/posts"}],"about":[{"href":"https:\/\/www.wwwagner.tv\/index.php?rest_route=\/wp\/v2\/types\/post"}],"author":[{"embeddable":true,"href":"https:\/\/www.wwwagner.tv\/index.php?rest_route=\/wp\/v2\/users\/2"}],"replies":[{"embeddable":true,"href":"https:\/\/www.wwwagner.tv\/index.php?rest_route=%2Fwp%2Fv2%2Fcomments&post=34923"}],"version-history":[{"count":14,"href":"https:\/\/www.wwwagner.tv\/index.php?rest_route=\/wp\/v2\/posts\/34923\/revisions"}],"predecessor-version":[{"id":35745,"href":"https:\/\/www.wwwagner.tv\/index.php?rest_route=\/wp\/v2\/posts\/34923\/revisions\/35745"}],"wp:attachment":[{"href":"https:\/\/www.wwwagner.tv\/index.php?rest_route=%2Fwp%2Fv2%2Fmedia&parent=34923"}],"wp:term":[{"taxonomy":"category","embeddable":true,"href":"https:\/\/www.wwwagner.tv\/index.php?rest_route=%2Fwp%2Fv2%2Fcategories&post=34923"},{"taxonomy":"post_tag","embeddable":true,"href":"https:\/\/www.wwwagner.tv\/index.php?rest_route=%2Fwp%2Fv2%2Ftags&post=34923"}],"curies":[{"name":"wp","href":"https:\/\/api.w.org\/{rel}","templated":true}]}}