{"id":34990,"date":"2017-03-11T18:05:32","date_gmt":"2017-03-11T17:05:32","guid":{"rendered":"http:\/\/www.wwwagner.tv\/?p=34990"},"modified":"2017-03-15T00:05:36","modified_gmt":"2017-03-14T23:05:36","slug":"medienmagazin-vom-11-03-2017","status":"publish","type":"post","link":"https:\/\/www.wwwagner.tv\/?p=34990","title":{"rendered":"Medienmagazin vom 11.03.2017"},"content":{"rendered":"<div style=\"height: 30px;\"><\/div>\n<p>Gesamt-PodCast:<\/p>\n<div style=\"height: 10px;\"><\/div>\n<p> <audio   controls > <source src=\"http:\/\/media-stream-pmd.rbb-online.de\/content\/1e2efbc4-630a-4c82-909a-64e3f2c71813_e560af6c-4993-47e1-8970-0511c77c2c63.mp3\" type='audio\/mpeg' \/> <object   type=\"application\/x-shockwave-flash\"  data=\"https:\/\/www.wwwagner.tv\/wp-content\/plugins\/wphtml5player\/inc\/flowplayer.swf\"  width=\"400\"  height=\"30\"> <param name=\"movie\" value='https:\/\/www.wwwagner.tv\/wp-content\/plugins\/wphtml5player\/inc\/flowplayer.swf' \/><param name=\"allowfullscreen\" value='false' \/><param name=\"cachebusting\" value='true' \/><param name=\"bgcolor\" value='#000000' \/><param name=\"flashvars\" value='config={\"plugins\":{\"controls\":{\"height\":30,\"autoHide\":false,\"fullscreen\":false}},\"clip\":{\"autoPlay\":false,\"url\":\"http:\\\/\\\/media-stream-pmd.rbb-online.de\\\/content\\\/1e2efbc4-630a-4c82-909a-64e3f2c71813_e560af6c-4993-47e1-8970-0511c77c2c63.mp3\"},\"playlist\":[{\"autoPlay\":false,\"url\":\"http:\\\/\\\/media-stream-pmd.rbb-online.de\\\/content\\\/1e2efbc4-630a-4c82-909a-64e3f2c71813_e560af6c-4993-47e1-8970-0511c77c2c63.mp3\"}],\"play\":{\"opacity\":0}}' \/>  No audio playback capabilities, please download the audio below<br \/><strong>Download Audio:<\/strong> Closed Format: <a href=\"http:\/\/media-stream-pmd.rbb-online.de\/content\/1e2efbc4-630a-4c82-909a-64e3f2c71813_e560af6c-4993-47e1-8970-0511c77c2c63.mp3\">MP3<\/a> <\/object> <!-- Generated by HTML5 Multimedia Framework (http:\/\/code.google.com\/p\/html5videoplayer) --> <\/audio>  <br \/>\n<a href=\"http:\/\/media-stream-pmd.rbb-online.de\/content\/1e2efbc4-630a-4c82-909a-64e3f2c71813_e560af6c-4993-47e1-8970-0511c77c2c63.mp3\" target=\"_blank\">Download<\/a><span style=\"color: #666666;\"> (verlinkte Audio-Quelle: rbb, radioeins)<\/span><\/p>\n<div style=\"height: 30px;\"><\/div>\n<p>[00:00] INTRO: Fake News | [01:47] <a href=\"http:\/\/bit.ly\/2lXVENG\" target=\"_blank\">Mit \u201cFact Fox\u201d gegen \u201cFake News\u201d<\/a> | [12:06] Dr. <a href=\"http:\/\/bit.ly\/2nC8I7G\" target=\"_blank\">Mathias Doepfner<\/a> zu Fake News | [15:47] Dr. <a href=\"http:\/\/bit.ly\/2mVhDUK\" target=\"_blank\">Jan-Hinrik Schmidt<\/a> zur Relevanz der Intermediaere | [19:28] Prof. Dr. <a href=\"http:\/\/bit.ly\/2noILt9\" target=\"_blank\">Birgit Stark<\/a> zu Echokammern und Filterblasen | [26:19] ARTE-Reportage-Offensive Re:| [36:32] Bonus: <a href=\"http:\/\/bit.ly\/2lRJUfG\" target=\"_blank\">Sandra Maischberger<\/a> | [40:08] <a href=\"http:\/\/bit.ly\/2lRJjKR\" target=\"_blank\">Wolfgang Bergmann<\/a> | [54:55] Vortrag: <a href=\"http:\/\/bit.ly\/2mdb2Sn\" target=\"_blank\">&#8222;Gefangen in der Echokammer?&#8220;<\/a><\/p>\n<div style=\"height: 50px;\"><\/div>\n<hr \/>\n<p><u>INTRO: Springer \u00fcber Fake News<\/u><br \/>\nDr. Mathias D\u00f6pfner, Vorstandsvorsitzender der Axel Springer SE<br \/>\nO-Ton von der Bilanz-Pressekonferenz (09.03.2017)<\/p>\n<p><u>1. Mit \u201cFact Fox\u201d gegen \u201cFake News\u201d: ARD und ZDF r\u00fcsten bei Online-Recherche auf<\/u><br \/>\n<a href=\"http:\/\/bit.ly\/2lXVENG\" target=\"_blank\">Studiogespr\u00e4ch<\/a> mit O-T\u00f6nen von:<br \/>\n* Dr. Peter Frey, Chefredakteur ZDF<br \/>\n* Stefan Primbs, Projektteam \u201cBR Verifikation\u201d<br \/>\n* Gudrun Riedl, Redaktionsleitung \u201cBR24\u201d und Entwicklerin \u201cFact Fox\u201d<br \/>\nAutor: Daniel Bouhs<br \/>\n* Dr. <a href=\"http:\/\/bit.ly\/2nC8I7G\" target=\"_blank\">Mathias D\u00f6pfner<\/a>, Vorstandsvorsitzender der Axel Springer SE zu Fake News<\/p>\n<p><u>2. Von Filterblasen und Echokammern<\/u><br \/>\nInterviews zu neuen Studien mit:<br \/>\n* Dr. <a href=\"http:\/\/bit.ly\/2mVhDUK\" target=\"_blank\">Jan-Hinrik Schmidt<\/a>, Wissenschaftlicher Referent am Hans-Bredow-Institut f\u00fcr Medienforschung an der Universit\u00e4t Hamburg<br \/>\n* Prof. Dr. <a href=\"http:\/\/bit.ly\/2noILt9\" target=\"_blank\">Birgit Stark<\/a>, Professorin f\u00fcr Kommunikationswissenschaft am Institut f\u00fcr Publizistik an der Johannes-Gutenberg-Universit\u00e4t Mainz <\/p>\n<p><u>3. ARTE mit mehr Re:levanz durch mehr Re:portagen unter dem Label Re:<\/u><br \/>\nARTE verst\u00e4rkt im Umfeld seines 25. Geburtstags (30.05.1992) mit einem einstelligen Millionenbudget deutlich sein Reportageangebot. Ab 13.03.2017 wird werkt\u00e4glich immer um 19:45 Uhr eine halbst\u00fcndige, aktuelle Reportage unter dem Label &#8222;Re:\u201c \u00fcber das Leben und den Alltag der Menschen in Europa gesendet. Zwischen \u201eheute&#8220; und \u201eTagesschau\u201c und der eigenen Nachrichtensendung ARTE Journal, die mit R\u00fccksicht auf das ZDF extra auf 19:20 Uhr verschoben wird, will man auf arte-Art eine Offensive gegen Fake News und alternative Fakten starten. Allein 2017 werden 160 aktuelle Reportagen gesendet. Das bedeutet f\u00fcr die Filmteams im Durchschnitt maximal zwei Wochen Produktionszeit. T\u00e4glich wird es dazu eine redaktionelle Begleitung auf Facebook (auch live moderiert) und twitter geben.<br \/>\nStatements\/ Interview-O-T\u00f6ne:<br \/>\n* Trailer<br \/>\n* <a href=\"http:\/\/bit.ly\/2mBz8J2\" target=\"_blank\">Tita von Hardenberg<\/a>, Produzentin der ersten Reportage &#8222;Re: Die Niederlande vor der Wahl\u201c, Kobalt Productions GmbH<br \/>\n* <a href=\"http:\/\/bit.ly\/2lTEjp5\" target=\"_blank\">Jonas Schlatterbeck<\/a>, Redaktionsleiter Social Media f\u00fcr arte Re: bei ZDF Digital<\/p>\n<p>Re: bei facebook \u2014> <a href=\"https:\/\/www.facebook.com\/REbyARTE\" target=\"_blank\">https:\/\/www.facebook.com\/REbyARTE<\/a><br \/>\nRe: bei twitter \u2014> <a href=\"https:\/\/twitter.com\/ARTEre?lang=de\" target=\"_blank\">https:\/\/twitter.com\/ARTEre?lang=de<\/a><\/p>\n<p>+++<br \/>\n<u>PodCast-Bonus<\/u>:<br \/>\nInterviews zu ARTE Re: mit:<br \/>\n* <a href=\"http:\/\/bit.ly\/2lRJUfG\" target=\"_blank\">Sandra Maischberger<\/a>, Produzentin Vincent Television GmbH<br \/>\n* <a href=\"http:\/\/bit.ly\/2lRJjKR\" target=\"_blank\">Wolfgang Bergmann<\/a>, ARTE Deutschland-Gesch\u00e4ftsf\u00fchrer und ZDF-Koordinator<\/p>\n<p>* <a href=\"http:\/\/bit.ly\/2mdb2Sn\" target=\"_blank\">Vortrag<\/a> \u201eGefangen in der Echokammer? Politische Meinungsbildung auf Facebook\u201c w\u00e4hrend der Veranstaltung \u201eGanz meine Meinung? \u2013 Politische Meinungsbildung in sozialen Netzwerken\u201c der Medienanstalten in Kooperation mit der LfM und Fragerunde, Prof. Dr. Birgit Stark, Professorin f\u00fcr Kommunikationswissenschaft am Institut f\u00fcr Publizistik an der Johannes-Gutenberg-Universit\u00e4t Mainz<\/p>\n<div style=\"height: 10px;\"><\/div>\n<blockquote class=\"twitter-tweet\" data-lang=\"de\">\n<p lang=\"de\" dir=\"ltr\">SecondLoudspeaker zum <a href=\"https:\/\/twitter.com\/hashtag\/r1MM?src=hash\">#r1MM<\/a>. Vortrag von Prof. Birgit Stark \u00fcber eine Studie zu Echokammern und Filterblasen \u2014&gt; <a href=\"https:\/\/t.co\/Ia65mqCIUg\">https:\/\/t.co\/Ia65mqCIUg<\/a> | <a href=\"https:\/\/t.co\/hZcnglWvb0\">pic.twitter.com\/hZcnglWvb0<\/a><\/p>\n<p>&mdash; medienmagazin (@medienmagazin) <a href=\"https:\/\/twitter.com\/medienmagazin\/status\/840615306393411584\">11. M\u00e4rz 2017<\/a><\/p><\/blockquote>\n<p><script async src=\"\/\/platform.twitter.com\/widgets.js\" charset=\"utf-8\"><\/script><\/p>\n<blockquote class=\"twitter-tweet\" data-lang=\"de\">\n<p lang=\"de\" dir=\"ltr\">SecondScreen: Zur Relevanz von Online-Intermedi\u00e4ren f\u00fcr die Meinungsbildung, Hans-Bredow-Institut, M\u00e4rz 2017: \u2014&gt; <a href=\"https:\/\/t.co\/Pli446q0Hv\">https:\/\/t.co\/Pli446q0Hv<\/a><\/p>\n<p>&mdash; medienmagazin (@medienmagazin) <a href=\"https:\/\/twitter.com\/medienmagazin\/status\/840615699731091457\">11. M\u00e4rz 2017<\/a><\/p><\/blockquote>\n<p><script async src=\"\/\/platform.twitter.com\/widgets.js\" charset=\"utf-8\"><\/script><\/p>\n<blockquote class=\"twitter-tweet\" data-lang=\"de\">\n<p lang=\"de\" dir=\"ltr\">H\u00f6r-Tipp: <a href=\"https:\/\/twitter.com\/medienmagazin\">@medienmagazin<\/a> von <a href=\"https:\/\/twitter.com\/radioeins\">@radioeins<\/a> \u00fcber die schleppende <a href=\"https:\/\/twitter.com\/hashtag\/Fakenews?src=hash\">#Fakenews<\/a>-Jagd bei <a href=\"https:\/\/twitter.com\/hashtag\/Facebook?src=hash\">#Facebook<\/a>. <a href=\"https:\/\/t.co\/C2pdE7AYmK\">https:\/\/t.co\/C2pdE7AYmK<\/a> <a href=\"https:\/\/t.co\/mWlL1MjGBe\">pic.twitter.com\/mWlL1MjGBe<\/a><\/p>\n<p>&mdash; turi2 (@turi2) <a href=\"https:\/\/twitter.com\/turi2\/status\/841202290757369857\">13. M\u00e4rz 2017<\/a><\/p><\/blockquote>\n<p><script async src=\"\/\/platform.twitter.com\/widgets.js\" charset=\"utf-8\"><\/script><\/p>\n<hr \/>\n<div style=\"height: 5px;\"><\/div>\n<p><html><br \/>\n     <head><\/p>\n<style type=\"text\/css\">\n       body {\n                     background: #DADADA;\n       }\n      <\/style>\n<p>     <\/head><br \/>\n     <body><br \/>\n<\/body><br \/>\n    <\/html><br \/>\n<script src=\"https:\/\/apis.google.com\/js\/plusone.js\" type=\"text\/javascript\">\/\/ < ![CDATA[ {lang: 'de'} \/\/ ]]><\/script><br \/>\n<script src=\"http:\/\/twittercounter.com\/embed\/?username=medienmagazin&amp;style=avatar\" type=\"text\/javascript\"><\/script><\/p>\n<p><noscript><a href=\"http:\/\/twittercounter.com\/medienmagazin\">medienmagazin on Twitter Counter<\/a><\/noscript><\/p>\n","protected":false},"excerpt":{"rendered":"<p>Gesamt-PodCast: No audio playback capabilities, please download the audio belowDownload Audio: Closed Format: MP3 Download (verlinkte Audio-Quelle: rbb, radioeins) [00:00] INTRO: Fake News | [01:47] Mit \u201cFact Fox\u201d gegen \u201cFake News\u201d | [12:06] Dr. Mathias Doepfner zu Fake News | [15:47] Dr. Jan-Hinrik Schmidt zur Relevanz der Intermediaere | [19:28] Prof. Dr. Birgit Stark zu [&hellip;]<\/p>\n","protected":false},"author":2,"featured_media":32866,"comment_status":"open","ping_status":"open","sticky":false,"template":"","format":"standard","meta":{"_monsterinsights_skip_tracking":false,"_monsterinsights_sitenote_active":false,"_monsterinsights_sitenote_note":"","_monsterinsights_sitenote_category":0,"footnotes":""},"categories":[4],"tags":[311,742,722,737,743],"class_list":["post-34990","post","type-post","status-publish","format-standard","has-post-thumbnail","hentry","category-medienmagazin","tag-arte","tag-echokammer","tag-fakenews","tag-faktenchecking","tag-filterblase"],"_links":{"self":[{"href":"https:\/\/www.wwwagner.tv\/index.php?rest_route=\/wp\/v2\/posts\/34990","targetHints":{"allow":["GET"]}}],"collection":[{"href":"https:\/\/www.wwwagner.tv\/index.php?rest_route=\/wp\/v2\/posts"}],"about":[{"href":"https:\/\/www.wwwagner.tv\/index.php?rest_route=\/wp\/v2\/types\/post"}],"author":[{"embeddable":true,"href":"https:\/\/www.wwwagner.tv\/index.php?rest_route=\/wp\/v2\/users\/2"}],"replies":[{"embeddable":true,"href":"https:\/\/www.wwwagner.tv\/index.php?rest_route=%2Fwp%2Fv2%2Fcomments&post=34990"}],"version-history":[{"count":26,"href":"https:\/\/www.wwwagner.tv\/index.php?rest_route=\/wp\/v2\/posts\/34990\/revisions"}],"predecessor-version":[{"id":35140,"href":"https:\/\/www.wwwagner.tv\/index.php?rest_route=\/wp\/v2\/posts\/34990\/revisions\/35140"}],"wp:featuredmedia":[{"embeddable":true,"href":"https:\/\/www.wwwagner.tv\/index.php?rest_route=\/wp\/v2\/media\/32866"}],"wp:attachment":[{"href":"https:\/\/www.wwwagner.tv\/index.php?rest_route=%2Fwp%2Fv2%2Fmedia&parent=34990"}],"wp:term":[{"taxonomy":"category","embeddable":true,"href":"https:\/\/www.wwwagner.tv\/index.php?rest_route=%2Fwp%2Fv2%2Fcategories&post=34990"},{"taxonomy":"post_tag","embeddable":true,"href":"https:\/\/www.wwwagner.tv\/index.php?rest_route=%2Fwp%2Fv2%2Ftags&post=34990"}],"curies":[{"name":"wp","href":"https:\/\/api.w.org\/{rel}","templated":true}]}}