{"id":35455,"date":"2017-03-29T00:41:08","date_gmt":"2017-03-28T23:41:08","guid":{"rendered":"http:\/\/www.wwwagner.tv\/?p=35455"},"modified":"2017-04-05T00:45:23","modified_gmt":"2017-04-04T23:45:23","slug":"wolfgang-breuer-zu-dvb-t2-hd","status":"publish","type":"post","link":"https:\/\/www.wwwagner.tv\/?p=35455","title":{"rendered":"Wolfgang Breuer zu DVB-T2 HD"},"content":{"rendered":"<div style=\"height:10px;\"><\/div>\n<figure id=\"attachment_35456\" aria-describedby=\"caption-attachment-35456\" style=\"width: 1100px\" class=\"wp-caption alignnone\"><a href=\"http:\/\/www.wwwagner.tv\/wp-content\/uploads\/20170329_breuer_wolfgang_mS_1100-x-546.jpg\"><img loading=\"lazy\" decoding=\"async\" src=\"http:\/\/www.wwwagner.tv\/wp-content\/uploads\/20170329_breuer_wolfgang_mS_1100-x-546.jpg\" alt=\"Wolfgang Breuer bei der Umschaltungsparty f\u00fcr DVB-T2 HD | Fotos: \u00a9 J\u00f6rg Wagner\" width=\"1100\" height=\"546\" class=\"size-full wp-image-35456\" srcset=\"https:\/\/www.wwwagner.tv\/wp-content\/uploads\/20170329_breuer_wolfgang_mS_1100-x-546.jpg 1100w, https:\/\/www.wwwagner.tv\/wp-content\/uploads\/20170329_breuer_wolfgang_mS_1100-x-546-300x149.jpg 300w, https:\/\/www.wwwagner.tv\/wp-content\/uploads\/20170329_breuer_wolfgang_mS_1100-x-546-768x381.jpg 768w, https:\/\/www.wwwagner.tv\/wp-content\/uploads\/20170329_breuer_wolfgang_mS_1100-x-546-1024x508.jpg 1024w\" sizes=\"auto, (max-width: 1100px) 100vw, 1100px\" \/><\/a><figcaption id=\"caption-attachment-35456\" class=\"wp-caption-text\">Wolfgang Breuer bei der Umschaltungsparty f\u00fcr DVB-T2 HD | Fotos: \u00a9 J\u00f6rg Wagner<\/figcaption><\/figure>\n<div style=\"height: 20px;\"><\/div>\n <audio   controls > <source src=\"http:\/\/www.wwwagner.tv\/audio\/20170329_0041_breuer_wolfgang_128.mp3\" type='audio\/mpeg' \/> <object   type=\"application\/x-shockwave-flash\"  data=\"https:\/\/www.wwwagner.tv\/wp-content\/plugins\/wphtml5player\/inc\/flowplayer.swf\"  width=\"400\"  height=\"30\"> <param name=\"movie\" value='https:\/\/www.wwwagner.tv\/wp-content\/plugins\/wphtml5player\/inc\/flowplayer.swf' \/><param name=\"allowfullscreen\" value='false' \/><param name=\"cachebusting\" value='true' \/><param name=\"bgcolor\" value='#000000' \/><param name=\"flashvars\" value='config={\"plugins\":{\"controls\":{\"height\":30,\"autoHide\":false,\"fullscreen\":false}},\"clip\":{\"autoPlay\":false,\"url\":\"http:\\\/\\\/www.wwwagner.tv\\\/audio\\\/20170329_0041_breuer_wolfgang_128.mp3\"},\"playlist\":[{\"autoPlay\":false,\"url\":\"http:\\\/\\\/www.wwwagner.tv\\\/audio\\\/20170329_0041_breuer_wolfgang_128.mp3\"}],\"play\":{\"opacity\":0}}' \/>  No audio playback capabilities, please download the audio below<br \/><strong>Download Audio:<\/strong> Closed Format: <a href=\"http:\/\/www.wwwagner.tv\/audio\/20170329_0041_breuer_wolfgang_128.mp3\">MP3<\/a> <\/object> <!-- Generated by HTML5 Multimedia Framework (http:\/\/code.google.com\/p\/html5videoplayer) --> <\/audio>  \n<div style=\"height: 10px;\"><\/div>\n<p><u>Was<\/u>: Interview \u00fcber DVB-T2 HD<br \/>\n<u>Wer<\/u>: Wolfgang Breuer, Gesch\u00e4ftsf\u00fchrer MEDIA BROADCAST<br \/>\n<u>Wo<\/u>: Fernsehturm, Berlin-Alexanderplatz<br \/>\n<u>Wann<\/u>: rec.: 29.03.2017, 00:41 Uhr, ver\u00f6ffentlicht im radioeins-Medienmagazin, rbb vom <a href=\"http:\/\/bit.ly\/2ortAD2\" target=\"_blank\">01.04.2017<\/a>, 18:49 Uhr und in einer gek\u00fcrzten Fassung im rbb-Inforadio am 02.04.2017, 10:44 und 15:24 Uhr<\/p>\n<div style=\"height:10px;\"><\/div>\n<p><u>Vgl<\/u>.: <a href=\"http:\/\/www.media-broadcast.com\/blog\/\" target=\"_blank\">MEDIA BROADCAST BLOG<\/a><br \/>\n<figure id=\"attachment_35466\" aria-describedby=\"caption-attachment-35466\" style=\"width: 600px\" class=\"wp-caption alignnone\"><a href=\"http:\/\/www.wwwagner.tv\/wp-content\/uploads\/20170328-_DSC1400_600.jpg\"><img loading=\"lazy\" decoding=\"async\" src=\"http:\/\/www.wwwagner.tv\/wp-content\/uploads\/20170328-_DSC1400_600.jpg\" alt=\"Caf\u00e9\/Restaurant in 207 Meter H\u00f6he | Foto: \u00a9 J\u00f6rg Wagner\" width=\"600\" height=\"369\" class=\"size-full wp-image-35466\" srcset=\"https:\/\/www.wwwagner.tv\/wp-content\/uploads\/20170328-_DSC1400_600.jpg 600w, https:\/\/www.wwwagner.tv\/wp-content\/uploads\/20170328-_DSC1400_600-300x185.jpg 300w\" sizes=\"auto, (max-width: 600px) 100vw, 600px\" \/><\/a><figcaption id=\"caption-attachment-35466\" class=\"wp-caption-text\">Caf\u00e9\/Restaurant in 207 Meter H\u00f6he | Foto: \u00a9 J\u00f6rg Wagner<\/figcaption><\/figure><br \/>\n<figure id=\"attachment_35464\" aria-describedby=\"caption-attachment-35464\" style=\"width: 600px\" class=\"wp-caption alignnone\"><a href=\"http:\/\/www.wwwagner.tv\/wp-content\/uploads\/20170328-_DSC1379_600.jpg\"><img loading=\"lazy\" decoding=\"async\" src=\"http:\/\/www.wwwagner.tv\/wp-content\/uploads\/20170328-_DSC1379_600.jpg\" alt=\"rbb-Betriebsdirektor Nawid Goudarzi - Moderator Mitri Sirin - Medienjournalistin Vera Lin\u00df | Foto: \u00a9 J\u00f6rg Wagner \" width=\"600\" height=\"379\" class=\"size-full wp-image-35464\" srcset=\"https:\/\/www.wwwagner.tv\/wp-content\/uploads\/20170328-_DSC1379_600.jpg 600w, https:\/\/www.wwwagner.tv\/wp-content\/uploads\/20170328-_DSC1379_600-300x190.jpg 300w\" sizes=\"auto, (max-width: 600px) 100vw, 600px\" \/><\/a><figcaption id=\"caption-attachment-35464\" class=\"wp-caption-text\">rbb-Betriebsdirektor Nawid Goudarzi &#8211; Moderator Mitri Sirin &#8211; Medienjournalistin Vera Lin\u00df | Foto: \u00a9 J\u00f6rg Wagner<\/figcaption><\/figure><br \/>\n<figure id=\"attachment_35461\" aria-describedby=\"caption-attachment-35461\" style=\"width: 600px\" class=\"wp-caption alignnone\"><a href=\"http:\/\/www.wwwagner.tv\/wp-content\/uploads\/20170328-_DSC1349_600.jpg\"><img loading=\"lazy\" decoding=\"async\" src=\"http:\/\/www.wwwagner.tv\/wp-content\/uploads\/20170328-_DSC1349_600.jpg\" alt=\"Aussichtsplattform des Berliner Fernsehturms, 203 Meter H\u00f6he | Foto: \u00a9 J\u00f6rg Wagner\" width=\"600\" height=\"341\" class=\"size-full wp-image-35461\" srcset=\"https:\/\/www.wwwagner.tv\/wp-content\/uploads\/20170328-_DSC1349_600.jpg 600w, https:\/\/www.wwwagner.tv\/wp-content\/uploads\/20170328-_DSC1349_600-300x171.jpg 300w\" sizes=\"auto, (max-width: 600px) 100vw, 600px\" \/><\/a><figcaption id=\"caption-attachment-35461\" class=\"wp-caption-text\">Aussichtsplattform des Berliner Fernsehturms, 203 Meter H\u00f6he | Foto: \u00a9 J\u00f6rg Wagner<\/figcaption><\/figure><br \/>\n<figure id=\"attachment_35462\" aria-describedby=\"caption-attachment-35462\" style=\"width: 600px\" class=\"wp-caption alignnone\"><a href=\"http:\/\/www.wwwagner.tv\/wp-content\/uploads\/20170328-_DSC1352_600.jpg\"><img loading=\"lazy\" decoding=\"async\" src=\"http:\/\/www.wwwagner.tv\/wp-content\/uploads\/20170328-_DSC1352_600.jpg\" alt=\"Blick von der Aussichtsplattform des Fernsehturms auf das Brandenburger Tor | Foto: \u00a9 J\u00f6rg Wagner\" width=\"600\" height=\"263\" class=\"size-full wp-image-35462\" srcset=\"https:\/\/www.wwwagner.tv\/wp-content\/uploads\/20170328-_DSC1352_600.jpg 600w, https:\/\/www.wwwagner.tv\/wp-content\/uploads\/20170328-_DSC1352_600-300x132.jpg 300w\" sizes=\"auto, (max-width: 600px) 100vw, 600px\" \/><\/a><figcaption id=\"caption-attachment-35462\" class=\"wp-caption-text\">Blick von der Aussichtsplattform des Fernsehturms auf das Brandenburger Tor | Foto: \u00a9 J\u00f6rg Wagner<\/figcaption><\/figure><\/p>\n<div style=\"height:10px;\"><\/div>\n<figure id=\"attachment_35420\" aria-describedby=\"caption-attachment-35420\" style=\"width: 1100px\" class=\"wp-caption alignnone\"><a href=\"http:\/\/www.wwwagner.tv\/wp-content\/uploads\/20170328_29_DVBT2-Start_1100-x-550.jpg\"><img loading=\"lazy\" decoding=\"async\" src=\"http:\/\/www.wwwagner.tv\/wp-content\/uploads\/20170328_29_DVBT2-Start_1100-x-550.jpg\" alt=\"Kurz vor dem symbolischen Knopfdruck zum Umschalten auf DVB-T2 HD | Foto: \u00a9 J\u00f6rg Wagner\" width=\"1100\" height=\"550\" class=\"size-full wp-image-35420\" srcset=\"https:\/\/www.wwwagner.tv\/wp-content\/uploads\/20170328_29_DVBT2-Start_1100-x-550.jpg 1100w, https:\/\/www.wwwagner.tv\/wp-content\/uploads\/20170328_29_DVBT2-Start_1100-x-550-300x150.jpg 300w, https:\/\/www.wwwagner.tv\/wp-content\/uploads\/20170328_29_DVBT2-Start_1100-x-550-768x384.jpg 768w, https:\/\/www.wwwagner.tv\/wp-content\/uploads\/20170328_29_DVBT2-Start_1100-x-550-1024x512.jpg 1024w\" sizes=\"auto, (max-width: 1100px) 100vw, 1100px\" \/><\/a><figcaption id=\"caption-attachment-35420\" class=\"wp-caption-text\">Kurz vor dem symbolischen Knopfdruck zum Umschalten auf DVB-T2 HD | Foto: \u00a9 J\u00f6rg Wagner<\/figcaption><\/figure>\n<div style=\"height:10px;\"><\/div>\n<hr \/>\n<div style=\"height: 5px;\"><\/div>\n<p><html><br \/>\n     <head><\/p>\n<style type=\"text\/css\">\n       body {\n                     background: #DADADA;\n       }\n      <\/style>\n<p>     <\/head><br \/>\n     <body><br \/>\n<\/body><br \/>\n    <\/html><br \/>\n<script src=\"https:\/\/apis.google.com\/js\/plusone.js\" type=\"text\/javascript\">\/\/ < ![CDATA[ {lang: 'de'} \/\/ ]]><\/script><br \/>\n<script src=\"http:\/\/twittercounter.com\/embed\/?username=medienmagazin&amp;style=avatar\" type=\"text\/javascript\"><\/script><\/p>\n<p><noscript><a href=\"http:\/\/twittercounter.com\/medienmagazin\">medienmagazin on Twitter Counter<\/a><\/noscript><\/p>\n","protected":false},"excerpt":{"rendered":"<p>No audio playback capabilities, please download the audio belowDownload Audio: Closed Format: MP3 Was: Interview \u00fcber DVB-T2 HD Wer: Wolfgang Breuer, Gesch\u00e4ftsf\u00fchrer MEDIA BROADCAST Wo: Fernsehturm, Berlin-Alexanderplatz Wann: rec.: 29.03.2017, 00:41 Uhr, ver\u00f6ffentlicht im radioeins-Medienmagazin, rbb vom 01.04.2017, 18:49 Uhr und in einer gek\u00fcrzten Fassung im rbb-Inforadio am 02.04.2017, 10:44 und 15:24 Uhr Vgl.: MEDIA [&hellip;]<\/p>\n","protected":false},"author":2,"featured_media":0,"comment_status":"open","ping_status":"open","sticky":false,"template":"","format":"standard","meta":{"_monsterinsights_skip_tracking":false,"footnotes":""},"categories":[17],"tags":[564],"class_list":["post-35455","post","type-post","status-publish","format-standard","hentry","category-aktuell","tag-dvb-t2"],"_links":{"self":[{"href":"https:\/\/www.wwwagner.tv\/index.php?rest_route=\/wp\/v2\/posts\/35455","targetHints":{"allow":["GET"]}}],"collection":[{"href":"https:\/\/www.wwwagner.tv\/index.php?rest_route=\/wp\/v2\/posts"}],"about":[{"href":"https:\/\/www.wwwagner.tv\/index.php?rest_route=\/wp\/v2\/types\/post"}],"author":[{"embeddable":true,"href":"https:\/\/www.wwwagner.tv\/index.php?rest_route=\/wp\/v2\/users\/2"}],"replies":[{"embeddable":true,"href":"https:\/\/www.wwwagner.tv\/index.php?rest_route=%2Fwp%2Fv2%2Fcomments&post=35455"}],"version-history":[{"count":12,"href":"https:\/\/www.wwwagner.tv\/index.php?rest_route=\/wp\/v2\/posts\/35455\/revisions"}],"predecessor-version":[{"id":35478,"href":"https:\/\/www.wwwagner.tv\/index.php?rest_route=\/wp\/v2\/posts\/35455\/revisions\/35478"}],"wp:attachment":[{"href":"https:\/\/www.wwwagner.tv\/index.php?rest_route=%2Fwp%2Fv2%2Fmedia&parent=35455"}],"wp:term":[{"taxonomy":"category","embeddable":true,"href":"https:\/\/www.wwwagner.tv\/index.php?rest_route=%2Fwp%2Fv2%2Fcategories&post=35455"},{"taxonomy":"post_tag","embeddable":true,"href":"https:\/\/www.wwwagner.tv\/index.php?rest_route=%2Fwp%2Fv2%2Ftags&post=35455"}],"curies":[{"name":"wp","href":"https:\/\/api.w.org\/{rel}","templated":true}]}}