{"id":36030,"date":"2017-05-11T19:00:37","date_gmt":"2017-05-11T18:00:37","guid":{"rendered":"http:\/\/www.wwwagner.tv\/?p=36030"},"modified":"2017-05-13T01:26:21","modified_gmt":"2017-05-13T00:26:21","slug":"o%cc%88ffentlich-rechtliche-medien-legitimation-und-verantwortung-in-zeiten-des-medienwandels","status":"publish","type":"post","link":"https:\/\/www.wwwagner.tv\/?p=36030","title":{"rendered":"\u00d6ffentlich-rechtliche Medien &#8211; Legitimation und Verantwortung in Zeiten des Medienwandels"},"content":{"rendered":"<figure id=\"attachment_36031\" aria-describedby=\"caption-attachment-36031\" style=\"width: 1100px\" class=\"wp-caption alignnone\"><a href=\"http:\/\/www.wwwagner.tv\/wp-content\/uploads\/20170511_DSC2936_1100\u2006\u00d7\u2006662.jpg\"><img loading=\"lazy\" decoding=\"async\" src=\"http:\/\/www.wwwagner.tv\/wp-content\/uploads\/20170511_DSC2936_1100\u2006\u00d7\u2006662.jpg\" alt=\"Tabea R\u00f6\u00dfner - Prof. Christoph Bieber - Prof. Dr. Karola Wille - Christian Meier - Bettina Gaus | Foto: \u00a9 J\u00f6rg Wagner\" width=\"1100\" height=\"662\" class=\"size-full wp-image-36031\" srcset=\"https:\/\/www.wwwagner.tv\/wp-content\/uploads\/20170511_DSC2936_1100\u2006\u00d7\u2006662.jpg 1100w, https:\/\/www.wwwagner.tv\/wp-content\/uploads\/20170511_DSC2936_1100\u2006\u00d7\u2006662-300x181.jpg 300w, https:\/\/www.wwwagner.tv\/wp-content\/uploads\/20170511_DSC2936_1100\u2006\u00d7\u2006662-768x462.jpg 768w, https:\/\/www.wwwagner.tv\/wp-content\/uploads\/20170511_DSC2936_1100\u2006\u00d7\u2006662-1024x616.jpg 1024w\" sizes=\"auto, (max-width: 1100px) 100vw, 1100px\" \/><\/a><figcaption id=\"caption-attachment-36031\" class=\"wp-caption-text\">Tabea R\u00f6\u00dfner &#8211; Prof. Christoph Bieber &#8211; Prof. Dr. Karola Wille &#8211; Christian Meier &#8211; Bettina Gaus | Foto: \u00a9 J\u00f6rg Wagner<\/figcaption><\/figure>\n<div style=\"height:10px;\"><\/div>\n<p> <audio   controls > <source src=\"http:\/\/www.wwwagner.tv\/audio\/20170511_podiumsdiskussion_80.mp3\" type='audio\/mpeg' \/> <object   type=\"application\/x-shockwave-flash\"  data=\"https:\/\/www.wwwagner.tv\/wp-content\/plugins\/wphtml5player\/inc\/flowplayer.swf\"  width=\"400\"  height=\"30\"> <param name=\"movie\" value='https:\/\/www.wwwagner.tv\/wp-content\/plugins\/wphtml5player\/inc\/flowplayer.swf' \/><param name=\"allowfullscreen\" value='false' \/><param name=\"cachebusting\" value='true' \/><param name=\"bgcolor\" value='#000000' \/><param name=\"flashvars\" value='config={\"plugins\":{\"controls\":{\"height\":30,\"autoHide\":false,\"fullscreen\":false}},\"clip\":{\"autoPlay\":false,\"url\":\"http:\\\/\\\/www.wwwagner.tv\\\/audio\\\/20170511_podiumsdiskussion_80.mp3\"},\"playlist\":[{\"autoPlay\":false,\"url\":\"http:\\\/\\\/www.wwwagner.tv\\\/audio\\\/20170511_podiumsdiskussion_80.mp3\"}],\"play\":{\"opacity\":0}}' \/>  No audio playback capabilities, please download the audio below<br \/><strong>Download Audio:<\/strong> Closed Format: <a href=\"http:\/\/www.wwwagner.tv\/audio\/20170511_podiumsdiskussion_80.mp3\">MP3<\/a> <\/object> <!-- Generated by HTML5 Multimedia Framework (http:\/\/code.google.com\/p\/html5videoplayer) --> <\/audio>  <br \/>\n<a href=\"http:\/\/www.wwwagner.tv\/audio\/20170511_podiumsdiskussion_80.mp3\">Download<\/a><\/p>\n<div style=\"height:10px;\"><\/div>\n<p><u>Was<\/u>: Podiumsgespr\u00e4ch: <em>\u00d6ffentlich-rechtliche Medien &#8211; Legitimation und Verantwortung in Zeiten des Medienwandels<\/em><br \/>\n<u>Wo<\/u>: Berlin, Heinrich-B\u00f6ll-Stiftung, <a href=\"http:\/\/calendar.boell.de\/de\/event\/oeffentlich-rechtliche-medien-im-digitalen-wandel\" target=\"_blank\">Fachtagung<\/a> in Kooperation mit der Otto-Brenner-Stiftung<br \/>\n<u>Wann<\/u>: 11.05.2017, 19:00 Uhr<br \/>\n<u>Wer<\/u>: (v.l.n.r.)<br \/>\n* Ralf F\u00fccks, Vorstand der Heinrich-B\u00f6ll-Stiftung (Einleitungsworte, nicht im Bild)<br \/>\n* Tabea R\u00f6\u00dfner MdB, Bundestagsfraktion B\u00fcndnis 90\/Die Gr\u00fcnen<br \/>\n* Prof. Dr. Christoph Bieber, Institut f\u00fcr Politikwissenschaft, Universit\u00e4t Duisburg-Essen<br \/>\n* Prof. Dr. Karola Wille, Intendantin des MDR, Vorsitzende der ARD<br \/>\n* Christian Meier, Medienredakteur, Welt N24 Medien<br \/>\n* Bettina Gaus, Publizistin, Politische Korrespondentin taz, Moderation <\/p>\n<div style=\"height:10px;\"><\/div>\n<figure id=\"attachment_36033\" aria-describedby=\"caption-attachment-36033\" style=\"width: 1100px\" class=\"wp-caption alignnone\"><a href=\"http:\/\/www.wwwagner.tv\/wp-content\/uploads\/20170511_DSC2983_boell_1100\u2006\u00d7\u2006572.jpg\"><img loading=\"lazy\" decoding=\"async\" src=\"http:\/\/www.wwwagner.tv\/wp-content\/uploads\/20170511_DSC2983_boell_1100\u2006\u00d7\u2006572.jpg\" alt=\"Foto: \u00a9 J\u00f6rg Wagner\" width=\"1100\" height=\"572\" class=\"size-full wp-image-36033\" srcset=\"https:\/\/www.wwwagner.tv\/wp-content\/uploads\/20170511_DSC2983_boell_1100\u2006\u00d7\u2006572.jpg 1100w, https:\/\/www.wwwagner.tv\/wp-content\/uploads\/20170511_DSC2983_boell_1100\u2006\u00d7\u2006572-300x156.jpg 300w, https:\/\/www.wwwagner.tv\/wp-content\/uploads\/20170511_DSC2983_boell_1100\u2006\u00d7\u2006572-768x399.jpg 768w, https:\/\/www.wwwagner.tv\/wp-content\/uploads\/20170511_DSC2983_boell_1100\u2006\u00d7\u2006572-1024x532.jpg 1024w\" sizes=\"auto, (max-width: 1100px) 100vw, 1100px\" \/><\/a><figcaption id=\"caption-attachment-36033\" class=\"wp-caption-text\">Foto: \u00a9 J\u00f6rg Wagner<\/figcaption><\/figure>\n<div style=\"height:10px;\"><\/div>\n<hr \/>\n<div style=\"height: 5px;\"><\/div>\n<p><html><br \/>\n     <head><\/p>\n<style type=\"text\/css\">\n       body {\n                     background: #DADADA;\n       }\n      <\/style>\n<p>     <\/head><br \/>\n     <body><br \/>\n<\/body><br \/>\n    <\/html><br \/>\n<script src=\"https:\/\/apis.google.com\/js\/plusone.js\" type=\"text\/javascript\">\/\/ < ![CDATA[ {lang: 'de'} \/\/ ]]><\/script><br \/>\n<script src=\"http:\/\/twittercounter.com\/embed\/?username=medienmagazin&amp;style=avatar\" type=\"text\/javascript\"><\/script><\/p>\n<p><noscript><a href=\"http:\/\/twittercounter.com\/medienmagazin\">medienmagazin on Twitter Counter<\/a><\/noscript><\/p>\n","protected":false},"excerpt":{"rendered":"<p>No audio playback capabilities, please download the audio belowDownload Audio: Closed Format: MP3 Download Was: Podiumsgespr\u00e4ch: \u00d6ffentlich-rechtliche Medien &#8211; Legitimation und Verantwortung in Zeiten des Medienwandels Wo: Berlin, Heinrich-B\u00f6ll-Stiftung, Fachtagung in Kooperation mit der Otto-Brenner-Stiftung Wann: 11.05.2017, 19:00 Uhr Wer: (v.l.n.r.) * Ralf F\u00fccks, Vorstand der Heinrich-B\u00f6ll-Stiftung (Einleitungsworte, nicht im Bild) * Tabea R\u00f6\u00dfner MdB, [&hellip;]<\/p>\n","protected":false},"author":2,"featured_media":0,"comment_status":"open","ping_status":"open","sticky":false,"template":"","format":"standard","meta":{"_monsterinsights_skip_tracking":false,"_monsterinsights_sitenote_active":false,"_monsterinsights_sitenote_note":"","_monsterinsights_sitenote_category":0,"footnotes":""},"categories":[53],"tags":[778],"class_list":["post-36030","post","type-post","status-publish","format-standard","hentry","category-dokument","tag-oeffentlich-rechtlicher-rundfunk"],"_links":{"self":[{"href":"https:\/\/www.wwwagner.tv\/index.php?rest_route=\/wp\/v2\/posts\/36030","targetHints":{"allow":["GET"]}}],"collection":[{"href":"https:\/\/www.wwwagner.tv\/index.php?rest_route=\/wp\/v2\/posts"}],"about":[{"href":"https:\/\/www.wwwagner.tv\/index.php?rest_route=\/wp\/v2\/types\/post"}],"author":[{"embeddable":true,"href":"https:\/\/www.wwwagner.tv\/index.php?rest_route=\/wp\/v2\/users\/2"}],"replies":[{"embeddable":true,"href":"https:\/\/www.wwwagner.tv\/index.php?rest_route=%2Fwp%2Fv2%2Fcomments&post=36030"}],"version-history":[{"count":8,"href":"https:\/\/www.wwwagner.tv\/index.php?rest_route=\/wp\/v2\/posts\/36030\/revisions"}],"predecessor-version":[{"id":36041,"href":"https:\/\/www.wwwagner.tv\/index.php?rest_route=\/wp\/v2\/posts\/36030\/revisions\/36041"}],"wp:attachment":[{"href":"https:\/\/www.wwwagner.tv\/index.php?rest_route=%2Fwp%2Fv2%2Fmedia&parent=36030"}],"wp:term":[{"taxonomy":"category","embeddable":true,"href":"https:\/\/www.wwwagner.tv\/index.php?rest_route=%2Fwp%2Fv2%2Fcategories&post=36030"},{"taxonomy":"post_tag","embeddable":true,"href":"https:\/\/www.wwwagner.tv\/index.php?rest_route=%2Fwp%2Fv2%2Ftags&post=36030"}],"curies":[{"name":"wp","href":"https:\/\/api.w.org\/{rel}","templated":true}]}}