{"id":36078,"date":"2017-05-15T18:30:43","date_gmt":"2017-05-15T17:30:43","guid":{"rendered":"http:\/\/www.wwwagner.tv\/?p=36078"},"modified":"2017-05-16T23:16:50","modified_gmt":"2017-05-16T22:16:50","slug":"4-google-talk-berlin","status":"publish","type":"post","link":"https:\/\/www.wwwagner.tv\/?p=36078","title":{"rendered":"4. Google Talk Berlin: fake news"},"content":{"rendered":"<h3><em>&#8222;Fakten, Fake &#038; Propaganda \u2013 m\u00fcssen jetzt Journalisten mal eben kurz die Welt retten?&#8220;<\/em><\/h3>\n<figure id=\"attachment_36080\" aria-describedby=\"caption-attachment-36080\" style=\"width: 1100px\" class=\"wp-caption alignnone\"><a href=\"http:\/\/www.wwwagner.tv\/wp-content\/uploads\/20170515_DSC3013_google_talk_1100\u2006\u00d7\u2006545.jpg\"><img loading=\"lazy\" decoding=\"async\" src=\"http:\/\/www.wwwagner.tv\/wp-content\/uploads\/20170515_DSC3013_google_talk_1100\u2006\u00d7\u2006545.jpg\" alt=\"Laura Himmelreich - Marcel Mettelsiefen - Melanie Stein - Georg Mascolo - Sabine Frank | Foto: \u00a9 J\u00f6rg Wagner\" width=\"1100\" height=\"545\" class=\"size-full wp-image-36080\" srcset=\"https:\/\/www.wwwagner.tv\/wp-content\/uploads\/20170515_DSC3013_google_talk_1100\u2006\u00d7\u2006545.jpg 1100w, https:\/\/www.wwwagner.tv\/wp-content\/uploads\/20170515_DSC3013_google_talk_1100\u2006\u00d7\u2006545-300x149.jpg 300w, https:\/\/www.wwwagner.tv\/wp-content\/uploads\/20170515_DSC3013_google_talk_1100\u2006\u00d7\u2006545-768x381.jpg 768w, https:\/\/www.wwwagner.tv\/wp-content\/uploads\/20170515_DSC3013_google_talk_1100\u2006\u00d7\u2006545-1024x507.jpg 1024w\" sizes=\"auto, (max-width: 1100px) 100vw, 1100px\" \/><\/a><figcaption id=\"caption-attachment-36080\" class=\"wp-caption-text\">Laura Himmelreich &#8211; Marcel Mettelsiefen &#8211; Melanie Stein &#8211; Georg Mascolo &#8211; Sabine Frank | Foto: \u00a9 J\u00f6rg Wagner<\/figcaption><\/figure>\n<div style=\"height: 20px;\"><\/div>\n <audio   controls > <source src=\"http:\/\/www.wwwagner.tv\/audio\/201705015_GoogleTalkBerlin_4_96.mp3\" type='audio\/mpeg' \/> <object   type=\"application\/x-shockwave-flash\"  data=\"https:\/\/www.wwwagner.tv\/wp-content\/plugins\/wphtml5player\/inc\/flowplayer.swf\"  width=\"400\"  height=\"30\"> <param name=\"movie\" value='https:\/\/www.wwwagner.tv\/wp-content\/plugins\/wphtml5player\/inc\/flowplayer.swf' \/><param name=\"allowfullscreen\" value='false' \/><param name=\"cachebusting\" value='true' \/><param name=\"bgcolor\" value='#000000' \/><param name=\"flashvars\" value='config={\"plugins\":{\"controls\":{\"height\":30,\"autoHide\":false,\"fullscreen\":false}},\"clip\":{\"autoPlay\":false,\"url\":\"http:\\\/\\\/www.wwwagner.tv\\\/audio\\\/201705015_GoogleTalkBerlin_4_96.mp3\"},\"playlist\":[{\"autoPlay\":false,\"url\":\"http:\\\/\\\/www.wwwagner.tv\\\/audio\\\/201705015_GoogleTalkBerlin_4_96.mp3\"}],\"play\":{\"opacity\":0}}' \/>  No audio playback capabilities, please download the audio below<br \/><strong>Download Audio:<\/strong> Closed Format: <a href=\"http:\/\/www.wwwagner.tv\/audio\/201705015_GoogleTalkBerlin_4_96.mp3\">MP3<\/a> <\/object> <!-- Generated by HTML5 Multimedia Framework (http:\/\/code.google.com\/p\/html5videoplayer) --> <\/audio>  \n<div style=\"height: 10px;\"><\/div>\n<p><u>Was<\/u>: <a href=\"https:\/\/germany.googleblog.com\/2017\/05\/google-talk-berlin-mai-2017.html\" target=\"_blank\">4. Google Talk Berlin<\/a> &#8222;Fakten, Fake &#038; Propaganda \u2013 m\u00fcssen jetzt Journalisten mal eben kurz die Welt retten?&#8220; mit <a href=\"http:\/\/www.djv-berlin.de\/\" target=\"_blank\">DJV Berlin<\/a> und der Zeitschrift <a href=\"http:\/\/nitromagazin.com\/\" target=\"_blank\">NITRO<\/a><br \/>\n<u>Wer<\/u>:<br \/>\n* Dr. Ralf Bremer, Leiter Politische PR, Unternehmenssprecher, Google Deutschland Berlin (nicht im Bild, Einleitungsworte)<br \/>\n* Bettina Schellong-Lammel, Herausgeberin <a href=\"https:\/\/nitromagazin.com\/\" target=\"_blank\">NITRO<\/a> Magazin (nicht im Bild, Begr\u00fc\u00dfung)<br \/>\n* Laura Himmelreich, Chefredakteurin von <a href=\"https:\/\/www.vice.com\/de\" target=\"_blank\">VICE.com\/de<\/a><br \/>\n* Marcel Mettelsiefen, Fotograf und Dokumentarfilmer (siehe z. B. <a href=\"http:\/\/www.watanifilm.com\/\" target=\"_blank\">My Homeland<\/a>, Nominierung f\u00fcr den Oscar 2017)<br \/>\n* Melanie Stein, Journalistin, On Air-Reporterin, NDR (Moderation)<br \/>\n* Georg Mascolo, Leiter <a href=\"https:\/\/de.wikipedia.org\/wiki\/Rechercheverbund_NDR,_WDR_und_S%C3%BCddeutsche_Zeitung\" target=\"_blank\">Rechercheverbund NDR, WDR und S\u00fcddeutsche Zeitung<\/a><br \/>\n* Sabine Frank, Leiterin Regulierung, Verbraucher- und Jugendschutz, Google Deutschland<br \/>\n<u>Wo<\/u>: Google-B\u00fcro, Unter den Linden 14, 10117 Berlin<br \/>\n<u>Wann<\/u>: 15.05.2017, 18:32 Uhr<\/p>\n<div style=\"height: 10px;\"><\/div>\n<p><u>Vgl<\/u>.:<br \/>\n1. <a href=\"http:\/\/bit.ly\/2ro8zXr\" target=\"_blank\">Google Talk<\/a> Berlin: Neuer Journalismus<br \/>\n2. <a href=\"http:\/\/bit.ly\/2pI5pBs\" target=\"_blank\">Google Talk<\/a> Berlin: Digitaler Journalismus<br \/>\n3. <a href=\"http:\/\/bit.ly\/2roqePR\" target=\"_blank\">Google Talk<\/a> Berlin: Meinungsjournalismus<\/p>\n<div style=\"height: 10px;\"><\/div>\n<figure id=\"attachment_36095\" aria-describedby=\"caption-attachment-36095\" style=\"width: 600px\" class=\"wp-caption alignnone\"><a href=\"http:\/\/www.wwwagner.tv\/wp-content\/uploads\/20170515_DSC3072_google_talk_600\u2006\u00d7\u2006371.jpg\"><img loading=\"lazy\" decoding=\"async\" src=\"http:\/\/www.wwwagner.tv\/wp-content\/uploads\/20170515_DSC3072_google_talk_600\u2006\u00d7\u2006371.jpg\" alt=\"Carsten Behrendt, ZDF | Foto: \u00a9 J\u00f6rg Wagner\" width=\"600\" height=\"371\" class=\"size-full wp-image-36095\" srcset=\"https:\/\/www.wwwagner.tv\/wp-content\/uploads\/20170515_DSC3072_google_talk_600\u2006\u00d7\u2006371.jpg 600w, https:\/\/www.wwwagner.tv\/wp-content\/uploads\/20170515_DSC3072_google_talk_600\u2006\u00d7\u2006371-300x186.jpg 300w\" sizes=\"auto, (max-width: 600px) 100vw, 600px\" \/><\/a><figcaption id=\"caption-attachment-36095\" class=\"wp-caption-text\">Carsten Behrendt, ZDF | Foto: \u00a9 J\u00f6rg Wagner<\/figcaption><\/figure>\n<div style=\"height: 10px;\"><\/div>\n<hr \/>\n<p>Aus der Fragestellung der Veranstalter:<\/p>\n<blockquote><p><em>&#8222;Egal ob bei der Pr\u00e4sidentschaftswahl in Frankreich oder der bevorstehenden Bundestagswahl &#8211; der Einfluss manipulierter Berichte, die \u00fcber klassische und neue mediale Kan\u00e4le verbreitet werden, wird weiter intensiv diskutiert.<\/p>\n<p>Welche Rolle spielt Journalismus in diesem Kontext? Sind falsche Nachrichten f\u00fcr Reporter und Redaktionen nur \u201ebusiness as usual\u201c? Oder \u00fcberfordert der Umgang mit gezielt gestreuten Desinformationen unsere Medien, vielleicht sogar die Gesellschaft? Welche Rolle k\u00f6nnen und sollen soziale Netzwerke spielen?&#8220;<\/em><\/p><\/blockquote>\n<p><figure id=\"attachment_36101\" aria-describedby=\"caption-attachment-36101\" style=\"width: 600px\" class=\"wp-caption alignnone\"><a href=\"http:\/\/www.wwwagner.tv\/wp-content\/uploads\/20170515_DSC3047_google_talk_600\u2006\u00d7\u2006399.jpg\"><img loading=\"lazy\" decoding=\"async\" src=\"http:\/\/www.wwwagner.tv\/wp-content\/uploads\/20170515_DSC3047_google_talk_600\u2006\u00d7\u2006399.jpg\" alt=\"Marcel Mettelsiefen | Foto: \u00a9 J\u00f6rg Wagner\" width=\"600\" height=\"399\" class=\"size-full wp-image-36101\" srcset=\"https:\/\/www.wwwagner.tv\/wp-content\/uploads\/20170515_DSC3047_google_talk_600\u2006\u00d7\u2006399.jpg 600w, https:\/\/www.wwwagner.tv\/wp-content\/uploads\/20170515_DSC3047_google_talk_600\u2006\u00d7\u2006399-300x200.jpg 300w\" sizes=\"auto, (max-width: 600px) 100vw, 600px\" \/><\/a><figcaption id=\"caption-attachment-36101\" class=\"wp-caption-text\">Marcel Mettelsiefen | Foto: \u00a9 J\u00f6rg Wagner<\/figcaption><\/figure><br \/>\n<figure id=\"attachment_36106\" aria-describedby=\"caption-attachment-36106\" style=\"width: 600px\" class=\"wp-caption alignnone\"><a href=\"http:\/\/www.wwwagner.tv\/wp-content\/uploads\/20170515_DSC3016_google_talk_600\u2006\u00d7\u2006379.jpg\"><img loading=\"lazy\" decoding=\"async\" src=\"http:\/\/www.wwwagner.tv\/wp-content\/uploads\/20170515_DSC3016_google_talk_600\u2006\u00d7\u2006379.jpg\" alt=\"Laura Himmelreich | Foto: \u00a9 J\u00f6rg Wagner\" width=\"600\" height=\"379\" class=\"size-full wp-image-36106\" srcset=\"https:\/\/www.wwwagner.tv\/wp-content\/uploads\/20170515_DSC3016_google_talk_600\u2006\u00d7\u2006379.jpg 600w, https:\/\/www.wwwagner.tv\/wp-content\/uploads\/20170515_DSC3016_google_talk_600\u2006\u00d7\u2006379-300x190.jpg 300w\" sizes=\"auto, (max-width: 600px) 100vw, 600px\" \/><\/a><figcaption id=\"caption-attachment-36106\" class=\"wp-caption-text\">Laura Himmelreich | Foto: \u00a9 J\u00f6rg Wagner<\/figcaption><\/figure><br \/>\n<figure id=\"attachment_36110\" aria-describedby=\"caption-attachment-36110\" style=\"width: 600px\" class=\"wp-caption alignnone\"><a href=\"http:\/\/www.wwwagner.tv\/wp-content\/uploads\/20170515_DSC3037_google_talk_600\u2006\u00d7\u2006399.jpg\"><img loading=\"lazy\" decoding=\"async\" src=\"http:\/\/www.wwwagner.tv\/wp-content\/uploads\/20170515_DSC3037_google_talk_600\u2006\u00d7\u2006399.jpg\" alt=\"Melanie Stein | Foto: \u00a9 J\u00f6rg Wagner\" width=\"600\" height=\"399\" class=\"size-full wp-image-36110\" srcset=\"https:\/\/www.wwwagner.tv\/wp-content\/uploads\/20170515_DSC3037_google_talk_600\u2006\u00d7\u2006399.jpg 600w, https:\/\/www.wwwagner.tv\/wp-content\/uploads\/20170515_DSC3037_google_talk_600\u2006\u00d7\u2006399-300x200.jpg 300w\" sizes=\"auto, (max-width: 600px) 100vw, 600px\" \/><\/a><figcaption id=\"caption-attachment-36110\" class=\"wp-caption-text\">Melanie Stein | Foto: \u00a9 J\u00f6rg Wagner<\/figcaption><\/figure><br \/>\n<figure id=\"attachment_36112\" aria-describedby=\"caption-attachment-36112\" style=\"width: 600px\" class=\"wp-caption alignnone\"><a href=\"http:\/\/www.wwwagner.tv\/wp-content\/uploads\/20170515_DSC3056_google_talk_600\u2006\u00d7\u2006409.jpg\"><img loading=\"lazy\" decoding=\"async\" src=\"http:\/\/www.wwwagner.tv\/wp-content\/uploads\/20170515_DSC3056_google_talk_600\u2006\u00d7\u2006409.jpg\" alt=\"Sabine Frank | Foto: \u00a9 J\u00f6rg Wagner\" width=\"600\" height=\"409\" class=\"size-full wp-image-36112\" srcset=\"https:\/\/www.wwwagner.tv\/wp-content\/uploads\/20170515_DSC3056_google_talk_600\u2006\u00d7\u2006409.jpg 600w, https:\/\/www.wwwagner.tv\/wp-content\/uploads\/20170515_DSC3056_google_talk_600\u2006\u00d7\u2006409-300x205.jpg 300w\" sizes=\"auto, (max-width: 600px) 100vw, 600px\" \/><\/a><figcaption id=\"caption-attachment-36112\" class=\"wp-caption-text\">Sabine Frank | Foto: \u00a9 J\u00f6rg Wagner<\/figcaption><\/figure><br \/>\n<figure id=\"attachment_36104\" aria-describedby=\"caption-attachment-36104\" style=\"width: 600px\" class=\"wp-caption alignnone\"><a href=\"http:\/\/www.wwwagner.tv\/wp-content\/uploads\/20170515_DSC3062_google_talk_600\u2006\u00d7\u2006329.jpg\"><img loading=\"lazy\" decoding=\"async\" src=\"http:\/\/www.wwwagner.tv\/wp-content\/uploads\/20170515_DSC3062_google_talk_600\u2006\u00d7\u2006329.jpg\" alt=\"Melanie Stein - Georg Mascolo | Foto: \u00a9 J\u00f6rg Wagner\" width=\"600\" height=\"329\" class=\"size-full wp-image-36104\" srcset=\"https:\/\/www.wwwagner.tv\/wp-content\/uploads\/20170515_DSC3062_google_talk_600\u2006\u00d7\u2006329.jpg 600w, https:\/\/www.wwwagner.tv\/wp-content\/uploads\/20170515_DSC3062_google_talk_600\u2006\u00d7\u2006329-300x165.jpg 300w\" sizes=\"auto, (max-width: 600px) 100vw, 600px\" \/><\/a><figcaption id=\"caption-attachment-36104\" class=\"wp-caption-text\">Melanie Stein &#8211; Georg Mascolo | Foto: \u00a9 J\u00f6rg Wagner<\/figcaption><\/figure><\/p>\n<hr \/>\n<div style=\"height: 10px;\"><\/div>\n<blockquote class=\"twitter-tweet\" data-lang=\"de\">\n<p lang=\"de\" dir=\"ltr\">&quot;Schnellster zu sein ist nur die zweitwichtigste Regel f\u00fcr Journalisten, die wichtigste ist richtig zu liegen.&quot; Georg <a href=\"https:\/\/twitter.com\/hashtag\/Mascolo?src=hash\">#Mascolo<\/a> <a href=\"https:\/\/twitter.com\/hashtag\/GtalkBerlin?src=hash\">#GtalkBerlin<\/a> <a href=\"https:\/\/t.co\/gpBkMPrKFw\">pic.twitter.com\/gpBkMPrKFw<\/a><\/p>\n<p>&mdash; Ralf Bremer (@RalfBremer) <a href=\"https:\/\/twitter.com\/RalfBremer\/status\/864174850520354817\">15. Mai 2017<\/a><\/p><\/blockquote>\n<p><script async src=\"\/\/platform.twitter.com\/widgets.js\" charset=\"utf-8\"><\/script><\/p>\n<blockquote class=\"twitter-tweet\" data-lang=\"de\">\n<p lang=\"de\" dir=\"ltr\">Georg <a href=\"https:\/\/twitter.com\/hashtag\/Mascolo?src=hash\">#Mascolo<\/a> rockt den <a href=\"https:\/\/twitter.com\/hashtag\/GtalkBerlin?src=hash\">#GtalkBerlin<\/a> zu <a href=\"https:\/\/twitter.com\/hashtag\/fakenews?src=hash\">#fakenews<\/a>: &quot;<a href=\"https:\/\/twitter.com\/hashtag\/Journalismus?src=hash\">#Journalismus<\/a> muss Ort der M\u00e4\u00dfigung sein, nach h\u00f6chsten Standards streben&quot; <a href=\"https:\/\/twitter.com\/GoogleDE\">@GoogleDE<\/a> <a href=\"https:\/\/t.co\/uDjTXYeEaa\">pic.twitter.com\/uDjTXYeEaa<\/a><\/p>\n<p>&mdash; Susanne Arnold (@c_susanne) <a href=\"https:\/\/twitter.com\/c_susanne\/status\/864172569318096896\">15. Mai 2017<\/a><\/p><\/blockquote>\n<p><script async src=\"\/\/platform.twitter.com\/widgets.js\" charset=\"utf-8\"><\/script><\/p>\n<blockquote class=\"twitter-tweet\" data-lang=\"de\">\n<p lang=\"de\" dir=\"ltr\">Mascolo interpretiert Maas: Er wollte mit dem <a href=\"https:\/\/twitter.com\/hashtag\/NetzDG?src=hash\">#NetzDG<\/a> den gro\u00dfen Hebel ansetzen, damit sich Plattform-Betreiber bewegen. <a href=\"https:\/\/twitter.com\/hashtag\/gtalkberlin?src=hash\">#gtalkberlin<\/a><\/p>\n<p>&mdash; Jens Twiehaus (@JensTwiehaus) <a href=\"https:\/\/twitter.com\/JensTwiehaus\/status\/864170878359269376\">15. Mai 2017<\/a><\/p><\/blockquote>\n<p><script async src=\"\/\/platform.twitter.com\/widgets.js\" charset=\"utf-8\"><\/script><\/p>\n<blockquote class=\"twitter-tweet\" data-lang=\"de\">\n<p lang=\"de\" dir=\"ltr\">Sind unsere Redaktionen f\u00fcr den Umgang mit &quot;Fake News&quot; zur Bundestagswahl gewappnet? <a href=\"https:\/\/twitter.com\/hashtag\/GtalkBerlin?src=hash\">#GtalkBerlin<\/a><\/p>\n<p>&mdash; Ralf Bremer (@RalfBremer) <a href=\"https:\/\/twitter.com\/RalfBremer\/status\/864141487084273665\">15. Mai 2017<\/a><\/p><\/blockquote>\n<p><script async src=\"\/\/platform.twitter.com\/widgets.js\" charset=\"utf-8\"><\/script><br \/>\n<a href=\"http:\/\/www.wwwagner.tv\/wp-content\/uploads\/2017051620170515_DSC3006_google_talk__google_talk_1100-x-546.jpg\"><img loading=\"lazy\" decoding=\"async\" src=\"http:\/\/www.wwwagner.tv\/wp-content\/uploads\/2017051620170515_DSC3006_google_talk__google_talk_1100-x-546.jpg\" alt=\"\" width=\"1100\" height=\"268\" class=\"alignnone size-full wp-image-36093\" srcset=\"https:\/\/www.wwwagner.tv\/wp-content\/uploads\/2017051620170515_DSC3006_google_talk__google_talk_1100-x-546.jpg 1100w, https:\/\/www.wwwagner.tv\/wp-content\/uploads\/2017051620170515_DSC3006_google_talk__google_talk_1100-x-546-300x73.jpg 300w, https:\/\/www.wwwagner.tv\/wp-content\/uploads\/2017051620170515_DSC3006_google_talk__google_talk_1100-x-546-768x187.jpg 768w, https:\/\/www.wwwagner.tv\/wp-content\/uploads\/2017051620170515_DSC3006_google_talk__google_talk_1100-x-546-1024x249.jpg 1024w\" sizes=\"auto, (max-width: 1100px) 100vw, 1100px\" \/><\/a><\/p>\n<div style=\"height: 20px;\"><\/div>\n<hr \/>\n<p><span style=\"color: #888888;\">(Fotos: \u00a9 J\u00f6rg Wagner; Susanne Arnold, Ralf Bremer via twitter)<\/span><\/p>\n<div style=\"height: 5px;\"><\/div>\n<p><html><br \/>\n     <head><\/p>\n<style type=\"text\/css\">\n       body {\n                     background: #CCCCCC;\n       }\n      <\/style>\n<p>     <\/head><br \/>\n     <body><br \/>\n<\/body><br \/>\n    <\/html><br \/>\n<script src=\"https:\/\/apis.google.com\/js\/plusone.js\" type=\"text\/javascript\">\/\/ < ![CDATA[ {lang: 'de'} \/\/ ]]><\/script><br \/>\n<script src=\"http:\/\/twittercounter.com\/embed\/?username=medienmagazin&amp;style=avatar\" type=\"text\/javascript\"><\/script><\/p>\n<p><noscript><a href=\"http:\/\/twittercounter.com\/medienmagazin\">medienmagazin on Twitter Counter<\/a><\/noscript><\/p>\n","protected":false},"excerpt":{"rendered":"<p>&#8222;Fakten, Fake &#038; Propaganda \u2013 m\u00fcssen jetzt Journalisten mal eben kurz die Welt retten?&#8220; No audio playback capabilities, please download the audio belowDownload Audio: Closed Format: MP3 Was: 4. Google Talk Berlin &#8222;Fakten, Fake &#038; Propaganda \u2013 m\u00fcssen jetzt Journalisten mal eben kurz die Welt retten?&#8220; mit DJV Berlin und der Zeitschrift NITRO Wer: * [&hellip;]<\/p>\n","protected":false},"author":2,"featured_media":0,"comment_status":"open","ping_status":"open","sticky":false,"template":"","format":"standard","meta":{"_monsterinsights_skip_tracking":false,"_monsterinsights_sitenote_active":false,"_monsterinsights_sitenote_note":"","_monsterinsights_sitenote_category":0,"footnotes":""},"categories":[53],"tags":[722],"class_list":["post-36078","post","type-post","status-publish","format-standard","hentry","category-dokument","tag-fakenews"],"_links":{"self":[{"href":"https:\/\/www.wwwagner.tv\/index.php?rest_route=\/wp\/v2\/posts\/36078","targetHints":{"allow":["GET"]}}],"collection":[{"href":"https:\/\/www.wwwagner.tv\/index.php?rest_route=\/wp\/v2\/posts"}],"about":[{"href":"https:\/\/www.wwwagner.tv\/index.php?rest_route=\/wp\/v2\/types\/post"}],"author":[{"embeddable":true,"href":"https:\/\/www.wwwagner.tv\/index.php?rest_route=\/wp\/v2\/users\/2"}],"replies":[{"embeddable":true,"href":"https:\/\/www.wwwagner.tv\/index.php?rest_route=%2Fwp%2Fv2%2Fcomments&post=36078"}],"version-history":[{"count":29,"href":"https:\/\/www.wwwagner.tv\/index.php?rest_route=\/wp\/v2\/posts\/36078\/revisions"}],"predecessor-version":[{"id":36122,"href":"https:\/\/www.wwwagner.tv\/index.php?rest_route=\/wp\/v2\/posts\/36078\/revisions\/36122"}],"wp:attachment":[{"href":"https:\/\/www.wwwagner.tv\/index.php?rest_route=%2Fwp%2Fv2%2Fmedia&parent=36078"}],"wp:term":[{"taxonomy":"category","embeddable":true,"href":"https:\/\/www.wwwagner.tv\/index.php?rest_route=%2Fwp%2Fv2%2Fcategories&post=36078"},{"taxonomy":"post_tag","embeddable":true,"href":"https:\/\/www.wwwagner.tv\/index.php?rest_route=%2Fwp%2Fv2%2Ftags&post=36078"}],"curies":[{"name":"wp","href":"https:\/\/api.w.org\/{rel}","templated":true}]}}