{"id":38011,"date":"2017-10-07T18:05:03","date_gmt":"2017-10-07T17:05:03","guid":{"rendered":"http:\/\/www.wwwagner.tv\/?p=38011"},"modified":"2017-10-12T01:26:42","modified_gmt":"2017-10-12T00:26:42","slug":"medienmagazin-vom-07-10-2017","status":"publish","type":"post","link":"https:\/\/www.wwwagner.tv\/?p=38011","title":{"rendered":"Medienmagazin vom 07.10.2017"},"content":{"rendered":"<div style=\"height: 50px;\"><\/div>\n<p>Gesamt-PodCast:<\/p>\n<p> <audio   controls > <source src=\"http:\/\/rbbmediapmdp-a.akamaihd.net\/content\/11adc48b-6e3c-42b0-bf4c-9a6e1ed27dbc_0dc828ad-0c1d-4d4a-b581-d666ced94a01.mp3\" type='audio\/mpeg' \/> <object   type=\"application\/x-shockwave-flash\"  data=\"https:\/\/www.wwwagner.tv\/wp-content\/plugins\/wphtml5player\/inc\/flowplayer.swf\"  width=\"400\"  height=\"30\"> <param name=\"movie\" value='https:\/\/www.wwwagner.tv\/wp-content\/plugins\/wphtml5player\/inc\/flowplayer.swf' \/><param name=\"allowfullscreen\" value='false' \/><param name=\"cachebusting\" value='true' \/><param name=\"bgcolor\" value='#000000' \/><param name=\"flashvars\" value='config={\"plugins\":{\"controls\":{\"height\":30,\"autoHide\":false,\"fullscreen\":false}},\"clip\":{\"autoPlay\":false,\"url\":\"http:\\\/\\\/rbbmediapmdp-a.akamaihd.net\\\/content\\\/11adc48b-6e3c-42b0-bf4c-9a6e1ed27dbc_0dc828ad-0c1d-4d4a-b581-d666ced94a01.mp3\"},\"playlist\":[{\"autoPlay\":false,\"url\":\"http:\\\/\\\/rbbmediapmdp-a.akamaihd.net\\\/content\\\/11adc48b-6e3c-42b0-bf4c-9a6e1ed27dbc_0dc828ad-0c1d-4d4a-b581-d666ced94a01.mp3\"}],\"play\":{\"opacity\":0}}' \/>  No audio playback capabilities, please download the audio below<br \/><strong>Download Audio:<\/strong> Closed Format: <a href=\"http:\/\/rbbmediapmdp-a.akamaihd.net\/content\/11adc48b-6e3c-42b0-bf4c-9a6e1ed27dbc_0dc828ad-0c1d-4d4a-b581-d666ced94a01.mp3\">MP3<\/a> <\/object> <!-- Generated by HTML5 Multimedia Framework (http:\/\/code.google.com\/p\/html5videoplayer) --> <\/audio>  <br \/>\n<a href=\"http:\/\/rbbmediapmdp-a.akamaihd.net\/content\/11adc48b-6e3c-42b0-bf4c-9a6e1ed27dbc_0dc828ad-0c1d-4d4a-b581-d666ced94a01.mp3\" target=\"_blank\">Download<\/a><span style=\"color: #666666;\"> (verlinkte Audio-Quelle bis zum 07.10.2018: rbb, radioeins)<\/span><\/p>\n<div style=\"height: 40px;\"><\/div>\n<p>[00:00] INTRO: Sturmwarnung | [02:45] dbb-Medienkonferenz (1): ZDF, Hass | [13:03] dbb-Medienkonferenz (2): <a href=\"http:\/\/bit.ly\/2gxV6cF\" rel=\"noopener\" target=\"_blank\">Faktenfinder<\/a> | [20:46] Sylke Tempels Tod | [23:28] <a href=\"http:\/\/bit.ly\/2ySpe9w\" rel=\"noopener\" target=\"_blank\">Buchtipp:<\/a> \u201cTruegerische Sicherheit\u201d | [30:10] <a href=\"http:\/\/bit.ly\/2y6phPT\" rel=\"noopener\" target=\"_blank\">Auktion: UKW-Antennen<\/a> | [39:33] Bonus: dbb-Medienkonferenz: <a href=\"http:\/\/bit.ly\/2xzxp9I\" rel=\"noopener\" target=\"_blank\">Dr. Peter Frey<\/a> | [1:44:05] Bonus: dbb-Medienkonferenz: <a href=\"http:\/\/bit.ly\/2gwgwa7\" rel=\"noopener\" target=\"_blank\">Diskussion<\/a><\/p>\n<div style=\"height: 40px;\"><\/div>\n<hr \/>\n<p><u>INTRO: Sturmwarnung<\/u><br \/>\nO-Ton: J\u00f6rg Kachelmann, Meteorologe, 04.10.2017, <a href=\"http:\/\/bit.ly\/2kFaoAV\" rel=\"noopener\" target=\"_blank\">facebook<\/a>, Unwetter GmbH<\/p>\n<p><u>1. 12. dbb-Medienkonferenz: \u201cAlternativlose Fakten \u2026\u201d (zwei Teile)<\/u><br \/>\nObwohl die bef\u00fcrchtete gro\u00dfe L\u00fcge im Bundestagswahlkampf und der Angriff von ausl\u00e4ndischen Geheimdiensten auf die bundesdeutsche Meinungsbildung ausblieb, hat die ARD den Auftrag f\u00fcr die zun\u00e4chst auf die Wahlkampfzeit ausgerichtete Arbeitsgruppe \u201cARD Faktenfinder\u201d verl\u00e4ngert. Wie sieht die Bilanz im Kampf gegen Fake News aus?<br \/>\nMit O-T\u00f6nen von der <a href=\"http:\/\/bit.ly\/2hCiWUz\" rel=\"noopener\" target=\"_blank\">12. dbb-Medienkonferenz<\/a> in Berlin am 04.10.2017 \u201cAlternativlose Fakten \u2013 Gef\u00e4hrden Fake News und Bots die Programmqualit\u00e4t?\u201d:<br \/>\n\u2022 Dr. <a href=\"http:\/\/bit.ly\/2xzxp9I\" rel=\"noopener\" target=\"_blank\">Peter Frey<\/a>, ZDF-Chefredakteur (Vortrag)<br \/>\n\u2022 Anja Hirschel, Sprecherin der Piratenpartei Deutschland f\u00fcr Digitalisierung (Ausschnitt aus der Diskussion)<br \/>\nInterview mit <a href=\"http:\/\/bit.ly\/2gxV6cF\" rel=\"noopener\" target=\"_blank\">Patrick Gensing<\/a>, Redakteur bei der Tagesschau, seit April 2017 Leiter des Projekts \u201cARD Faktenfinder\u201d, am Rande der 12. dbb-Medienkonferenz<br \/>\nVgl.:<br \/>\n\u2022 <a href=\"http:\/\/faktenfinder.tagesschau.de\/\" rel=\"noopener\" target=\"_blank\">http:\/\/faktenfinder.tagesschau.de\/<\/a><br \/>\n\u2022 Veranstaltungsflyer als <a href=\"https:\/\/www.dbb.de\/fileadmin\/pdfs\/2017\/170623_medienkonferenz_zeitplan.pdf\" rel=\"noopener\" target=\"_blank\">PDF<\/a><\/p>\n<p><u>2. Jetzt geht&#8217;s los: Versteigerung von UKW-Antennen<\/u><br \/>\nSeit Mitte Februar 2017 die MEDIA BROADCAST offiziell angek\u00fcndigt hatte, die Gesch\u00e4ftsfelder neu zu ordnen und \u201csich auf digitale Wachstumsfelder und Serviceleistungen zu konzentrieren\u201d, ist klar, dass man sich von den UKW-Antennen trennen w\u00fcrde. Im vierten Quartal 2017 beginnt nun eine offene Auktion, bei der Programmveranstalter und Finanzinvestoren mitbieten k\u00f6nnen.<br \/>\n<a href=\"http:\/\/bit.ly\/2y6phPT\" rel=\"noopener\" target=\"_blank\">Telefoninterview<\/a> mit Wolfgang Breuer, Gesch\u00e4ftsf\u00fchrer MEDIA BROADCAST<\/p>\n<p><u>3. Mehr Sicherheit durch \u00dcberwachung? &#8211; Was der (digitale) Anti-Terrorkampf wirklich bringt<\/u><br \/>\nDer ehemalige Bundesbeauftragte f\u00fcr Datenschutz Peter Schaar ist bekannt f\u00fcr seine kritische Haltung zu geheimdienstlicher \u00dcberwachung und zur  Aussp\u00e4hung der B\u00fcrger durch gro\u00dfe Internetkonzerne. \u201eDie Bundesregierung hat bei der Aufarbeitung des NSA-Skandals versagt hat.\u201c oder  \u201eUnternehmen wie Google und Facebook h\u00f6hlen das Grundrecht auf Privatsph\u00e4re aus.\u201c \u2013 sind zwei Thesen aus seinen vorherigen B\u00fcchern. In seiner aktuellen Publikation analysiert Schaar, wie der liberale Rechtsstaat im Namen des Anti-Terror-Kampfes immer weiter erodiert &#8211; ohne damit mehr Sicherheit zu schaffen. \u201eTr\u00fcgerische Sicherheit\u201c hei\u00dft sein Buch. (ET 11.09.2017)<br \/>\n<a href=\"http:\/\/bit.ly\/2ySpe9w\" rel=\"noopener\" target=\"_blank\">Studiogespr\u00e4ch<\/a> mit O-T\u00f6nen von Peter Schaar, Autor, ehem. Bundesbeauftragter f\u00fcr Datenschutz<br \/>\nAutorin: <a href=\"http:\/\/www.vera-linss.de\" rel=\"noopener\" target=\"_blank\">Vera Lin\u00df<\/a> (live)<br \/>\nVgl.: <a href=\"http:\/\/bit.ly\/2xpn9Rm\" rel=\"noopener\" target=\"_blank\">Link<\/a> zum Buch<\/p>\n<p><u>PodCast-Bonus: 12. dbb-Medienkonferenz<\/u><br \/>\n<u>Was<\/u>: <a href=\"http:\/\/bit.ly\/2xzxp9I\" rel=\"noopener\" target=\"_blank\">Vortrag<\/a> &#8222;L\u00fcgenpresse, Fake News und Glaubw\u00fcrdigkeit der Medien \u2013 Das Fernsehen und seine Rolle in der neuen digitalen Welt&#8220; + Publikumsfragen<br \/>\n<u>Wer<\/u>: Dr. Peter Frey, ZDF-Chefredakteur <\/p>\n<p><u>Was<\/u>: <a href=\"http:\/\/bit.ly\/2gwgwa7\" rel=\"noopener\" target=\"_blank\">Diskussion<\/a>: &#8222;Gef\u00e4lscht oder wahr \u2013 K\u00f6nnen Desinformation und Manipulation in der Berichterstattung verhindert werden?&#8220;<br \/>\n<u>Wer<\/u>:<br \/>\n\u2022 Patrick Gensing, Leiter Projekt \u201efaktenfinder\u201c der ARD<br \/>\n\u2022 Siegfried Schneider, Pr\u00e4sident Bayerische Landeszentrale f\u00fcr neue Medien<br \/>\n\u2022 Tabea R\u00f6\u00dfner, MdB, Sprecherin f\u00fcr Medien, Kreativwirtschaft und Digitale Infrastruktur, B\u00fcndnis 90\/Die Gr\u00fcnen<br \/>\n\u2022 Anja Hirschel, Sprecherin f\u00fcr Digitalisierung, Piratenpartei Deutschland<br \/>\n\u2022 Moderation: Steffen Grimberg, ARD-Sprecher<\/p>\n<p><u>Wann<\/u>: rec.: 04.10.2017<br \/>\n<u>Wo<\/u>: dbb forum berlin, Friedrichstra\u00dfe 169, 10117 Berlin<\/p>\n<div style=\"height: 20px;\"><\/div>\n<p><a href=\"http:\/\/www.wwwagner.tv\/wp-content\/uploads\/20171007_podcast_1024-x-512.jpg\"><img loading=\"lazy\" decoding=\"async\" src=\"http:\/\/www.wwwagner.tv\/wp-content\/uploads\/20171007_podcast_1024-x-512.jpg\" alt=\"\" width=\"1024\" height=\"512\" class=\"alignnone size-full wp-image-38013\" srcset=\"https:\/\/www.wwwagner.tv\/wp-content\/uploads\/20171007_podcast_1024-x-512.jpg 1024w, https:\/\/www.wwwagner.tv\/wp-content\/uploads\/20171007_podcast_1024-x-512-300x150.jpg 300w, https:\/\/www.wwwagner.tv\/wp-content\/uploads\/20171007_podcast_1024-x-512-768x384.jpg 768w\" sizes=\"auto, (max-width: 1024px) 100vw, 1024px\" \/><\/a><\/p>\n<hr \/>\n<div style=\"height: 5px;\"><\/div>\n<p><html><br \/>\n     <head><\/p>\n<style type=\"text\/css\">\n       body {\n                     background: #DADADA;\n       }\n      <\/style>\n<p>     <\/head><br \/>\n     <body><br \/>\n<\/body><br \/>\n    <\/html><br \/>\n<script src=\"https:\/\/apis.google.com\/js\/plusone.js\" type=\"text\/javascript\">\/\/ < ![CDATA[ {lang: 'de'} \/\/ ]]><\/script><br \/>\n<script src=\"http:\/\/twittercounter.com\/embed\/?username=medienmagazin&amp;style=avatar\" type=\"text\/javascript\"><\/script><\/p>\n<p><noscript><a href=\"http:\/\/twittercounter.com\/medienmagazin\">medienmagazin on Twitter Counter<\/a><\/noscript><\/p>\n","protected":false},"excerpt":{"rendered":"<p>Gesamt-PodCast: No audio playback capabilities, please download the audio belowDownload Audio: Closed Format: MP3 Download (verlinkte Audio-Quelle bis zum 07.10.2018: rbb, radioeins) [00:00] INTRO: Sturmwarnung | [02:45] dbb-Medienkonferenz (1): ZDF, Hass | [13:03] dbb-Medienkonferenz (2): Faktenfinder | [20:46] Sylke Tempels Tod | [23:28] Buchtipp: \u201cTruegerische Sicherheit\u201d | [30:10] Auktion: UKW-Antennen | [39:33] Bonus: dbb-Medienkonferenz: Dr. [&hellip;]<\/p>\n","protected":false},"author":2,"featured_media":32866,"comment_status":"open","ping_status":"open","sticky":false,"template":"","format":"standard","meta":{"_monsterinsights_skip_tracking":false,"_monsterinsights_sitenote_active":false,"_monsterinsights_sitenote_note":"","_monsterinsights_sitenote_category":0,"footnotes":""},"categories":[4],"tags":[807,325,722,737,749,655],"class_list":["post-38011","post","type-post","status-publish","format-standard","has-post-thumbnail","hentry","category-medienmagazin","tag-bundestagswahl","tag-datenschutz","tag-fakenews","tag-faktenchecking","tag-hatespeech","tag-wetter"],"_links":{"self":[{"href":"https:\/\/www.wwwagner.tv\/index.php?rest_route=\/wp\/v2\/posts\/38011","targetHints":{"allow":["GET"]}}],"collection":[{"href":"https:\/\/www.wwwagner.tv\/index.php?rest_route=\/wp\/v2\/posts"}],"about":[{"href":"https:\/\/www.wwwagner.tv\/index.php?rest_route=\/wp\/v2\/types\/post"}],"author":[{"embeddable":true,"href":"https:\/\/www.wwwagner.tv\/index.php?rest_route=\/wp\/v2\/users\/2"}],"replies":[{"embeddable":true,"href":"https:\/\/www.wwwagner.tv\/index.php?rest_route=%2Fwp%2Fv2%2Fcomments&post=38011"}],"version-history":[{"count":19,"href":"https:\/\/www.wwwagner.tv\/index.php?rest_route=\/wp\/v2\/posts\/38011\/revisions"}],"predecessor-version":[{"id":38059,"href":"https:\/\/www.wwwagner.tv\/index.php?rest_route=\/wp\/v2\/posts\/38011\/revisions\/38059"}],"wp:featuredmedia":[{"embeddable":true,"href":"https:\/\/www.wwwagner.tv\/index.php?rest_route=\/wp\/v2\/media\/32866"}],"wp:attachment":[{"href":"https:\/\/www.wwwagner.tv\/index.php?rest_route=%2Fwp%2Fv2%2Fmedia&parent=38011"}],"wp:term":[{"taxonomy":"category","embeddable":true,"href":"https:\/\/www.wwwagner.tv\/index.php?rest_route=%2Fwp%2Fv2%2Fcategories&post=38011"},{"taxonomy":"post_tag","embeddable":true,"href":"https:\/\/www.wwwagner.tv\/index.php?rest_route=%2Fwp%2Fv2%2Ftags&post=38011"}],"curies":[{"name":"wp","href":"https:\/\/api.w.org\/{rel}","templated":true}]}}