{"id":38630,"date":"2017-12-02T18:05:09","date_gmt":"2017-12-02T17:05:09","guid":{"rendered":"http:\/\/www.wwwagner.tv\/?p=38630"},"modified":"2021-10-05T01:58:01","modified_gmt":"2021-10-04T23:58:01","slug":"medienmagazin-vom-02-12-2017","status":"publish","type":"post","link":"https:\/\/www.wwwagner.tv\/?p=38630","title":{"rendered":"Medienmagazin vom 02.12.2017"},"content":{"rendered":"<div style=\"height: 50px;\"><\/div>\n<p>Gesamt-PodCast:<\/p>\n <audio   controls > <source src=\"http:\/\/www.wwwagner.tv\/audio\/mm20171202.mp3\" type='audio\/mpeg' \/> <object   type=\"application\/x-shockwave-flash\"  data=\"https:\/\/www.wwwagner.tv\/wp-content\/plugins\/wphtml5player\/inc\/flowplayer.swf\"  width=\"400\"  height=\"30\"> <param name=\"movie\" value='https:\/\/www.wwwagner.tv\/wp-content\/plugins\/wphtml5player\/inc\/flowplayer.swf' \/><param name=\"allowfullscreen\" value='false' \/><param name=\"cachebusting\" value='true' \/><param name=\"bgcolor\" value='#000000' \/><param name=\"flashvars\" value='config={\"plugins\":{\"controls\":{\"height\":30,\"autoHide\":false,\"fullscreen\":false}},\"clip\":{\"autoPlay\":false,\"url\":\"http:\\\/\\\/www.wwwagner.tv\\\/audio\\\/mm20171202.mp3\"},\"playlist\":[{\"autoPlay\":false,\"url\":\"http:\\\/\\\/www.wwwagner.tv\\\/audio\\\/mm20171202.mp3\"}],\"play\":{\"opacity\":0}}' \/>  No audio playback capabilities, please download the audio below<br \/><strong>Download Audio:<\/strong> Closed Format: <a href=\"http:\/\/www.wwwagner.tv\/audio\/mm20171202.mp3\">MP3<\/a> <\/object> <!-- Generated by HTML5 Multimedia Framework (http:\/\/code.google.com\/p\/html5videoplayer) --> <\/audio>  \n<div style=\"height: 50px;\"><\/div>\n<p>[00:00] INTRO: ARD zu Kachelmann | [03:12] ARD zur Diversit\u00e4t | [10:40] ARD zur Strukturreform | [17:45] Play the game: Investigativer Sportjournalismus | [23:55] Medienmagazin-Winterbibliothek (1): Can D\u00fcndar &#8211; <a href=\"http:\/\/bit.ly\/2Aw0gP9\" rel=\"noopener noreferrer\" target=\"_blank\">VERR\u00c4TER<\/a> | [31:15] Bonus: Frauen sehen besser aus &#8211; Frauen und Fernsehen (2005) | [38:43] Bonus: Spitzenfrauen im Fokus der Medien (2010) | [46:27] Bonus: Frauenbild in den Medien &#8211; Klaudia Wick <a href=\"http:\/\/bit.ly\/1gBNSiA\" rel=\"noopener noreferrer\" target=\"_blank\">(2013)<\/a> | [1:31:38] Bonus: Frauenbild zwischen Fernsehrealit\u00e4t und Wirklichkeit <a href=\"http:\/\/bit.ly\/1hn3OTx\" rel=\"noopener noreferrer\" target=\"_blank\">(2014)<\/a> | [1:41:45] Bonus: <a href=\"http:\/\/bit.ly\/2B4J5XU\" rel=\"noopener noreferrer\" target=\"_blank\">Interview<\/a> K\u00e4the Niemeyer, Regisseurin (2014) | [1:51:59] Bonus: ARD-<a href=\"http:\/\/bit.ly\/2BBYDQ2\" rel=\"noopener noreferrer\" target=\"_blank\">Pressekonferenz<\/a>, 29.11.2017<\/p>\n<div style=\"height: 50px;\"><\/div>\n<hr \/>\n<p><span style=\"font-size: 11pt; font-family: tahoma,arial,helvetica,sans-serif;\"><br \/>\n<b>INTRO: Kachelmann und die ARD<\/b><br \/>\nO-Ton: Volker Herres, Programmdirektor Das Erste, ARD-PK, 29.11.2017, Leipzig<br \/>\n<span style=\"font-size: 11pt; font-family: tahoma,arial,helvetica,sans-serif;\"><br \/>\n<b>1. ARD-Hauptversammlung in Leipzig: Diversit\u00e4t<\/b><br \/>\nDie ARD hat auf ihrer Hauptversammlung in dieser Woche in Leipzig beschlossen ihre Programme und Formate verst\u00e4rkt auf die Darstellung der Geschlechterrollen zu untersuchen und gegebenenfalls der Realit\u00e4t anzupassen. Damit reagierte sie auf die <a href=\"http:\/\/bit.ly\/2A8x8wB\" rel=\"noopener noreferrer\" target=\"_blank\">Studie<\/a> &#8222;Audiovisuelle Diversit\u00e4t &#8211; Geschlechterdarstellungen in Film und Fernsehen in Deutschland&#8220; der Universit\u00e4t Rostock und der MaLisa-Stiftung, die von der Schauspielerin Maria Furtw\u00e4ngler initiiert wurde. Dazu im Interview die ARD-Vorsitzende Prof. Dr. Karola Wille. + historische O-T\u00f6ne:<br \/>\n    \u2022 Barbara Sichtermann #r1MM 21.05.2005<br \/>\n    \u2022 Renate K\u00fcnast, B90\/Die Gr\u00fcnen #r1MM 26.06.2010<br \/>\n    \u2022 Klaudia Wick, 36. Herbsttreffen der Medienfrauen, 08.11.2013<br \/>\n    \u2022 Belinde Ruth Stieve, Schauspielerin, Mitglied im BFFS, Betreiberin des Blogs \u201eSchspIN \u2013 Gedanken einer Schauspielerin\u201c , 22.01.2014<br \/>\n<span style=\"font-size: 11pt; font-family: tahoma,arial,helvetica,sans-serif;\"><br \/>\n<b>2. ARD-Hauptversammlung in Leipzig: Strukturreform<\/b><br \/>\n    \u2022 Steffen Flath, mdr-Rundfunkratsvorsitzender, Vorsitzender der GVK<br \/>\n    \u2022 Bj\u00f6rn B\u00f6hning, Chef der Senatskanzlei, Berlin (17.10.2017)<br \/>\nInterview mit Prof. Dr. Karola Wille, ARD-Vorsitzende, mdr-Intendantin<br \/>\n<span style=\"font-size: 11pt; font-family: tahoma,arial,helvetica,sans-serif;\"><br \/>\n<b>3. IOC vor Russland-Bann? Zur Rolle des investigativen Sportjournalismus<\/b><br \/>\nBericht von der Tagung \u201ePlay the Game\u201c (Eindhoven, Niederlande)<br \/>\nStudiogespr\u00e4ch mit O-T\u00f6nen von:<br \/>\n    \u2022 Richard Pound, ehem. Leiter Welt-Anti-Doping-Agentur WADA (Kanada)<br \/>\n    \u2022 Jens Sejer Andersen, Leiter \u201ePlay the Game\u201c (D\u00e4nemark)<br \/>\n    \u2022 Thomas Horky, Prof. Sportjournalismus (Hamburg)<br \/>\nAutor: Daniel Bouhs<br \/>\n<span style=\"font-size: 11pt; font-family: tahoma,arial,helvetica,sans-serif;\"><br \/>\n<b>4. Medienmagazin-Winterbibliothek (1)<\/b><br \/>\nCan D\u00fcndar &#8211; VERR\u00c4TER<br \/>\nVon Istanbul nach Berlin. Aufzeichnungen im deutschen Exil<br \/>\n<a href=\"http:\/\/bit.ly\/2Aw0gP9\" rel=\"noopener noreferrer\" target=\"_blank\">Rezension<\/a> mit drei O-T\u00f6nen von Can D\u00fcndar, Ex-Chefredakteur der t\u00fcrkischen Tageszeitung \u203aCumhuriyet\u2039<br \/>\nAutorin: Vera Lin\u00df<br \/>\nVgl.: <a href=\"http:\/\/www.hoffmann-und-campe.de\/buch-info\/verraeter-buch-8949\/\" rel=\"noopener noreferrer\" target=\"_blank\">http:\/\/www.hoffmann-und-campe.de\/buch-info\/verraeter-buch-8949\/<\/a><br \/>\n<span style=\"font-size: 11pt; font-family: tahoma,arial,helvetica,sans-serif;\"><br \/>\n<b>PodCast-Bonus<\/b>:<br \/>\n\u00b0 Medien-Buchtipp:<br \/>\nFrauen sehen besser aus &#8211; Frauen und Fernsehen<br \/>\nStudiogespr\u00e4ch mit O-T\u00f6nen von Mitautorin Barbara Sichtermann<br \/>\nAutorin: Vera Lin\u00df ori.\/6:33<br \/>\nQuelle: #r1MM 21.05.2005<br \/>\nTitel: Frauen sehen besser aus &#8211; Frauen und Fernsehen<br \/>\nAutoren: Barbara Sichtermann und Andrea Kaiser<br \/>\nVerlag: Antje Kunstmann Verlag<br \/>\nM\u00fcnchen (01.03.2005)<br \/>\nPreis: 18,90 EUR<br \/>\nFormat: gebunden mit Schutzumschlag, 192 S<br \/>\nISBN: 3-88897-389-9<br \/>\n<span style=\"font-size: 11pt; font-family: tahoma,arial,helvetica,sans-serif;\"><br \/>\n\u00b0 Medien und Frauen \u2013 Wandel der Geschlechterbilder<br \/>\nImmer mehr weibliches Spitzenpersonal betritt die politische B\u00fchne. Bestes Beispiel: Bundeskanzlerin Angela Merkel. \u00c4ndern sich dadurch die Rollenbilder der Geschlechter in den Medien? Bericht von der Fachtagung &#8222;Spitzenfrauen im Fokus der Medien&#8220; (23.06.2010).<br \/>\nStudiogespr\u00e4ch mit O-T\u00f6nen von:<br \/>\n    \u2022 Renate K\u00fcnast, B90\/Die Gr\u00fcnen<br \/>\n    \u2022 Margreth L\u00fcnenborg, FU Berlin und<br \/>\n    \u2022 Elke Grittmann, Universit\u00e4t Augsburg.<br \/>\nAutorin: Vera Lin\u00df<br \/>\nQuelle: #r1MM 26.06.2010<br \/>\n<span style=\"font-size: 11pt; font-family: tahoma,arial,helvetica,sans-serif;\"><br \/>\n\u00b0 Vortrag &#8222;Frauenbild in den Medien&#8220;, Klaudia Wick<br \/>\nQuelle: 36. <a href=\"http:\/\/bit.ly\/1gBNSiA\" rel=\"noopener noreferrer\" target=\"_blank\">Herbsttreffen<\/a> der Medienfrauen, Berlin, rbb, 08.11.2013<br \/>\n<span style=\"font-size: 11pt; font-family: tahoma,arial,helvetica,sans-serif;\"><br \/>\n\u00b0 Wer spielt im deutschen Fernsehen eine Rolle?<br \/>\nFrauenbild zwischen Fernsehrealit\u00e4t und Wirklichkeit<br \/>\nO-T\u00f6ne von einer <a href=\"http:\/\/bit.ly\/1hn3OTx\" rel=\"noopener noreferrer\" target=\"_blank\">Veranstaltung<\/a> des WIFT diese Woche im Gr\u00fcnen Salon der Volksb\u00fchne<br \/>\nWIFT = Women in Film and Television Germany e.V.<br \/>\nWIFT Germany ist ein Gesch\u00e4ftsnetzwerk f\u00fcr Frauen in der Film und Fernsehbranche und den digitalen Medien<br \/>\nAusschnitt aus der Diskussionsrunde des WIFT<br \/>\nInterview mit drei Schauspielerinnen<br \/>\n<a href=\"http:\/\/bit.ly\/2B4J5XU\" rel=\"noopener noreferrer\" target=\"_blank\">Interview<\/a> K\u00e4the Niemeyer, Regisseurin am Rande einer <a href=\"http:\/\/bit.ly\/2IzAQ9f\" rel=\"noopener noreferrer\" target=\"_blank\">Podiumsdiskussion<\/a> \u201eFrauenbild zwischen Fernsehrealit\u00e4t und Wirklichkeit\u201c (22.01.2014)<br \/>\n<a href=\"http:\/\/www.wiftg.de\/\" rel=\"noopener noreferrer\" target=\"_blank\">http:\/\/www.wiftg.de\/<\/a><br \/>\n<span style=\"font-size: 11pt; font-family: tahoma,arial,helvetica,sans-serif;\"><br \/>\n\u00b0 ARD-Pressekonferenz vom 29.11.2017 in Leipzig<br \/>\nWas: ARD-<a href=\"http:\/\/bit.ly\/2BBYDQ2\" rel=\"noopener noreferrer\" target=\"_blank\">Pressekonferenz<\/a> nach der Hauptversammlung<br \/>\nWer:<br \/>\n    \u2022 Steffen Grimberg, ARD-Sprecher<br \/>\n    \u2022 Astrid Plenk, Programmgesch\u00e4ftsf\u00fchrerin KiKa<br \/>\n    \u2022 Volker Herres, Programmdirektor \u201eDas Erste\u201c<br \/>\n    \u2022 Prof. Dr. Karola Wille, ARD-Vorsitzende, mdr-Intendantin<br \/>\n    \u2022 Steffen Flath, Vorsitzender des mdr-Rundfunkrats, Vorsitzender der ARD-Gremienvorsitzendenkonferenz (GVK)<br \/>\n    \u2022 Nathalie Wappler Hagen, mdr-Programmdirektorin, Vorsitzende der ARD-H\u00f6rfunkkommission<br \/>\n    \u2022 Florian Hager, ARD\/ZDF-Programmgesch\u00e4ftsf\u00fchrer \u201efunk\u201c<br \/>\nWo: Leipzig, mdr-Hochhaus, 13. Etage<br \/>\nWann: 29.11.2017, 10:02 Uhr<\/p>\n<hr \/>\n<figure id=\"attachment_38631\" aria-describedby=\"caption-attachment-38631\" style=\"width: 1024px\" class=\"wp-caption alignnone\"><a href=\"http:\/\/www.wwwagner.tv\/wp-content\/uploads\/20171202_radioeinspodcast_1024-x-512.jpg\"><img loading=\"lazy\" decoding=\"async\" src=\"http:\/\/www.wwwagner.tv\/wp-content\/uploads\/20171202_radioeinspodcast_1024-x-512.jpg\" alt=\"\" width=\"1024\" height=\"512\" class=\"size-full wp-image-38631\" srcset=\"https:\/\/www.wwwagner.tv\/wp-content\/uploads\/20171202_radioeinspodcast_1024-x-512.jpg 1024w, https:\/\/www.wwwagner.tv\/wp-content\/uploads\/20171202_radioeinspodcast_1024-x-512-300x150.jpg 300w, https:\/\/www.wwwagner.tv\/wp-content\/uploads\/20171202_radioeinspodcast_1024-x-512-768x384.jpg 768w\" sizes=\"auto, (max-width: 1024px) 100vw, 1024px\" \/><\/a><figcaption id=\"caption-attachment-38631\" class=\"wp-caption-text\">Karola Wille | Foto: \u00a9 J\u00f6rg Wagner<\/figcaption><\/figure>\n<hr \/>\n<div style=\"height: 5px;\"><\/div>\n<p><html><br \/>\n     <head><\/p>\n<style type=\"text\/css\">\n       body {\n                     background: #DADADA;\n       }\n      <\/style>\n<p>     <\/head><br \/>\n     <body><br \/>\n<\/body><br \/>\n    <\/html><br \/>\n<script src=\"https:\/\/apis.google.com\/js\/plusone.js\" type=\"text\/javascript\">\/\/ < ![CDATA[ {lang: 'de'} \/\/ ]]><\/script><br \/>\n<script src=\"http:\/\/twittercounter.com\/embed\/?username=medienmagazin&amp;style=avatar\" type=\"text\/javascript\"><\/script><\/p>\n<p><noscript><a href=\"http:\/\/twittercounter.com\/medienmagazin\">medienmagazin on Twitter Counter<\/a><\/noscript><\/span><\/span><\/span><\/span><\/span><\/span><\/span><\/span><\/span><\/span><\/p>\n","protected":false},"excerpt":{"rendered":"<p>Gesamt-PodCast: No audio playback capabilities, please download the audio belowDownload Audio: Closed Format: MP3 [00:00] INTRO: ARD zu Kachelmann | [03:12] ARD zur Diversit\u00e4t | [10:40] ARD zur Strukturreform | [17:45] Play the game: Investigativer Sportjournalismus | [23:55] Medienmagazin-Winterbibliothek (1): Can D\u00fcndar &#8211; VERR\u00c4TER | [31:15] Bonus: Frauen sehen besser aus &#8211; Frauen und Fernsehen [&hellip;]<\/p>\n","protected":false},"author":2,"featured_media":32866,"comment_status":"open","ping_status":"open","sticky":false,"template":"","format":"standard","meta":{"_monsterinsights_skip_tracking":false,"_monsterinsights_sitenote_active":false,"_monsterinsights_sitenote_note":"","_monsterinsights_sitenote_category":0,"footnotes":""},"categories":[4],"tags":[30,62,631,531],"class_list":["post-38630","post","type-post","status-publish","format-standard","has-post-thumbnail","hentry","category-medienmagazin","tag-ard","tag-frauenbilder","tag-medienbuch","tag-sportjournalismus"],"_links":{"self":[{"href":"https:\/\/www.wwwagner.tv\/index.php?rest_route=\/wp\/v2\/posts\/38630","targetHints":{"allow":["GET"]}}],"collection":[{"href":"https:\/\/www.wwwagner.tv\/index.php?rest_route=\/wp\/v2\/posts"}],"about":[{"href":"https:\/\/www.wwwagner.tv\/index.php?rest_route=\/wp\/v2\/types\/post"}],"author":[{"embeddable":true,"href":"https:\/\/www.wwwagner.tv\/index.php?rest_route=\/wp\/v2\/users\/2"}],"replies":[{"embeddable":true,"href":"https:\/\/www.wwwagner.tv\/index.php?rest_route=%2Fwp%2Fv2%2Fcomments&post=38630"}],"version-history":[{"count":23,"href":"https:\/\/www.wwwagner.tv\/index.php?rest_route=\/wp\/v2\/posts\/38630\/revisions"}],"predecessor-version":[{"id":50638,"href":"https:\/\/www.wwwagner.tv\/index.php?rest_route=\/wp\/v2\/posts\/38630\/revisions\/50638"}],"wp:featuredmedia":[{"embeddable":true,"href":"https:\/\/www.wwwagner.tv\/index.php?rest_route=\/wp\/v2\/media\/32866"}],"wp:attachment":[{"href":"https:\/\/www.wwwagner.tv\/index.php?rest_route=%2Fwp%2Fv2%2Fmedia&parent=38630"}],"wp:term":[{"taxonomy":"category","embeddable":true,"href":"https:\/\/www.wwwagner.tv\/index.php?rest_route=%2Fwp%2Fv2%2Fcategories&post=38630"},{"taxonomy":"post_tag","embeddable":true,"href":"https:\/\/www.wwwagner.tv\/index.php?rest_route=%2Fwp%2Fv2%2Ftags&post=38630"}],"curies":[{"name":"wp","href":"https:\/\/api.w.org\/{rel}","templated":true}]}}