{"id":38657,"date":"2017-12-04T18:12:59","date_gmt":"2017-12-04T17:12:59","guid":{"rendered":"http:\/\/www.wwwagner.tv\/?p=38657"},"modified":"2017-12-07T12:14:50","modified_gmt":"2017-12-07T11:14:50","slug":"mut-zur-wirklichkeit-die-rolle-des-dokumentarischen-fernsehens-fuer-das-gelingen-von-gesellschaft","status":"publish","type":"post","link":"https:\/\/www.wwwagner.tv\/?p=38657","title":{"rendered":"MUT ZUR WIRKLICHKEIT! Die Rolle des dokumentarischen Fernsehens f\u00fcr das Gelingen von Gesellschaft"},"content":{"rendered":"<figure id=\"attachment_38658\" aria-describedby=\"caption-attachment-38658\" style=\"width: 1100px\" class=\"wp-caption alignnone\"><a href=\"http:\/\/www.wwwagner.tv\/wp-content\/uploads\/20171204_DSC0823_agdok_1100-x-585.jpg\"><img loading=\"lazy\" decoding=\"async\" src=\"http:\/\/www.wwwagner.tv\/wp-content\/uploads\/20171204_DSC0823_agdok_1100-x-585.jpg\" alt=\"Dietmar Post - G\u00fcnter Wallraff - Thorolf Lipp - Malte Kr\u00fcckels - Ulrich Teusch | Foto: \u00a9 J\u00f6rg Wagner\" width=\"1100\" height=\"585\" class=\"size-full wp-image-38658\" srcset=\"https:\/\/www.wwwagner.tv\/wp-content\/uploads\/20171204_DSC0823_agdok_1100-x-585.jpg 1100w, https:\/\/www.wwwagner.tv\/wp-content\/uploads\/20171204_DSC0823_agdok_1100-x-585-300x160.jpg 300w, https:\/\/www.wwwagner.tv\/wp-content\/uploads\/20171204_DSC0823_agdok_1100-x-585-768x408.jpg 768w, https:\/\/www.wwwagner.tv\/wp-content\/uploads\/20171204_DSC0823_agdok_1100-x-585-1024x545.jpg 1024w\" sizes=\"auto, (max-width: 1100px) 100vw, 1100px\" \/><\/a><figcaption id=\"caption-attachment-38658\" class=\"wp-caption-text\">Dietmar Post &#8211; G\u00fcnter Wallraff &#8211; Thorolf Lipp &#8211; Malte Kr\u00fcckels &#8211; Ulrich Teusch | Foto: \u00a9 J\u00f6rg Wagner<\/figcaption><\/figure>\n<div style=\"height: 30px;\"><\/div>\n<p>Aus der Beschreibung der Veranstalter: <\/p>\n<blockquote><p>&#8222;Sorgf\u00e4ltig produzierte dokumentarische Sendungen stellen seit der Gr\u00fcndung des \u00f6ffentlich-rechtlichen Fernsehens in Deutschland eine wesentliche S\u00e4ule des Programmangebotes dar. Aber weil im Zuge erheblicher Konkurrenz durch private Anbieter eindimensionale Geschichten und einfache Wahrheiten, Unterhaltung und Emotionalisierung beim Zuschauer oft besser anzukommen scheinen, laufen die \u00f6ffentlich-rechtlichen Sender Gefahr zu glauben, ihrem Publikum eine differenzierte und anspruchsvolle Auseinandersetzung mit der Wirklichkeit nicht mehr zumuten zu d\u00fcrfen. Die AG DOK fordert, den Auftrag des \u00f6ffentlich-rechtlichen Rundfunks dahingehend zu pr\u00e4zisieren, dass er von den Sende-Anstalten das genaue Gegenteil verlangt. In einer immer komplexer werdenden Welt hat ein \u00f6ffentlich-rechtliches Rundfunksystem nur dann eine Chance auf Bestand, wenn sein Angebot sich an seinem am Public Value orientierten Auftrag messen l\u00e4sst. Und dieser Auftrag lautet in erster Linie: Mut zur Wirklichkeit! Es geht darum, Wirklichkeit so pr\u00e4zise und vielschichtig wie m\u00f6glich abzubilden, um auf dieser Grundlage mit einem H\u00f6chstma\u00df an Glaubw\u00fcrdigkeit demokratische Willensbildung zu erm\u00f6glichen. Dieser Auftrag l\u00e4sst sich nicht halbherzig ausf\u00fchren, denn der Prozess freier individueller und \u00f6ffentlicher Meinungsbildung ist f\u00fcr die Demokratie alternativlos.&#8220;<\/p><\/blockquote>\n<div style=\"height: 10px;\"><\/div>\n <audio   controls > <source src=\"http:\/\/www.wwwagner.tv\/audio\/20171204_agdok_diskussion_96.mp3\" type='audio\/mpeg' \/> <object   type=\"application\/x-shockwave-flash\"  data=\"https:\/\/www.wwwagner.tv\/wp-content\/plugins\/wphtml5player\/inc\/flowplayer.swf\"  width=\"400\"  height=\"30\"> <param name=\"movie\" value='https:\/\/www.wwwagner.tv\/wp-content\/plugins\/wphtml5player\/inc\/flowplayer.swf' \/><param name=\"allowfullscreen\" value='false' \/><param name=\"cachebusting\" value='true' \/><param name=\"bgcolor\" value='#000000' \/><param name=\"flashvars\" value='config={\"plugins\":{\"controls\":{\"height\":30,\"autoHide\":false,\"fullscreen\":false}},\"clip\":{\"autoPlay\":false,\"url\":\"http:\\\/\\\/www.wwwagner.tv\\\/audio\\\/20171204_agdok_diskussion_96.mp3\"},\"playlist\":[{\"autoPlay\":false,\"url\":\"http:\\\/\\\/www.wwwagner.tv\\\/audio\\\/20171204_agdok_diskussion_96.mp3\"}],\"play\":{\"opacity\":0}}' \/>  No audio playback capabilities, please download the audio below<br \/><strong>Download Audio:<\/strong> Closed Format: <a href=\"http:\/\/www.wwwagner.tv\/audio\/20171204_agdok_diskussion_96.mp3\">MP3<\/a> <\/object> <!-- Generated by HTML5 Multimedia Framework (http:\/\/code.google.com\/p\/html5videoplayer) --> <\/audio>  \n<div style=\"height: 10px;\"><\/div>\n<p><u>Was<\/u>: Podiumsdiskussion: &#8222;MUT ZUR WIRKLICHKEIT!<br \/>\nDie Rolle des dokumentarischen Fernsehens f\u00fcr das Gelingen von Gesellschaft&#8220;<br \/>\nveranstaltet von <a href=\"https:\/\/agdok.de\/de_DE\" rel=\"noopener\" target=\"_blank\">AG DOK<\/a> und <a href=\"https:\/\/www.deutscheakademiefuerfernsehen.de\/rl\/\" rel=\"noopener\" target=\"_blank\">Deutschen Akademie f\u00fcr Fernsehen<\/a><br \/>\n<u>Wer<\/u>:<br \/>\n* Dietmar Post, Dokumentarfilmregisseur und Produzent, AG DOK<br \/>\n* G\u00fcnter Wallraff, Journalist und Schriftsteller<br \/>\n* Dr. Thorolf Lipp, Vorstand AG DOK, Mitglied Deutsche Akademie f\u00fcr Fernsehen (Moderation)<br \/>\n* Malte Kr\u00fcckels, Staatssekret\u00e4r f\u00fcr Medien des Freistaates Th\u00fcringen<br \/>\n* Prof. Dr. Ulrich Teusch, Politikwissenschaftler, Publizist, Sachbuchautor (&#8222;L\u00fcckenpresse. Das Ende des Journalismus, wie wir ihn kannten&#8220;) und Blogger <a href=\"https:\/\/augenaufunddurch.net\" rel=\"noopener\" target=\"_blank\">https:\/\/augenaufunddurch.net<\/a><br \/>\n<u>Wo<\/u>: Berlin, Kino Babylon<br \/>\n<u>Wann<\/u>: 04.12.2017, 18:12 Uhr<\/p>\n<div style=\"height: 10px;\"><\/div>\n<div style=\"height: 10px;\"><\/div>\n<hr \/>\n<div style=\"height: 5px;\"><\/div>\n<p><html><br \/>\n     <head><\/p>\n<style type=\"text\/css\">\n       body {\n                     background: #DADADA;\n       }\n      <\/style>\n<p>     <\/head><br \/>\n     <body><br \/>\n<\/body><br \/>\n    <\/html><br \/>\n<script src=\"https:\/\/apis.google.com\/js\/plusone.js\" type=\"text\/javascript\">\/\/ < ![CDATA[ {lang: 'de'} \/\/ ]]><\/script><br \/>\n<script src=\"http:\/\/twittercounter.com\/embed\/?username=medienmagazin&amp;style=avatar\" type=\"text\/javascript\"><\/script><\/p>\n<p><noscript><a href=\"http:\/\/twittercounter.com\/medienmagazin\">medienmagazin on Twitter Counter<\/a><\/noscript><\/p>\n","protected":false},"excerpt":{"rendered":"<p>Aus der Beschreibung der Veranstalter: &#8222;Sorgf\u00e4ltig produzierte dokumentarische Sendungen stellen seit der Gr\u00fcndung des \u00f6ffentlich-rechtlichen Fernsehens in Deutschland eine wesentliche S\u00e4ule des Programmangebotes dar. Aber weil im Zuge erheblicher Konkurrenz durch private Anbieter eindimensionale Geschichten und einfache Wahrheiten, Unterhaltung und Emotionalisierung beim Zuschauer oft besser anzukommen scheinen, laufen die \u00f6ffentlich-rechtlichen Sender Gefahr zu glauben, ihrem [&hellip;]<\/p>\n","protected":false},"author":2,"featured_media":0,"comment_status":"open","ping_status":"open","sticky":false,"template":"","format":"standard","meta":{"_monsterinsights_skip_tracking":false,"_monsterinsights_sitenote_active":false,"_monsterinsights_sitenote_note":"","_monsterinsights_sitenote_category":0,"footnotes":""},"categories":[53],"tags":[361,806],"class_list":["post-38657","post","type-post","status-publish","format-standard","hentry","category-dokument","tag-dokfilm","tag-doku"],"_links":{"self":[{"href":"https:\/\/www.wwwagner.tv\/index.php?rest_route=\/wp\/v2\/posts\/38657","targetHints":{"allow":["GET"]}}],"collection":[{"href":"https:\/\/www.wwwagner.tv\/index.php?rest_route=\/wp\/v2\/posts"}],"about":[{"href":"https:\/\/www.wwwagner.tv\/index.php?rest_route=\/wp\/v2\/types\/post"}],"author":[{"embeddable":true,"href":"https:\/\/www.wwwagner.tv\/index.php?rest_route=\/wp\/v2\/users\/2"}],"replies":[{"embeddable":true,"href":"https:\/\/www.wwwagner.tv\/index.php?rest_route=%2Fwp%2Fv2%2Fcomments&post=38657"}],"version-history":[{"count":10,"href":"https:\/\/www.wwwagner.tv\/index.php?rest_route=\/wp\/v2\/posts\/38657\/revisions"}],"predecessor-version":[{"id":38668,"href":"https:\/\/www.wwwagner.tv\/index.php?rest_route=\/wp\/v2\/posts\/38657\/revisions\/38668"}],"wp:attachment":[{"href":"https:\/\/www.wwwagner.tv\/index.php?rest_route=%2Fwp%2Fv2%2Fmedia&parent=38657"}],"wp:term":[{"taxonomy":"category","embeddable":true,"href":"https:\/\/www.wwwagner.tv\/index.php?rest_route=%2Fwp%2Fv2%2Fcategories&post=38657"},{"taxonomy":"post_tag","embeddable":true,"href":"https:\/\/www.wwwagner.tv\/index.php?rest_route=%2Fwp%2Fv2%2Ftags&post=38657"}],"curies":[{"name":"wp","href":"https:\/\/api.w.org\/{rel}","templated":true}]}}