{"id":38782,"date":"2017-12-16T18:05:43","date_gmt":"2017-12-16T17:05:43","guid":{"rendered":"http:\/\/www.wwwagner.tv\/?p=38782"},"modified":"2017-12-20T13:15:40","modified_gmt":"2017-12-20T12:15:40","slug":"medienmagazin-vom-16-12-2017","status":"publish","type":"post","link":"https:\/\/www.wwwagner.tv\/?p=38782","title":{"rendered":"Medienmagazin vom 16.12.2017"},"content":{"rendered":"<div style=\"height: 50px;\"><\/div>\n<p>Gesamt-PodCast:<\/p>\n<p> <audio   controls > <source src=\"http:\/\/rbbmediapmdp-a.akamaihd.net\/content\/94dff387-0f43-4f99-9146-5dcbdfa85f38_456687fe-4930-450e-b0d2-1314531f365f.mp3\" type='audio\/mpeg' \/> <object   type=\"application\/x-shockwave-flash\"  data=\"https:\/\/www.wwwagner.tv\/wp-content\/plugins\/wphtml5player\/inc\/flowplayer.swf\"  width=\"400\"  height=\"30\"> <param name=\"movie\" value='https:\/\/www.wwwagner.tv\/wp-content\/plugins\/wphtml5player\/inc\/flowplayer.swf' \/><param name=\"allowfullscreen\" value='false' \/><param name=\"cachebusting\" value='true' \/><param name=\"bgcolor\" value='#000000' \/><param name=\"flashvars\" value='config={\"plugins\":{\"controls\":{\"height\":30,\"autoHide\":false,\"fullscreen\":false}},\"clip\":{\"autoPlay\":false,\"url\":\"http:\\\/\\\/rbbmediapmdp-a.akamaihd.net\\\/content\\\/94dff387-0f43-4f99-9146-5dcbdfa85f38_456687fe-4930-450e-b0d2-1314531f365f.mp3\"},\"playlist\":[{\"autoPlay\":false,\"url\":\"http:\\\/\\\/rbbmediapmdp-a.akamaihd.net\\\/content\\\/94dff387-0f43-4f99-9146-5dcbdfa85f38_456687fe-4930-450e-b0d2-1314531f365f.mp3\"}],\"play\":{\"opacity\":0}}' \/>  No audio playback capabilities, please download the audio below<br \/><strong>Download Audio:<\/strong> Closed Format: <a href=\"http:\/\/rbbmediapmdp-a.akamaihd.net\/content\/94dff387-0f43-4f99-9146-5dcbdfa85f38_456687fe-4930-450e-b0d2-1314531f365f.mp3\">MP3<\/a> <\/object> <!-- Generated by HTML5 Multimedia Framework (http:\/\/code.google.com\/p\/html5videoplayer) --> <\/audio>  <br \/>\n<a href=\"http:\/\/rbbmediapmdp-a.akamaihd.net\/content\/94dff387-0f43-4f99-9146-5dcbdfa85f38_456687fe-4930-450e-b0d2-1314531f365f.mp3\" target=\"_blank\">Download<\/a><span style=\"color: #666666;\"> (verlinkte Audio-Quelle bis zum 16.12.2018: rbb, radioeins)<\/span><\/p>\n<div style=\"height: 50px;\"><\/div>\n<p>[00:00] INTRO: T\u00fcrkische Schl\u00e4gertrupps sollten B\u00f6hmermann bestrafen | [03:28] Axel-Springer-Akademie produzierte <a href=\"http:\/\/bit.ly\/2ByZ26k\" rel=\"noopener\" target=\"_blank\">PodCast<\/a> | [25:15] Dr. <a href=\"http:\/\/bit.ly\/2ACloqn\" rel=\"noopener\" target=\"_blank\">Mathias D\u00f6pfner<\/a> zu Audio, Video und Texten | [34:02] Reporterpreis und Reporterfabrik | [47:52] Medienmagazin-Winterbibliothek <a href=\"http:\/\/bit.ly\/2CFsXcr\" rel=\"noopener\" target=\"_blank\">(3)<\/a>: Kenneth Goldsmith &#8211; Uncreative Writing. Sprachmanagement im digitalen Zeitalter | [55:16] Bonus: Cordt Schnibben &#8211; <a href=\"http:\/\/bit.ly\/2CWF0D3\" rel=\"noopener\" target=\"_blank\">18 Thesen<\/a> zur redaktionellen Gesellschaft<\/p>\n<div style=\"height: 50px;\"><\/div>\n<hr \/>\n<p><u>INTRO: T\u00fcrkische Schl\u00e4gertrupps sollten B\u00f6hmermann bestrafen<\/u><br \/>\nO-T\u00f6ne:<br \/>\n* Frontal 21, ZDF, 12.12.2017<br \/>\n* Dr. Thomas Bellut, ZDF-Intendant, Pressekonferenz, 15.12.2017 <\/p>\n<p><u>1. Springer sucht mit Audio-PodCasts neue journalistische Wege<\/u><br \/>\n\u201eALYOM \u2013 Syriens Kinder, das Giftgas &#038; Wir\u201c &#8211; unter diesem Titel startete k\u00fcrzlich BILD einen mehrteiligen <a href=\"http:\/\/bit.ly\/2ByZ26k\" rel=\"noopener\" target=\"_blank\">Audio-PodCast<\/a>, um die Folgen des Giftgasangriff in Syrien Anfang April journalistisch aufzuarbeiten. Dabei dringt man absichtsvoll in f\u00fcr das Printhaus neue Bereiche vor. Von der Axel-Springer-Akademie angeleitet, ist es den Journalisten gelungen, mit \u00dcberlebenden vor Ort zu sprechen, wie mit dem 12-j\u00e4hrigen Yusuff, der allein 29 Angeh\u00f6rige und Bekannte bei dem Angriff verlor.<br \/>\nO-Ton-Ausschnitte und Interview mit:<br \/>\n* Marc Thomas Spahl, Direktor der Axel-Springer-Akademie<br \/>\n* Angelique Geray, BILD-Volont\u00e4rin, CvD beim Projekt \u201cALYOM\u201d<br \/>\n* Florian Gehm, WELT-Volont\u00e4r im Wirtschaftsressort, CvD beim Projekt \u201cALYOM\u201d<\/p>\n<p><u>2. Von Audios, Videos und Texten<\/u><br \/>\n<a href=\"http:\/\/bit.ly\/2ACloqn\" rel=\"noopener\" target=\"_blank\">Statement<\/a> von Dr. Mathias D\u00f6pfner, Vorstandsvorsitzender der Axel Springer SE, warum man sich bewusst in Konkurrenz zu ARD\/ZDF mit Funk-Formaten begebe, den Wettbewerb bei Texten, dort wo man die eigentliche Kernkompetenz habe, jedoch bek\u00e4mpfe.<\/p>\n<p><u>3. Reporterpreis und Reporterfabrik<\/u><br \/>\n<a href=\"http:\/\/bit.ly\/2kmy22p\" rel=\"noopener\" target=\"_blank\">Interview<\/a> mit Cordt Schnibben, der aus Altersgr\u00fcnden als Redakteur und Autor aus dem SPIEGEL ausscheidet und jetzt mit einer Webakademie Nachwuchs f\u00f6rdern will<br \/>\nTwitter: <a href=\"https:\/\/twitter.com\/Reporterfabrik\" rel=\"noopener\" target=\"_blank\">@reporterfabrik<\/a><\/p>\n<p><u>4. Medienmagazin-Winterbibliothek (3)<\/u><br \/>\nKenneth Goldsmith | \u201eUncreative Writing. Sprachmanagement im digitalen Zeitalter\u201c<br \/>\nAus dem amerikanischen Englisch von Swantje Lichtenstein und Hannes Bajohr.<br \/>\nVerlag: Matthes &#038; Seitz, Berlin 2017,<br \/>\n351 Seiten, 30 Euro<br \/>\nISBN: 978-3-95757-252-3<br \/>\n<a href=\"http:\/\/bit.ly\/2CFsXcr\" rel=\"noopener\" target=\"_blank\">Studiogespr\u00e4ch<\/a> mit O-T\u00f6nen des Autors<br \/>\nAutorin: Vera Lin\u00df<br \/>\nVgl.: <a href=\"https:\/\/www.matthes-seitz-berlin.de\/buch\/uncreative-writing.html\" rel=\"noopener\" target=\"_blank\">https:\/\/www.matthes-seitz-berlin.de\/buch\/uncreative-writing.html<\/a><\/p>\n<p><u>PodCast-Bonus<\/u><br \/>\nEr\u00f6ffnungsrede zum Deutschen Reporterpreis 2017<br \/>\n<a href=\"http:\/\/bit.ly\/2CWF0D3\" rel=\"noopener\" target=\"_blank\">18 Thesen<\/a> zur redaktionellen Gesellschaft<br \/>\nCordt Schnibben, Reporterfabrik<\/p>\n<hr \/>\n<figure id=\"attachment_38785\" aria-describedby=\"caption-attachment-38785\" style=\"width: 1024px\" class=\"wp-caption alignnone\"><a href=\"http:\/\/www.wwwagner.tv\/wp-content\/uploads\/20171216_radioeinspodcast_1024-x-512.jpg\"><img loading=\"lazy\" decoding=\"async\" src=\"http:\/\/www.wwwagner.tv\/wp-content\/uploads\/20171216_radioeinspodcast_1024-x-512.jpg\" alt=\"Florian Gehm - Marc Thomas Spahl - Angelique Geray | Foto: \u00a9 J\u00f6rg Wagner\" width=\"1024\" height=\"512\" class=\"size-full wp-image-38785\" srcset=\"https:\/\/www.wwwagner.tv\/wp-content\/uploads\/20171216_radioeinspodcast_1024-x-512.jpg 1024w, https:\/\/www.wwwagner.tv\/wp-content\/uploads\/20171216_radioeinspodcast_1024-x-512-300x150.jpg 300w, https:\/\/www.wwwagner.tv\/wp-content\/uploads\/20171216_radioeinspodcast_1024-x-512-768x384.jpg 768w\" sizes=\"auto, (max-width: 1024px) 100vw, 1024px\" \/><\/a><figcaption id=\"caption-attachment-38785\" class=\"wp-caption-text\">Florian Gehm &#8211; Marc Thomas Spahl &#8211; Angelique Geray | Foto: \u00a9 J\u00f6rg Wagner<\/figcaption><\/figure>\n<hr \/>\n<div style=\"height: 5px;\"><\/div>\n<p><html><br \/>\n     <head><\/p>\n<style type=\"text\/css\">\n       body {\n                     background: #DADADA;\n       }\n      <\/style>\n<p>     <\/head><br \/>\n     <body><br \/>\n<\/body><br \/>\n    <\/html><br \/>\n<script src=\"https:\/\/apis.google.com\/js\/plusone.js\" type=\"text\/javascript\">\/\/ < ![CDATA[ {lang: 'de'} \/\/ ]]><\/script><br \/>\n<script src=\"http:\/\/twittercounter.com\/embed\/?username=medienmagazin&amp;style=avatar\" type=\"text\/javascript\"><\/script><\/p>\n<p><noscript><a href=\"http:\/\/twittercounter.com\/medienmagazin\">medienmagazin on Twitter Counter<\/a><\/noscript><\/p>\n","protected":false},"excerpt":{"rendered":"<p>Gesamt-PodCast: No audio playback capabilities, please download the audio belowDownload Audio: Closed Format: MP3 Download (verlinkte Audio-Quelle bis zum 16.12.2018: rbb, radioeins) [00:00] INTRO: T\u00fcrkische Schl\u00e4gertrupps sollten B\u00f6hmermann bestrafen | [03:28] Axel-Springer-Akademie produzierte PodCast | [25:15] Dr. Mathias D\u00f6pfner zu Audio, Video und Texten | [34:02] Reporterpreis und Reporterfabrik | [47:52] Medienmagazin-Winterbibliothek (3): Kenneth Goldsmith [&hellip;]<\/p>\n","protected":false},"author":2,"featured_media":32866,"comment_status":"open","ping_status":"open","sticky":false,"template":"","format":"standard","meta":{"_monsterinsights_skip_tracking":false,"_monsterinsights_sitenote_active":false,"_monsterinsights_sitenote_note":"","_monsterinsights_sitenote_category":0,"footnotes":""},"categories":[4],"tags":[30,776,705,341,631,865,312],"class_list":["post-38782","post","type-post","status-publish","format-standard","has-post-thumbnail","hentry","category-medienmagazin","tag-ard","tag-axel-springer-se","tag-deutscher-reporterpreis","tag-jan-bohmermann","tag-medienbuch","tag-podcast","tag-syrien"],"_links":{"self":[{"href":"https:\/\/www.wwwagner.tv\/index.php?rest_route=\/wp\/v2\/posts\/38782","targetHints":{"allow":["GET"]}}],"collection":[{"href":"https:\/\/www.wwwagner.tv\/index.php?rest_route=\/wp\/v2\/posts"}],"about":[{"href":"https:\/\/www.wwwagner.tv\/index.php?rest_route=\/wp\/v2\/types\/post"}],"author":[{"embeddable":true,"href":"https:\/\/www.wwwagner.tv\/index.php?rest_route=\/wp\/v2\/users\/2"}],"replies":[{"embeddable":true,"href":"https:\/\/www.wwwagner.tv\/index.php?rest_route=%2Fwp%2Fv2%2Fcomments&post=38782"}],"version-history":[{"count":13,"href":"https:\/\/www.wwwagner.tv\/index.php?rest_route=\/wp\/v2\/posts\/38782\/revisions"}],"predecessor-version":[{"id":38864,"href":"https:\/\/www.wwwagner.tv\/index.php?rest_route=\/wp\/v2\/posts\/38782\/revisions\/38864"}],"wp:featuredmedia":[{"embeddable":true,"href":"https:\/\/www.wwwagner.tv\/index.php?rest_route=\/wp\/v2\/media\/32866"}],"wp:attachment":[{"href":"https:\/\/www.wwwagner.tv\/index.php?rest_route=%2Fwp%2Fv2%2Fmedia&parent=38782"}],"wp:term":[{"taxonomy":"category","embeddable":true,"href":"https:\/\/www.wwwagner.tv\/index.php?rest_route=%2Fwp%2Fv2%2Fcategories&post=38782"},{"taxonomy":"post_tag","embeddable":true,"href":"https:\/\/www.wwwagner.tv\/index.php?rest_route=%2Fwp%2Fv2%2Ftags&post=38782"}],"curies":[{"name":"wp","href":"https:\/\/api.w.org\/{rel}","templated":true}]}}