{"id":39262,"date":"2018-01-27T18:37:45","date_gmt":"2018-01-27T17:37:45","guid":{"rendered":"http:\/\/www.wwwagner.tv\/?p=39262"},"modified":"2018-01-28T19:48:03","modified_gmt":"2018-01-28T18:48:03","slug":"digital-arabia-network-bald-republica-arabia","status":"publish","type":"post","link":"https:\/\/www.wwwagner.tv\/?p=39262","title":{"rendered":"Digital Arabia Network &#8211; bald re:publica Arabia?"},"content":{"rendered":"<p><a href=\"http:\/\/www.wwwagner.tv\/wp-content\/uploads\/20180128_dan_1100-x-546.jpg\"><img loading=\"lazy\" decoding=\"async\" src=\"http:\/\/www.wwwagner.tv\/wp-content\/uploads\/20180128_dan_1100-x-546.jpg\" alt=\"\" width=\"1100\" height=\"546\" class=\"alignnone size-full wp-image-39264\" srcset=\"https:\/\/www.wwwagner.tv\/wp-content\/uploads\/20180128_dan_1100-x-546.jpg 1100w, https:\/\/www.wwwagner.tv\/wp-content\/uploads\/20180128_dan_1100-x-546-300x149.jpg 300w, https:\/\/www.wwwagner.tv\/wp-content\/uploads\/20180128_dan_1100-x-546-768x381.jpg 768w, https:\/\/www.wwwagner.tv\/wp-content\/uploads\/20180128_dan_1100-x-546-1024x508.jpg 1024w\" sizes=\"auto, (max-width: 1100px) 100vw, 1100px\" \/><\/a><\/p>\n<div style=\"height: 30px;\"><\/div>\n<p><span style=\"font-size: 11pt; font-family: tahoma,arial,helvetica,sans-serif;\"><br \/>\nDie arabische Welt befindet sich in einem Umbruch, der in den meisten L\u00e4ndern kaum demokratische Strukturen erkennen l\u00e4sst und die mangelhafte \u00d6konomie zu wenig und zu langsam transformiert. Zugleich gibt es in der Region eine Vielzahl von sozialen und wirtschaftlichen Entrepreneuren, die auch mit Mitteln der Digitalisierung versuchen, eigene L\u00f6sungen zu entwickeln. In diesem Spannungsverh\u00e4ltnis fand vom 26.-28.01.2018 in Beirut eine Konferenz statt, die als Vorbild die re:publica hat: &#8222;Digital Arabia Network (#DAN ) Launching Event Beirut&#8220; <\/span><\/p>\n<div style=\"height: 10px;\"><\/div>\n<p> <audio   controls > <source src=\"http:\/\/www.wwwagner.tv\/audio\/mm20180127_3.mp3\" type='audio\/mpeg' \/> <object   type=\"application\/x-shockwave-flash\"  data=\"https:\/\/www.wwwagner.tv\/wp-content\/plugins\/wphtml5player\/inc\/flowplayer.swf\"  width=\"400\"  height=\"30\"> <param name=\"movie\" value='https:\/\/www.wwwagner.tv\/wp-content\/plugins\/wphtml5player\/inc\/flowplayer.swf' \/><param name=\"allowfullscreen\" value='false' \/><param name=\"cachebusting\" value='true' \/><param name=\"bgcolor\" value='#000000' \/><param name=\"flashvars\" value='config={\"plugins\":{\"controls\":{\"height\":30,\"autoHide\":false,\"fullscreen\":false}},\"clip\":{\"autoPlay\":false,\"url\":\"http:\\\/\\\/www.wwwagner.tv\\\/audio\\\/mm20180127_3.mp3\"},\"playlist\":[{\"autoPlay\":false,\"url\":\"http:\\\/\\\/www.wwwagner.tv\\\/audio\\\/mm20180127_3.mp3\"}],\"play\":{\"opacity\":0}}' \/>  No audio playback capabilities, please download the audio below<br \/><strong>Download Audio:<\/strong> Closed Format: <a href=\"http:\/\/www.wwwagner.tv\/audio\/mm20180127_3.mp3\">MP3<\/a> <\/object> <!-- Generated by HTML5 Multimedia Framework (http:\/\/code.google.com\/p\/html5videoplayer) --> <\/audio>  <br \/>\n<a href=\"http:\/\/www.wwwagner.tv\/audio\/mm20180127_3.mp3\" rel=\"noopener\" target=\"_blank\">Download<\/a><\/p>\n<div style=\"height: 10px;\"><\/div>\n<p><u>Was<\/u>: Telefoninterview zum Start der Konferenz &#8222;Digital Arabia Network&#8220; in Beirut<br \/>\n<u>Wer<\/u>: Prof. Dr. Dr. <a href=\"http:\/\/www.ayad-al-ani.com\/\" rel=\"noopener\" target=\"_blank\">Ayad Al-Ani<\/a>, <a href=\"https:\/\/www.hiig.de\/staff\/ayad-al-ani-prof-dr-dr\/\" rel=\"noopener\" target=\"_blank\">Associate Researcher<\/a> Alexander von Humboldt Institut f\u00fcr Internet und Gesellschaft gGmbH<br \/>\n<u>Wo<\/u>: Potsdam, Medienstadt < ---> Beirut, Libanon<br \/>\n<u>Wann<\/u>: 28.01.2018, 18:37 Uhr im radioeins-Medienmagazin (rbb) und in einer gek\u00fcrzten Fassung im rbb-Inforadio, <a href=\"http:\/\/bit.ly\/2DHsreX\" rel=\"noopener\" target=\"_blank\">28.01.2018<\/a>, 10:44\/15:24 Uhr<\/p>\n<div style=\"height: 10px;\"><\/div>\n<p><u>Vgl<\/u>.:<br \/>\n* <a href=\"http:\/\/d-arabia.net\/\" rel=\"noopener\" target=\"_blank\">http:\/\/d-arabia.net\/<\/a><br \/>\n* Digital Arabia Network bei twitter &#8212;> <a href=\"https:\/\/twitter.com\/dan_arabia\" rel=\"noopener\" target=\"_blank\">https:\/\/twitter.com\/dan_arabia<\/a><br \/>\n* Digital Arabia Network bei facebook &#8212;> <a href=\"https:\/\/www.facebook.com\/DIGITALARABIANETWORK\/\" rel=\"noopener\" target=\"_blank\">https:\/\/www.facebook.com\/DIGITALARABIANETWORK\/<\/a><\/p>\n<div style=\"height: 10px;\"><\/div>\n<hr \/>\n<div style=\"height: 5px;\"><\/div>\n<p><html><br \/>\n     <head><\/p>\n<style type=\"text\/css\">\n       body {\n                     background: #DADADA;\n       }\n      <\/style>\n<p>     <\/head><br \/>\n     <body><br \/>\n<\/body><br \/>\n    <\/html><br \/>\n<script src=\"https:\/\/apis.google.com\/js\/plusone.js\" type=\"text\/javascript\">\/\/ < ![CDATA[ {lang: 'de'} \/\/ ]]><\/script><br \/>\n<script src=\"http:\/\/twittercounter.com\/embed\/?username=medienmagazin&amp;style=avatar\" type=\"text\/javascript\"><\/script><\/p>\n<p><noscript><a href=\"http:\/\/twittercounter.com\/medienmagazin\">medienmagazin on Twitter Counter<\/a><\/noscript><\/p>\n","protected":false},"excerpt":{"rendered":"<p>Die arabische Welt befindet sich in einem Umbruch, der in den meisten L\u00e4ndern kaum demokratische Strukturen erkennen l\u00e4sst und die mangelhafte \u00d6konomie zu wenig und zu langsam transformiert. Zugleich gibt es in der Region eine Vielzahl von sozialen und wirtschaftlichen Entrepreneuren, die auch mit Mitteln der Digitalisierung versuchen, eigene L\u00f6sungen zu entwickeln. In diesem Spannungsverh\u00e4ltnis [&hellip;]<\/p>\n","protected":false},"author":2,"featured_media":0,"comment_status":"open","ping_status":"open","sticky":false,"template":"","format":"standard","meta":{"_monsterinsights_skip_tracking":false,"_monsterinsights_sitenote_active":false,"_monsterinsights_sitenote_note":"","_monsterinsights_sitenote_category":0,"footnotes":""},"categories":[17],"tags":[170],"class_list":["post-39262","post","type-post","status-publish","format-standard","hentry","category-aktuell","tag-republica"],"_links":{"self":[{"href":"https:\/\/www.wwwagner.tv\/index.php?rest_route=\/wp\/v2\/posts\/39262","targetHints":{"allow":["GET"]}}],"collection":[{"href":"https:\/\/www.wwwagner.tv\/index.php?rest_route=\/wp\/v2\/posts"}],"about":[{"href":"https:\/\/www.wwwagner.tv\/index.php?rest_route=\/wp\/v2\/types\/post"}],"author":[{"embeddable":true,"href":"https:\/\/www.wwwagner.tv\/index.php?rest_route=\/wp\/v2\/users\/2"}],"replies":[{"embeddable":true,"href":"https:\/\/www.wwwagner.tv\/index.php?rest_route=%2Fwp%2Fv2%2Fcomments&post=39262"}],"version-history":[{"count":8,"href":"https:\/\/www.wwwagner.tv\/index.php?rest_route=\/wp\/v2\/posts\/39262\/revisions"}],"predecessor-version":[{"id":39271,"href":"https:\/\/www.wwwagner.tv\/index.php?rest_route=\/wp\/v2\/posts\/39262\/revisions\/39271"}],"wp:attachment":[{"href":"https:\/\/www.wwwagner.tv\/index.php?rest_route=%2Fwp%2Fv2%2Fmedia&parent=39262"}],"wp:term":[{"taxonomy":"category","embeddable":true,"href":"https:\/\/www.wwwagner.tv\/index.php?rest_route=%2Fwp%2Fv2%2Fcategories&post=39262"},{"taxonomy":"post_tag","embeddable":true,"href":"https:\/\/www.wwwagner.tv\/index.php?rest_route=%2Fwp%2Fv2%2Ftags&post=39262"}],"curies":[{"name":"wp","href":"https:\/\/api.w.org\/{rel}","templated":true}]}}