{"id":39372,"date":"2018-02-10T18:05:51","date_gmt":"2018-02-10T17:05:51","guid":{"rendered":"http:\/\/www.wwwagner.tv\/?p=39372"},"modified":"2018-02-24T01:29:14","modified_gmt":"2018-02-24T00:29:14","slug":"medienmagazin-vom-10-02-2018","status":"publish","type":"post","link":"https:\/\/www.wwwagner.tv\/?p=39372","title":{"rendered":"Medienmagazin vom 10.02.2018"},"content":{"rendered":"<div style=\"height: 50px;\"><\/div>\n<p>Gesamt-PodCast:<\/p>\n<p> <audio   controls > <source src=\"https:\/\/rbbmediapmdp-a.akamaihd.net\/content\/065fc7b3-b767-4301-a81b-d1d0c890ed30_7df29c9c-538e-412c-9db0-4c627a0d6460.mp3\" type='audio\/mpeg' \/> <object   type=\"application\/x-shockwave-flash\"  data=\"https:\/\/www.wwwagner.tv\/wp-content\/plugins\/wphtml5player\/inc\/flowplayer.swf\"  width=\"400\"  height=\"30\"> <param name=\"movie\" value='https:\/\/www.wwwagner.tv\/wp-content\/plugins\/wphtml5player\/inc\/flowplayer.swf' \/><param name=\"allowfullscreen\" value='false' \/><param name=\"cachebusting\" value='true' \/><param name=\"bgcolor\" value='#000000' \/><param name=\"flashvars\" value='config={\"plugins\":{\"controls\":{\"height\":30,\"autoHide\":false,\"fullscreen\":false}},\"clip\":{\"autoPlay\":false,\"url\":\"https:\\\/\\\/rbbmediapmdp-a.akamaihd.net\\\/content\\\/065fc7b3-b767-4301-a81b-d1d0c890ed30_7df29c9c-538e-412c-9db0-4c627a0d6460.mp3\"},\"playlist\":[{\"autoPlay\":false,\"url\":\"https:\\\/\\\/rbbmediapmdp-a.akamaihd.net\\\/content\\\/065fc7b3-b767-4301-a81b-d1d0c890ed30_7df29c9c-538e-412c-9db0-4c627a0d6460.mp3\"}],\"play\":{\"opacity\":0}}' \/>  No audio playback capabilities, please download the audio below<br \/><strong>Download Audio:<\/strong> Closed Format: <a href=\"https:\/\/rbbmediapmdp-a.akamaihd.net\/content\/065fc7b3-b767-4301-a81b-d1d0c890ed30_7df29c9c-538e-412c-9db0-4c627a0d6460.mp3\">MP3<\/a> <\/object> <!-- Generated by HTML5 Multimedia Framework (http:\/\/code.google.com\/p\/html5videoplayer) --> <\/audio>  <br \/>\n<a href=\"https:\/\/rbbmediapmdp-a.akamaihd.net\/content\/065fc7b3-b767-4301-a81b-d1d0c890ed30_7df29c9c-538e-412c-9db0-4c627a0d6460.mp3\" target=\"_blank\">Download<\/a><span style=\"color: #666666;\"> (verlinkte Audio-Quelle bis zum 10.02.2019: rbb, radioeins)<\/span><\/p>\n<div style=\"height: 50px;\"><\/div>\n<p>[00:00] INTRO: Olympia | [02:16] London: facebook communities summit | [14:38] #metoo | [22:30] Berlin\/Brandenburg: <a href=\"http:\/\/bit.ly\/2Bo2Qcx\" rel=\"noopener\" target=\"_blank\">Serien-Hauptstadt<\/a> | [30:45] ZDF: <a href=\"http:\/\/bit.ly\/2Gb0eOh\" rel=\"noopener\" target=\"_blank\">Dokus\/Dokfilm<\/a> | [41:36] Bonus: Outtake Berlinale | [45:30] Bonus: ARD-Pressekonferenz 07.02.2018, M\u00fcnchen<\/p>\n<div style=\"height: 50px;\"><\/div>\n<hr \/>\n<p><u>INTRO: Olympia<\/u><br \/>\nO-Ton: Ulrich Wilhelm, ARD-Vorsitzender, BR-Intendant, Ausschnitt aus der ARD-PK in M\u00fcnchen am 07.02.2018<\/p>\n<p><u>1. London: facebook communities summit<\/u><br \/>\nFacebook lud am Freitag (09.02.2018) zum zweiten weltweiten Nutzer-Treffen ein, dieses Mal nach London. Es waren auch Gruppen-Betreiber aus Berlin dabei.<br \/>\nLeitungsgespr\u00e4ch<br \/>\nmit O-T\u00f6nen:<br \/>\n* Ime Archibong, im Facebook-Vorstand f\u00fcr Partnerschaften zust\u00e4ndig<br \/>\n* Mozamel Aman, mit seiner fb-Gruppe Devugees versucht er Unternehmen, die Entwickler suchen, mit Fl\u00fcchtlingen zusammenzubringen<br \/>\n* Stefanie Fassbender, K\u00f6ln, fb-Gruppe \u201eM\u00f6bel f\u00fcr Fl\u00fcchtlinge\u201c<br \/>\n* Nicola Mendelson, facebook-Europa-Chefin<br \/>\nDaniel Fiene (live)<\/p>\n<p><u>2. #metoo-Debatte<\/u><br \/>\n* Ulrich Wilhelm, ARD-Vorsitzender, BR-Intendant, Ausschnitt aus der ARD-PK in M\u00fcnchen am 07.02.2018<br \/>\n* <a href=\"http:\/\/bit.ly\/2Bo2Qcx\" rel=\"noopener\" target=\"_blank\">Kirsten Niehuus<\/a>, Gesch\u00e4ftsf\u00fchrerin der Filmf\u00f6rderung des Medienboards Berlin-Brandenburg<\/p>\n<p><u>3. Vor der Berlinale: Die Filmproduktionsmetropole Berlin-Brandenburg<\/u><br \/>\nBerlin und Brandenburg werden als Produktionsstandort weltweit stark nachgefragt. Besonders bei Serienproduktionen ist Berlin sehr beliebt.<br \/>\n<a href=\"http:\/\/bit.ly\/2Bo2Qcx\" rel=\"noopener\" target=\"_blank\">Interview<\/a> mit Kirsten Niehuus, Gesch\u00e4ftsf\u00fchrerin der Filmf\u00f6rderung des Medienboards Berlin-Brandenburg<\/p>\n<p><u>4. Dokfilm: Zu wenig Dokus im Fernsehen?<\/u><br \/>\nDie AG Dok, der Interessenverband der Dok-Filmer, fordert seit Jahren mehr Sendepl\u00e4tze im Fernsehen, vor allem f\u00fcr das Langformat 90 Minuten<br \/>\nO-Ton: Thomas Bellut, ZDF-Intendant<br \/>\n<a href=\"http:\/\/bit.ly\/2Gb0eOh\" rel=\"noopener\" target=\"_blank\">Telefoninterview<\/a> mit Robert Bachem, Leiter des Programmbereichs \u201eZDFinfo, Gesellschaft und Leben\u201c<\/p>\n<p><u>PodCat-Bonus:<\/u><br \/>\n\u00b0 <a href=\"http:\/\/bit.ly\/2Bo2Qcx\" rel=\"noopener\" target=\"_blank\">Outtake<\/a> Berlinale<br \/>\n* Kirsten Niehuus, Gesch\u00e4ftsf\u00fchrerin der Filmf\u00f6rderung des Medienboards Berlin-Brandenburg<\/p>\n<p>\u00b0 ARD-Pressekonferenz 07.02.2018, M\u00fcnchen<br \/>\n* Markus Huber, ARD-Pressesprecher<br \/>\n* Ulrich Wilhelm, ARD-Vorsitzender, BR-Intendant<br \/>\n* Volker Herres, ARD-Programmdirektor \u201cDas Erste\u201d<br \/>\n* Martin Wagner, Vorsitzender der ARD-H\u00f6rfunkkommission, H\u00f6rfunkdirektor des Bayerischen Rundfunks<\/p>\n<figure id=\"attachment_39376\" aria-describedby=\"caption-attachment-39376\" style=\"width: 1024px\" class=\"wp-caption alignnone\"><a href=\"http:\/\/www.wwwagner.tv\/wp-content\/uploads\/20180210_radioeinspodcast_1024-x-512.jpg\"><img loading=\"lazy\" decoding=\"async\" src=\"http:\/\/www.wwwagner.tv\/wp-content\/uploads\/20180210_radioeinspodcast_1024-x-512.jpg\" alt=\"Medienjournalist Daniel Fiene | Foto: \u00a9 J\u00f6rg Wagner\" width=\"1024\" height=\"512\" class=\"size-full wp-image-39376\" srcset=\"https:\/\/www.wwwagner.tv\/wp-content\/uploads\/20180210_radioeinspodcast_1024-x-512.jpg 1024w, https:\/\/www.wwwagner.tv\/wp-content\/uploads\/20180210_radioeinspodcast_1024-x-512-300x150.jpg 300w, https:\/\/www.wwwagner.tv\/wp-content\/uploads\/20180210_radioeinspodcast_1024-x-512-768x384.jpg 768w\" sizes=\"auto, (max-width: 1024px) 100vw, 1024px\" \/><\/a><figcaption id=\"caption-attachment-39376\" class=\"wp-caption-text\">Medienjournalist Daniel Fiene | Foto: \u00a9 J\u00f6rg Wagner<\/figcaption><\/figure>\n<hr \/>\n<div style=\"height: 5px;\"><\/div>\n<p><html><br \/>\n     <head><\/p>\n<style type=\"text\/css\">\n       body {\n                     background: #DADADA;\n       }\n      <\/style>\n<p>     <\/head><br \/>\n     <body><br \/>\n<\/body><br \/>\n    <\/html><br \/>\n<script src=\"https:\/\/apis.google.com\/js\/plusone.js\" type=\"text\/javascript\">\/\/ < ![CDATA[ {lang: 'de'} \/\/ ]]><\/script><br \/>\n<script src=\"http:\/\/twittercounter.com\/embed\/?username=medienmagazin&amp;style=avatar\" type=\"text\/javascript\"><\/script><\/p>\n<p><noscript><a href=\"http:\/\/twittercounter.com\/medienmagazin\">medienmagazin on Twitter Counter<\/a><\/noscript><\/p>\n","protected":false},"excerpt":{"rendered":"<p>Gesamt-PodCast: No audio playback capabilities, please download the audio belowDownload Audio: Closed Format: MP3 Download (verlinkte Audio-Quelle bis zum 10.02.2019: rbb, radioeins) [00:00] INTRO: Olympia | [02:16] London: facebook communities summit | [14:38] #metoo | [22:30] Berlin\/Brandenburg: Serien-Hauptstadt | [30:45] ZDF: Dokus\/Dokfilm | [41:36] Bonus: Outtake Berlinale | [45:30] Bonus: ARD-Pressekonferenz 07.02.2018, M\u00fcnchen INTRO: Olympia [&hellip;]<\/p>\n","protected":false},"author":2,"featured_media":32866,"comment_status":"open","ping_status":"open","sticky":false,"template":"","format":"standard","meta":{"_monsterinsights_skip_tracking":false,"_monsterinsights_sitenote_active":false,"_monsterinsights_sitenote_note":"","_monsterinsights_sitenote_category":0,"footnotes":""},"categories":[4],"tags":[883,30,806,203,50,245],"class_list":["post-39372","post","type-post","status-publish","format-standard","has-post-thumbnail","hentry","category-medienmagazin","tag-metoo","tag-ard","tag-doku","tag-facebook","tag-zdf","tag-zdfinfo"],"_links":{"self":[{"href":"https:\/\/www.wwwagner.tv\/index.php?rest_route=\/wp\/v2\/posts\/39372","targetHints":{"allow":["GET"]}}],"collection":[{"href":"https:\/\/www.wwwagner.tv\/index.php?rest_route=\/wp\/v2\/posts"}],"about":[{"href":"https:\/\/www.wwwagner.tv\/index.php?rest_route=\/wp\/v2\/types\/post"}],"author":[{"embeddable":true,"href":"https:\/\/www.wwwagner.tv\/index.php?rest_route=\/wp\/v2\/users\/2"}],"replies":[{"embeddable":true,"href":"https:\/\/www.wwwagner.tv\/index.php?rest_route=%2Fwp%2Fv2%2Fcomments&post=39372"}],"version-history":[{"count":11,"href":"https:\/\/www.wwwagner.tv\/index.php?rest_route=\/wp\/v2\/posts\/39372\/revisions"}],"predecessor-version":[{"id":39464,"href":"https:\/\/www.wwwagner.tv\/index.php?rest_route=\/wp\/v2\/posts\/39372\/revisions\/39464"}],"wp:featuredmedia":[{"embeddable":true,"href":"https:\/\/www.wwwagner.tv\/index.php?rest_route=\/wp\/v2\/media\/32866"}],"wp:attachment":[{"href":"https:\/\/www.wwwagner.tv\/index.php?rest_route=%2Fwp%2Fv2%2Fmedia&parent=39372"}],"wp:term":[{"taxonomy":"category","embeddable":true,"href":"https:\/\/www.wwwagner.tv\/index.php?rest_route=%2Fwp%2Fv2%2Fcategories&post=39372"},{"taxonomy":"post_tag","embeddable":true,"href":"https:\/\/www.wwwagner.tv\/index.php?rest_route=%2Fwp%2Fv2%2Ftags&post=39372"}],"curies":[{"name":"wp","href":"https:\/\/api.w.org\/{rel}","templated":true}]}}