{"id":39516,"date":"2018-03-09T18:14:36","date_gmt":"2018-03-09T17:14:36","guid":{"rendered":"http:\/\/www.wwwagner.tv\/?p=39516"},"modified":"2018-03-12T19:44:48","modified_gmt":"2018-03-12T18:44:48","slug":"der-oeffentlich-rechtliche-rundfunk-in-der-kritik-auftrag-und-rolle-der-medien-in-zeiten-des-digitalen-wandels","status":"publish","type":"post","link":"https:\/\/www.wwwagner.tv\/?p=39516","title":{"rendered":"&#8222;Der \u00f6ffentlich-rechtliche Rundfunk in der Kritik \u2013 Auftrag und Rolle der Medien in Zeiten des digitalen Wandels&#8220;"},"content":{"rendered":"<figure id=\"attachment_39521\" aria-describedby=\"caption-attachment-39521\" style=\"width: 1100px\" class=\"wp-caption alignnone\"><a href=\"http:\/\/www.wwwagner.tv\/wp-content\/uploads\/20180309_DSC_4042_grassmuck_volker_1100\u2006\u00d7\u2006631.jpg\"><img loading=\"lazy\" decoding=\"async\" src=\"http:\/\/www.wwwagner.tv\/wp-content\/uploads\/20180309_DSC_4042_grassmuck_volker_1100\u2006\u00d7\u2006631.jpg\" alt=\"Volker Grassmuck | Foto: \u00a9 J\u00f6rg Wagner\" width=\"1100\" height=\"631\" class=\"size-full wp-image-39521\" srcset=\"https:\/\/www.wwwagner.tv\/wp-content\/uploads\/20180309_DSC_4042_grassmuck_volker_1100\u2006\u00d7\u2006631.jpg 1100w, https:\/\/www.wwwagner.tv\/wp-content\/uploads\/20180309_DSC_4042_grassmuck_volker_1100\u2006\u00d7\u2006631-300x172.jpg 300w, https:\/\/www.wwwagner.tv\/wp-content\/uploads\/20180309_DSC_4042_grassmuck_volker_1100\u2006\u00d7\u2006631-768x441.jpg 768w, https:\/\/www.wwwagner.tv\/wp-content\/uploads\/20180309_DSC_4042_grassmuck_volker_1100\u2006\u00d7\u2006631-1024x587.jpg 1024w\" sizes=\"auto, (max-width: 1100px) 100vw, 1100px\" \/><\/a><figcaption id=\"caption-attachment-39521\" class=\"wp-caption-text\">Volker Grassmuck | Foto: \u00a9 J\u00f6rg Wagner<\/figcaption><\/figure>\n<div style=\"height: 30px;\"><\/div>\n<p>Aus der <a href=\"http:\/\/bit.ly\/2FCd5fY\" rel=\"noopener\" target=\"_blank\">Veranstaltungsbeschreibung<\/a>:<br \/>\n<span style=\"font-size: 11pt; font-family: tahoma,arial,helvetica,sans-serif;\"><\/p>\n<blockquote><p>&#8222;Die Medien allgemein und auch der \u00f6ffentlich-rechtliche Rundfunk haben aktuell eine Akzeptanzkrise. Neben der Kritik am \u00f6ffentlich-rechtlichen Rundfunk oder am Rundfunkbeitrag stehen alle Medien zudem vor dem grundlegenden Problem, das sich auf den Begriff der Medienkonvergenz verk\u00fcrzen l\u00e4sst: also auf die Frage, wie Medien und \u00f6ffentlich-rechtlicher Rundfunk ins digitale Zeitalter transformiert werden k\u00f6nnen. Welche Rolle kann und soll Letzterer zum Beispiel im Online-Bereich spielen \u2013 zwischen den Angeboten der Presseverlage und Plattformen wie Google, Facebook, Apple und Amazon? Um wieder Teil der L\u00f6sung und nicht Teil des Problems zu sein, braucht es einerseits Glaubw\u00fcrdigkeit als journalistischen Anspruch und zum anderen Medienkompetenz bei den B\u00fcrger*innen. Wir laden ein zur Debatte \u00fcber die Frage, welche Rolle sollen Medien und \u00f6ffentlich-rechtlicher Rundfunk zuk\u00fcnftig in unserer Gesellschaft spielen? Wie k\u00f6nnen Akzeptanz und Glaubw\u00fcrdigkeit wieder hergestellt werden? Welche konkreten Reformen brauchen wir beim \u00f6ffentlich-rechtlichen Rundfunk? Wie kann Medienvielfalt gesichert werden?&#8220;<\/p><\/blockquote>\n<div style=\"height: 10px;\"><\/div>\n<p> <audio   controls > <source src=\"http:\/\/www.wwwagner.tv\/audio\/20180309_grassmuck_volker_96.mp3\" type='audio\/mpeg' \/> <object   type=\"application\/x-shockwave-flash\"  data=\"https:\/\/www.wwwagner.tv\/wp-content\/plugins\/wphtml5player\/inc\/flowplayer.swf\"  width=\"400\"  height=\"30\"> <param name=\"movie\" value='https:\/\/www.wwwagner.tv\/wp-content\/plugins\/wphtml5player\/inc\/flowplayer.swf' \/><param name=\"allowfullscreen\" value='false' \/><param name=\"cachebusting\" value='true' \/><param name=\"bgcolor\" value='#000000' \/><param name=\"flashvars\" value='config={\"plugins\":{\"controls\":{\"height\":30,\"autoHide\":false,\"fullscreen\":false}},\"clip\":{\"autoPlay\":false,\"url\":\"http:\\\/\\\/www.wwwagner.tv\\\/audio\\\/20180309_grassmuck_volker_96.mp3\"},\"playlist\":[{\"autoPlay\":false,\"url\":\"http:\\\/\\\/www.wwwagner.tv\\\/audio\\\/20180309_grassmuck_volker_96.mp3\"}],\"play\":{\"opacity\":0}}' \/>  No audio playback capabilities, please download the audio below<br \/><strong>Download Audio:<\/strong> Closed Format: <a href=\"http:\/\/www.wwwagner.tv\/audio\/20180309_grassmuck_volker_96.mp3\">MP3<\/a> <\/object> <!-- Generated by HTML5 Multimedia Framework (http:\/\/code.google.com\/p\/html5videoplayer) --> <\/audio>  <br \/>\n<a href=\"http:\/\/bit.ly\/2IopyT2\" rel=\"noopener\" target=\"_blank\">Download<\/a><\/p>\n<div style=\"height: 10px;\"><\/div>\n<p><u>Wer<\/u>: Dr. <a href=\"http:\/\/www.vgrass.de\/\" rel=\"noopener\" target=\"_blank\">Volker Grassmuck<\/a>, Mediensoziologe, Publizist<br \/>\n<u>Was<\/u>: Impuls-Referat: &#8222;Der Auftrag \u00f6ffentlich beauftragter Medien im digitalen Zeitalter&#8220;<br \/>\nEine Kooperationsveranstaltung der Fraktion DIE LINKE im Bundestag und der Rosa-Luxemburg-Stiftung unter dem Titel: &#8222;Der \u00f6ffentlich-rechtliche Rundfunk in der Kritik \u2013 Auftrag und Rolle der Medien in Zeiten des digitalen Wandels&#8220;<br \/>\n<u>Wo<\/u>: Landesvertretung Sachsen-Anhalt, Raum \u00bbDessau\/Magdeburg\u00ab, Luisenstra\u00dfe 18, 10117 Berlin<br \/>\n<u>Wann<\/u>: 09.03.2018, 19:15 Uhr<\/p>\n<div style=\"height: 10px;\"><\/div>\n<p><u>Vgl<\/u>.: Veranstaltungsseite der <a href=\"http:\/\/bit.ly\/2FCd5fY\" rel=\"noopener\" target=\"_blank\">Linksfraktion<\/a><\/p>\n<div style=\"height: 10px;\"><\/div>\n<p><a href=\"http:\/\/www.wwwagner.tv\/wp-content\/uploads\/20180309_grassmuck_volker_2_1024-x-577.jpg\"><img loading=\"lazy\" decoding=\"async\" src=\"http:\/\/www.wwwagner.tv\/wp-content\/uploads\/20180309_grassmuck_volker_2_1024-x-577.jpg\" alt=\"\" width=\"1024\" height=\"577\" class=\"alignnone size-full wp-image-39531\" srcset=\"https:\/\/www.wwwagner.tv\/wp-content\/uploads\/20180309_grassmuck_volker_2_1024-x-577.jpg 1024w, https:\/\/www.wwwagner.tv\/wp-content\/uploads\/20180309_grassmuck_volker_2_1024-x-577-300x169.jpg 300w, https:\/\/www.wwwagner.tv\/wp-content\/uploads\/20180309_grassmuck_volker_2_1024-x-577-768x433.jpg 768w\" sizes=\"auto, (max-width: 1024px) 100vw, 1024px\" \/><\/a><\/p>\n<div style=\"height: 10px;\"><\/div>\n<hr \/>\n<div style=\"height: 10px;\"><\/div>\n<figure id=\"attachment_39523\" aria-describedby=\"caption-attachment-39523\" style=\"width: 1024px\" class=\"wp-caption alignnone\"><a href=\"http:\/\/www.wwwagner.tv\/wp-content\/uploads\/20180309_DSC_4053_diskussion_1024\u2006\u00d7\u2006555.jpg\"><img loading=\"lazy\" decoding=\"async\" src=\"http:\/\/www.wwwagner.tv\/wp-content\/uploads\/20180309_DSC_4053_diskussion_1024\u2006\u00d7\u2006555.jpg\" alt=\"Christine Horz - J\u00f6rg Langer - Karola Wille - Vera Lin\u00df - Malte Kr\u00fcckels - Doris Achelwilm | Foto: \u00a9 J\u00f6rg Wagner\" width=\"1024\" height=\"555\" class=\"size-full wp-image-39523\" srcset=\"https:\/\/www.wwwagner.tv\/wp-content\/uploads\/20180309_DSC_4053_diskussion_1024\u2006\u00d7\u2006555.jpg 1024w, https:\/\/www.wwwagner.tv\/wp-content\/uploads\/20180309_DSC_4053_diskussion_1024\u2006\u00d7\u2006555-300x163.jpg 300w, https:\/\/www.wwwagner.tv\/wp-content\/uploads\/20180309_DSC_4053_diskussion_1024\u2006\u00d7\u2006555-768x416.jpg 768w\" sizes=\"auto, (max-width: 1024px) 100vw, 1024px\" \/><\/a><figcaption id=\"caption-attachment-39523\" class=\"wp-caption-text\">Christine Horz &#8211; J\u00f6rg Langer &#8211; Karola Wille &#8211; Vera Lin\u00df &#8211; Malte Kr\u00fcckels &#8211; Doris Achelwilm | Foto: \u00a9 J\u00f6rg Wagner<\/figcaption><\/figure>\n<div style=\"height: 10px;\"><\/div>\n<p> <audio   controls > <source src=\"http:\/\/www.wwwagner.tv\/audio\/20180309_diskussion_96.mp3\" type='audio\/mpeg' \/> <object   type=\"application\/x-shockwave-flash\"  data=\"https:\/\/www.wwwagner.tv\/wp-content\/plugins\/wphtml5player\/inc\/flowplayer.swf\"  width=\"400\"  height=\"30\"> <param name=\"movie\" value='https:\/\/www.wwwagner.tv\/wp-content\/plugins\/wphtml5player\/inc\/flowplayer.swf' \/><param name=\"allowfullscreen\" value='false' \/><param name=\"cachebusting\" value='true' \/><param name=\"bgcolor\" value='#000000' \/><param name=\"flashvars\" value='config={\"plugins\":{\"controls\":{\"height\":30,\"autoHide\":false,\"fullscreen\":false}},\"clip\":{\"autoPlay\":false,\"url\":\"http:\\\/\\\/www.wwwagner.tv\\\/audio\\\/20180309_diskussion_96.mp3\"},\"playlist\":[{\"autoPlay\":false,\"url\":\"http:\\\/\\\/www.wwwagner.tv\\\/audio\\\/20180309_diskussion_96.mp3\"}],\"play\":{\"opacity\":0}}' \/>  No audio playback capabilities, please download the audio below<br \/><strong>Download Audio:<\/strong> Closed Format: <a href=\"http:\/\/www.wwwagner.tv\/audio\/20180309_diskussion_96.mp3\">MP3<\/a> <\/object> <!-- Generated by HTML5 Multimedia Framework (http:\/\/code.google.com\/p\/html5videoplayer) --> <\/audio>  <br \/>\n<a href=\"http:\/\/bit.ly\/2DlLeLR\" rel=\"noopener\" target=\"_blank\">Download<\/a><\/p>\n<div style=\"height: 10px;\"><\/div>\n<div style=\"height: 10px;\"><\/div>\n<p><u>Was<\/u>: Podiumsdiskussion<br \/>\n<u>Wer<\/u>:<br \/>\n* Dr. <a href=\"https:\/\/www.uni-erfurt.de\/kommunikationswissenschaft\/forschung\/promotion\/doktoranden\/doktoranden-prof-dr-kai-hafez\/dr-christine-horz\/\" rel=\"noopener\" target=\"_blank\">Christine Horz<\/a>, Medien- und Kommunikationswissenschaftlerin<br \/>\n* J\u00f6rg Langer, <a href=\"http:\/\/www.langermediaconsulting.de\/\" rel=\"noopener\" target=\"_blank\">Langer Media research &#038; consulting<\/a><br \/>\n* Prof. Dr. <a href=\"https:\/\/www.mdr.de\/unternehmen\/organisation\/struktur\/artikel75358.html\" rel=\"noopener\" target=\"_blank\">Karola Wille<\/a>, Intendantin des Mitteldeutschen Rundfunks<br \/>\n* <a href=\"http:\/\/www.vera-linss.de\" rel=\"noopener\" target=\"_blank\">Vera Lin\u00df<\/a>, freie Medienjournalistin<br \/>\n* <a href=\"https:\/\/www.thueringen.de\/th1\/tsk\/tsk\/sts\/index.aspx\" rel=\"noopener\" target=\"_blank\">Malte Kr\u00fcckels<\/a>, Staatssekret\u00e4r f\u00fcr Medien und Bevollm\u00e4chtigter des Freistaates Th\u00fcringen beim Bund<br \/>\n* <a href=\"http:\/\/www.doris-achelwilm.de\/\" rel=\"noopener\" target=\"_blank\">Doris Achelwilm<\/a>, MdB, Sprecherin f\u00fcr Medienpolitik<br \/>\n<u>Wo<\/u>: Landesvertretung Sachsen-Anhalt, Raum \u00bbDessau\/Magdeburg\u00ab, Luisenstra\u00dfe 18, 10117 Berlin<br \/>\n<u>Wann<\/u>: 09.03.2018, 19:39 Uhr<\/p>\n<hr \/>\n<div style=\"height: 5px;\"><\/div>\n<p><html><br \/>\n     <head><\/p>\n<style type=\"text\/css\">\n       body {\n                     background: #DADADA;\n       }\n      <\/style>\n<p>     <\/head><br \/>\n     <body><br \/>\n<\/body><br \/>\n    <\/html><br \/>\n<script src=\"https:\/\/apis.google.com\/js\/plusone.js\" type=\"text\/javascript\">\/\/ < ![CDATA[ {lang: 'de'} \/\/ ]]><\/script><br \/>\n<script src=\"http:\/\/twittercounter.com\/embed\/?username=medienmagazin&amp;style=avatar\" type=\"text\/javascript\"><\/script><\/p>\n<p><noscript><a href=\"http:\/\/twittercounter.com\/medienmagazin\">medienmagazin on Twitter Counter<\/a><\/noscript><br \/>\n<\/span><\/p>\n","protected":false},"excerpt":{"rendered":"<p>Aus der Veranstaltungsbeschreibung: &#8222;Die Medien allgemein und auch der \u00f6ffentlich-rechtliche Rundfunk haben aktuell eine Akzeptanzkrise. Neben der Kritik am \u00f6ffentlich-rechtlichen Rundfunk oder am Rundfunkbeitrag stehen alle Medien zudem vor dem grundlegenden Problem, das sich auf den Begriff der Medienkonvergenz verk\u00fcrzen l\u00e4sst: also auf die Frage, wie Medien und \u00f6ffentlich-rechtlicher Rundfunk ins digitale Zeitalter transformiert werden [&hellip;]<\/p>\n","protected":false},"author":2,"featured_media":0,"comment_status":"open","ping_status":"open","sticky":false,"template":"","format":"standard","meta":{"_monsterinsights_skip_tracking":false,"_monsterinsights_sitenote_active":false,"_monsterinsights_sitenote_note":"","_monsterinsights_sitenote_category":0,"footnotes":""},"categories":[53],"tags":[778],"class_list":["post-39516","post","type-post","status-publish","format-standard","hentry","category-dokument","tag-oeffentlich-rechtlicher-rundfunk"],"_links":{"self":[{"href":"https:\/\/www.wwwagner.tv\/index.php?rest_route=\/wp\/v2\/posts\/39516","targetHints":{"allow":["GET"]}}],"collection":[{"href":"https:\/\/www.wwwagner.tv\/index.php?rest_route=\/wp\/v2\/posts"}],"about":[{"href":"https:\/\/www.wwwagner.tv\/index.php?rest_route=\/wp\/v2\/types\/post"}],"author":[{"embeddable":true,"href":"https:\/\/www.wwwagner.tv\/index.php?rest_route=\/wp\/v2\/users\/2"}],"replies":[{"embeddable":true,"href":"https:\/\/www.wwwagner.tv\/index.php?rest_route=%2Fwp%2Fv2%2Fcomments&post=39516"}],"version-history":[{"count":14,"href":"https:\/\/www.wwwagner.tv\/index.php?rest_route=\/wp\/v2\/posts\/39516\/revisions"}],"predecessor-version":[{"id":39535,"href":"https:\/\/www.wwwagner.tv\/index.php?rest_route=\/wp\/v2\/posts\/39516\/revisions\/39535"}],"wp:attachment":[{"href":"https:\/\/www.wwwagner.tv\/index.php?rest_route=%2Fwp%2Fv2%2Fmedia&parent=39516"}],"wp:term":[{"taxonomy":"category","embeddable":true,"href":"https:\/\/www.wwwagner.tv\/index.php?rest_route=%2Fwp%2Fv2%2Fcategories&post=39516"},{"taxonomy":"post_tag","embeddable":true,"href":"https:\/\/www.wwwagner.tv\/index.php?rest_route=%2Fwp%2Fv2%2Ftags&post=39516"}],"curies":[{"name":"wp","href":"https:\/\/api.w.org\/{rel}","templated":true}]}}