{"id":39728,"date":"2018-04-07T18:05:59","date_gmt":"2018-04-07T17:05:59","guid":{"rendered":"http:\/\/www.wwwagner.tv\/?p=39728"},"modified":"2018-04-14T00:21:11","modified_gmt":"2018-04-13T23:21:11","slug":"medienmagazin-vom-07-04-2018","status":"publish","type":"post","link":"https:\/\/www.wwwagner.tv\/?p=39728","title":{"rendered":"Medienmagazin vom 07.04.2018"},"content":{"rendered":"<div style=\"height: 50px;\"><\/div>\n<p>Gesamt-PodCast:<\/p>\n<p> <audio   controls > <source src=\"https:\/\/rbbmediapmdp-a.akamaihd.net\/content\/11f72111-23c9-47eb-a813-8bd8e0264b89_81d857d0-cf8b-458e-aab5-bc01e9a6f67c.mp3\" type='audio\/mpeg' \/> <object   type=\"application\/x-shockwave-flash\"  data=\"https:\/\/www.wwwagner.tv\/wp-content\/plugins\/wphtml5player\/inc\/flowplayer.swf\"  width=\"400\"  height=\"30\"> <param name=\"movie\" value='https:\/\/www.wwwagner.tv\/wp-content\/plugins\/wphtml5player\/inc\/flowplayer.swf' \/><param name=\"allowfullscreen\" value='false' \/><param name=\"cachebusting\" value='true' \/><param name=\"bgcolor\" value='#000000' \/><param name=\"flashvars\" value='config={\"plugins\":{\"controls\":{\"height\":30,\"autoHide\":false,\"fullscreen\":false}},\"clip\":{\"autoPlay\":false,\"url\":\"https:\\\/\\\/rbbmediapmdp-a.akamaihd.net\\\/content\\\/11f72111-23c9-47eb-a813-8bd8e0264b89_81d857d0-cf8b-458e-aab5-bc01e9a6f67c.mp3\"},\"playlist\":[{\"autoPlay\":false,\"url\":\"https:\\\/\\\/rbbmediapmdp-a.akamaihd.net\\\/content\\\/11f72111-23c9-47eb-a813-8bd8e0264b89_81d857d0-cf8b-458e-aab5-bc01e9a6f67c.mp3\"}],\"play\":{\"opacity\":0}}' \/>  No audio playback capabilities, please download the audio below<br \/><strong>Download Audio:<\/strong> Closed Format: <a href=\"https:\/\/rbbmediapmdp-a.akamaihd.net\/content\/11f72111-23c9-47eb-a813-8bd8e0264b89_81d857d0-cf8b-458e-aab5-bc01e9a6f67c.mp3\">MP3<\/a> <\/object> <!-- Generated by HTML5 Multimedia Framework (http:\/\/code.google.com\/p\/html5videoplayer) --> <\/audio>  <br \/>\n<a href=\"https:\/\/rbbmediapmdp-a.akamaihd.net\/content\/11f72111-23c9-47eb-a813-8bd8e0264b89_81d857d0-cf8b-458e-aab5-bc01e9a6f67c.mp3\" target=\"_blank\">Download<\/a><span style=\"color: #666666;\"> (verlinkte Audio-Quelle bis zum 07.04.2019: rbb, radioeins)<\/span><\/p>\n<div style=\"height: 50px;\"><\/div>\n<p>[00:00] INTRO: UKW | [04:53] Public Value | [20:00] Radiodays Europe | [30:48] <a href=\"http:\/\/bit.ly\/2HtaYcM\" rel=\"noopener\" target=\"_blank\">40 Jahre<\/a> \u201cDallas\u201d | [41:23] Bonus: 1. Oktober 1950 &#8211; <a href=\"http:\/\/bit.ly\/2jhz8L0\" rel=\"noopener\" target=\"_blank\">Beginn von UKW in Berlin<\/a> | [52:38] Bonus: <a href=\"http:\/\/bit.ly\/2mvjYph\" rel=\"noopener\" target=\"_blank\">UKW f\u00fcr die ARD<\/a> | [1:11:15] Bonus: <a href=\"http:\/\/bit.ly\/2y6phPT\" rel=\"noopener\" target=\"_blank\">MEDIA BROADCAST beginnt Versteigerung<\/a><\/p>\n<div style=\"height: 50px;\"><\/div>\n<hr \/>\n<p><u>INTRO: UKW-Antennen-Versteigerung<\/u><br \/>\nO-Ton: Wolfgang Breuer, Gesch\u00e4ftsf\u00fchrer MEDIA BROADCAST<br \/>\n(Quelle: Medienmagazin, radioeins, 07.10.2017)<\/p>\n<p><u>1. \u201eWir f\u00fcr dich\u201c? \u00d6ffentlich-Rechtliche in der Offensive<\/u><br \/>\nAuftrag, Struktur, Digitales: Die Politik arbeitet an der Zukunft von ARD\/ZDF. Die Sender waren lange auff\u00e4llig ruhig, nun aber gehen sie nach vorn. Das Deutschlandradio hat bereits eine Imagekampagne gestartet. Die ARD bereitet nun eine \u201ePublic Value\u201c-Kampagne vor \u2013 nicht zuletzt, um Beitragszahler vom Wert des \u00f6ffentlich-rechtlichen Medienangebots zu \u00fcberzeugen. Was ist geplant und kann das funktionieren?<br \/>\nStudiogespr\u00e4ch mit Statement ARD-Pressestelle und O-T\u00f6nen von:<br \/>\n* Stefan Raue, Intendant Deutschlandradio (Quelle: ZAPP, NDR, 28.03.2018)<br \/>\n* Patricia Schlesinger, Intendantin rbb (Quelle: ZAPP, NDR, 28.03.2018)<br \/>\n* Roger Schawinski, Schweizer Privatmedien-Manager und SRF-Moderator (Quelle: Medienmagazin, radioeins, 03.03.2018)<br \/>\nAutor: Daniel Bouhs (live)<br \/>\nVgl.:<br \/>\n* Patricia Schlesinger bei <a href=\"http:\/\/bit.ly\/2JHXz1e\" rel=\"noopener\" target=\"_blank\">ZAPP<\/a> (28.03.2018)<br \/>\n* Stefan Raue bei <a href=\"http:\/\/bit.ly\/2GY4pSz\" rel=\"noopener\" target=\"_blank\">ZAPP<\/a> (28.03.2018)<\/p>\n<p><u>2. Die Zukunft des Radios immer noch UKW?<\/u><br \/>\nW\u00e4hrend der Radiodays k\u00fcrzlich in Wien sorgte ein Statement der BBC f\u00fcr Aufsehen. Die \u201cMutter\u201d aller \u00f6ffentlich-rechtlichen Anstalten verk\u00fcndete: \u201cThe BBC says it wants to keep FM radio for the foreseeable future rather than switch over entirely to digital.\u201d (&#8222;Die BBC sagt, dass sie UKW-Radio f\u00fcr die absehbare Zukunft behalten will, anstatt komplett auf digital umzustellen.&#8220;). Dennoch wird sich das Radio weiter digital entwickeln. Spracherkennungssysteme (Smartspeaker) wie \u201cAlexa\u201d von Amazon sind die Stars unter europ\u00e4ischen Radioentwicklern. Doch andererseits steigt das Interesse an nichtlinearem Radio (PodCast, Audio on Demand) so stark, dass man Losungen, die den Untergang des normalen Radios beschw\u00f6ren, nicht mit schnellen Argumenten wegdiskutieren kann. \u201cRadio is dead, but Audio is enough\u201d &#8211; \u201c5G will finish off DAB forever, amen\u201d<br \/>\n\u201cRadio ist tot, es lebe Audio!\u201d &#8211; \u201c5G wird DAB endg\u00fcltig erledigen, Amen\u201d<br \/>\nLeitungsgespr\u00e4ch mit O-T\u00f6nen von:<br \/>\n* Er\u00f6ffnung der Radiodays Europe mit \u201cAlexa\u201d<br \/>\n* Robert F\u00f6rster, multicast media, Potsdam, Entwickler eines Alexa-Skillmakers<br \/>\n* James Cridland, spricht auf Radio-Kongressen \u00fcber die Zukunft des Radios, schreibt regelm\u00e4\u00dfig f\u00fcr Fachmagazine und ber\u00e4t eine Vielzahl von Radiosendern. Er betreibt den Medieninformationsdienst media.info und hilft bei der Organisation der j\u00e4hrlichen Next Radio conference in Gro\u00dfbritannien. Er ver\u00f6ffentlicht auch podnews.net mit Kurznews aus der Podcast-Welt. Sein w\u00f6chentlicher Newsletter (in Englisch) beinhaltet Links, News und Meinungen f\u00fcr Radiomacher und kann hier kostenlos bestellt werden: james.crid.land.<br \/>\nAutorin: Inge Seibel (live)<br \/>\nVgl.: <a href=\"http:\/\/www.bbc.com\/news\/entertainment-arts-43458695\" rel=\"noopener\" target=\"_blank\">http:\/\/www.bbc.com\/news\/entertainment-arts-43458695<\/a><\/p>\n<p><u>3. 02.04.1978: Start der ersten Folge <a href=\"http:\/\/bit.ly\/2HtaYcM\" rel=\"noopener\" target=\"_blank\">\u201cDallas\u201d<\/a><\/u><br \/>\nJ. R., Bobby, Sue Ellen: Das sind einige der vertrauten Charaktere der US-Erfolgsserie &#8222;Dallas&#8220;. Obwohl die Serie vor allem das Triviale in den Vordergrund stellte, setzte sie in vielen Bereichen Standards. Die Episode &#8222;Wer hat auf J.R. geschossen?&#8220; ist &#8211; nach der Mondlandung &#8211; nach wie vor die am zweith\u00e4ufigsten anschaute Fernsehsendung der Welt. Seit Ostern wird in den USA auf der Southfork Ranch, einer der Au\u00dfendrehorte der Serie gefeiert.<br \/>\nLeitungsgespr\u00e4ch mit O-T\u00f6nen u. a.:<br \/>\n* Programmansage von Beate Menner im ARD\/ZDF-Vormittagsprogramm zur ersten \u201cDallas\u201d-Folge + Dallas-Theme<br \/>\n* T\u00f6ne aus der Serie \u201cDallas\u201d<br \/>\n* Linda Gray, Darstellerin der Sue Ellen (vom Autor interviewt)<br \/>\nAutor: Guido Meyer<\/p>\n<p><u>PodCast-Bonus<\/u>:<br \/>\n\u00b0 <a href=\"http:\/\/bit.ly\/2jhz8L0\" rel=\"noopener\" target=\"_blank\">60 Jahre UKW in Berlin<\/a> &#8211; 01.10.1950 Beginn einer bis heute erfolgreichen Radiotechnologie<br \/>\nFast unbemerkt schaltete der NWDR vor 60 Jahren den ersten UKW-Sender Berlins am Funkturm auf Betrieb. Abgestrahlt wurde zun\u00e4chst die &#8222;Welle der Freude&#8220; &#8211; ein spezielles UKW-Programm aus Hamburg. Der SFB \u00fcbernahm mit seinem Sendestart 1954, die Anlage, die sp\u00e4ter zum Scholzplatz verlegt wurde.<br \/>\nInterview mit dem Mann der ersten Stunde Oberingenieur Werner Stresemann (91), seinerzeit in der Abteilung Sendetechnik des SFB t\u00e4tig<br \/>\nQuelle: Medienmagazin, radioeins, 02.10.2010<\/p>\n<p>\u00b0 MEDIA BROADCAST verkauft UKW-Sendeantennen &#8211; ist das Ende von UKW nah?<br \/>\nDie MEDIA BROADCAST, einer der wichtigsten Dienstleister f\u00fcr die UKW-Verbreitung in Deutschland hatte Februar 2017 angek\u00fcndigt, sich auf die Wachstumsfelder DAB+, DVB-T2 HD und beim analogen H\u00f6rfunk nur noch auf Technik-Serviceleistungen bei UKW zu konzentrieren. Im Klartext: das Unternehmen will sich bis zum 30.06.2018 von seinen analogen UKW-Antennen und -Sendern trennen. Was bedeutet das f\u00fcr den ARD-H\u00f6rfunk und die Millionen Radioh\u00f6rer?<br \/>\n<a href=\"http:\/\/bit.ly\/2mvjYph\" rel=\"noopener\" target=\"_blank\">Telefoninterview<\/a> mit Ulrich Liebenow, Vorsitzender der Produktions- und Technikkommission (PTKO) von ARD und ZDF und mdr-Betriebsdirektor<br \/>\nQuelle: Medienmagazin, radioeins, 04.03.2017<\/p>\n<p>\u00b0 Jetzt geht&#8217;s los: <a href=\"http:\/\/bit.ly\/2y6phPT\" rel=\"noopener\" target=\"_blank\">Versteigerung<\/a> von UKW-Antennen<br \/>\nSeit Mitte Februar 2017 die MEDIA BROADCAST offiziell angek\u00fcndigt hatte, die Gesch\u00e4ftsfelder neu zu ordnen und \u201csich auf digitale Wachstumsfelder und Serviceleistungen zu konzentrieren\u201d, ist klar, dass man sich von den UKW-Antennen trennen w\u00fcrde. Im vierten Quartal 2017 beginnt nun eine offene Auktion, bei der Programmveranstalter und Finanzinvestoren mitbieten k\u00f6nnen.<br \/>\nTelefoninterview mit Wolfgang Breuer, Gesch\u00e4ftsf\u00fchrer MEDIA BROADCAST<br \/>\nQuelle: Medienmagazin, radioeins, 07.10.2017<\/p>\n<p><a href=\"http:\/\/www.wwwagner.tv\/wp-content\/uploads\/20180407_radioeinspodcast_1024-x-512.jpg\"><img loading=\"lazy\" decoding=\"async\" src=\"http:\/\/www.wwwagner.tv\/wp-content\/uploads\/20180407_radioeinspodcast_1024-x-512.jpg\" alt=\"\" width=\"1024\" height=\"512\" class=\"alignnone size-full wp-image-39731\" srcset=\"https:\/\/www.wwwagner.tv\/wp-content\/uploads\/20180407_radioeinspodcast_1024-x-512.jpg 1024w, https:\/\/www.wwwagner.tv\/wp-content\/uploads\/20180407_radioeinspodcast_1024-x-512-300x150.jpg 300w, https:\/\/www.wwwagner.tv\/wp-content\/uploads\/20180407_radioeinspodcast_1024-x-512-768x384.jpg 768w\" sizes=\"auto, (max-width: 1024px) 100vw, 1024px\" \/><\/a><\/p>\n<hr \/>\n<div style=\"height: 5px;\"><\/div>\n<p><html><br \/>\n     <head><\/p>\n<style type=\"text\/css\">\n       body {\n                     background: #DADADA;\n       }\n      <\/style>\n<p>     <\/head><br \/>\n     <body><br \/>\n<\/body><br \/>\n    <\/html><br \/>\n<script src=\"https:\/\/apis.google.com\/js\/plusone.js\" type=\"text\/javascript\">\/\/ < ![CDATA[ {lang: 'de'} \/\/ ]]><\/script><br \/>\n<script src=\"http:\/\/twittercounter.com\/embed\/?username=medienmagazin&amp;style=avatar\" type=\"text\/javascript\"><\/script><\/p>\n<p><noscript><a href=\"http:\/\/twittercounter.com\/medienmagazin\">medienmagazin on Twitter Counter<\/a><\/noscript><\/p>\n","protected":false},"excerpt":{"rendered":"<p>Gesamt-PodCast: No audio playback capabilities, please download the audio belowDownload Audio: Closed Format: MP3 Download (verlinkte Audio-Quelle bis zum 07.04.2019: rbb, radioeins) [00:00] INTRO: UKW | [04:53] Public Value | [20:00] Radiodays Europe | [30:48] 40 Jahre \u201cDallas\u201d | [41:23] Bonus: 1. Oktober 1950 &#8211; Beginn von UKW in Berlin | [52:38] Bonus: UKW f\u00fcr [&hellip;]<\/p>\n","protected":false},"author":2,"featured_media":32866,"comment_status":"closed","ping_status":"closed","sticky":false,"template":"","format":"standard","meta":{"_monsterinsights_skip_tracking":false,"_monsterinsights_sitenote_active":false,"_monsterinsights_sitenote_note":"","_monsterinsights_sitenote_category":0,"footnotes":""},"categories":[4],"tags":[30,87,382,351,84],"class_list":["post-39728","post","type-post","status-publish","format-standard","has-post-thumbnail","hentry","category-medienmagazin","tag-ard","tag-bbc","tag-dallas","tag-radiodays-europe","tag-ukw"],"_links":{"self":[{"href":"https:\/\/www.wwwagner.tv\/index.php?rest_route=\/wp\/v2\/posts\/39728","targetHints":{"allow":["GET"]}}],"collection":[{"href":"https:\/\/www.wwwagner.tv\/index.php?rest_route=\/wp\/v2\/posts"}],"about":[{"href":"https:\/\/www.wwwagner.tv\/index.php?rest_route=\/wp\/v2\/types\/post"}],"author":[{"embeddable":true,"href":"https:\/\/www.wwwagner.tv\/index.php?rest_route=\/wp\/v2\/users\/2"}],"replies":[{"embeddable":true,"href":"https:\/\/www.wwwagner.tv\/index.php?rest_route=%2Fwp%2Fv2%2Fcomments&post=39728"}],"version-history":[{"count":11,"href":"https:\/\/www.wwwagner.tv\/index.php?rest_route=\/wp\/v2\/posts\/39728\/revisions"}],"predecessor-version":[{"id":39766,"href":"https:\/\/www.wwwagner.tv\/index.php?rest_route=\/wp\/v2\/posts\/39728\/revisions\/39766"}],"wp:featuredmedia":[{"embeddable":true,"href":"https:\/\/www.wwwagner.tv\/index.php?rest_route=\/wp\/v2\/media\/32866"}],"wp:attachment":[{"href":"https:\/\/www.wwwagner.tv\/index.php?rest_route=%2Fwp%2Fv2%2Fmedia&parent=39728"}],"wp:term":[{"taxonomy":"category","embeddable":true,"href":"https:\/\/www.wwwagner.tv\/index.php?rest_route=%2Fwp%2Fv2%2Fcategories&post=39728"},{"taxonomy":"post_tag","embeddable":true,"href":"https:\/\/www.wwwagner.tv\/index.php?rest_route=%2Fwp%2Fv2%2Ftags&post=39728"}],"curies":[{"name":"wp","href":"https:\/\/api.w.org\/{rel}","templated":true}]}}