{"id":39770,"date":"2018-04-14T18:05:09","date_gmt":"2018-04-14T17:05:09","guid":{"rendered":"http:\/\/www.wwwagner.tv\/?p=39770"},"modified":"2018-04-19T01:17:07","modified_gmt":"2018-04-19T00:17:07","slug":"medienmagazin-vom-14-04-2018","status":"publish","type":"post","link":"https:\/\/www.wwwagner.tv\/?p=39770","title":{"rendered":"Medienmagazin vom 14.04.2018"},"content":{"rendered":"<div style=\"height: 50px;\"><\/div>\n<p>Gesamt-PodCast:<\/p>\n<p> <audio   controls > <source src=\"https:\/\/rbbmediapmdp-a.akamaihd.net\/content\/3cf3a706-1734-494e-bde7-9ad2e514a0e7_24682a31-42ed-46da-9fa0-70d3e2e1c179.mp3\" type='audio\/mpeg' \/> <object   type=\"application\/x-shockwave-flash\"  data=\"https:\/\/www.wwwagner.tv\/wp-content\/plugins\/wphtml5player\/inc\/flowplayer.swf\"  width=\"400\"  height=\"30\"> <param name=\"movie\" value='https:\/\/www.wwwagner.tv\/wp-content\/plugins\/wphtml5player\/inc\/flowplayer.swf' \/><param name=\"allowfullscreen\" value='false' \/><param name=\"cachebusting\" value='true' \/><param name=\"bgcolor\" value='#000000' \/><param name=\"flashvars\" value='config={\"plugins\":{\"controls\":{\"height\":30,\"autoHide\":false,\"fullscreen\":false}},\"clip\":{\"autoPlay\":false,\"url\":\"https:\\\/\\\/rbbmediapmdp-a.akamaihd.net\\\/content\\\/3cf3a706-1734-494e-bde7-9ad2e514a0e7_24682a31-42ed-46da-9fa0-70d3e2e1c179.mp3\"},\"playlist\":[{\"autoPlay\":false,\"url\":\"https:\\\/\\\/rbbmediapmdp-a.akamaihd.net\\\/content\\\/3cf3a706-1734-494e-bde7-9ad2e514a0e7_24682a31-42ed-46da-9fa0-70d3e2e1c179.mp3\"}],\"play\":{\"opacity\":0}}' \/>  No audio playback capabilities, please download the audio below<br \/><strong>Download Audio:<\/strong> Closed Format: <a href=\"https:\/\/rbbmediapmdp-a.akamaihd.net\/content\/3cf3a706-1734-494e-bde7-9ad2e514a0e7_24682a31-42ed-46da-9fa0-70d3e2e1c179.mp3\">MP3<\/a> <\/object> <!-- Generated by HTML5 Multimedia Framework (http:\/\/code.google.com\/p\/html5videoplayer) --> <\/audio>  <br \/>\n<a href=\"https:\/\/rbbmediapmdp-a.akamaihd.net\/content\/3cf3a706-1734-494e-bde7-9ad2e514a0e7_24682a31-42ed-46da-9fa0-70d3e2e1c179.mp3\" target=\"_blank\">Download<\/a><span style=\"color: #666666;\"> (verlinkte Audio-Quelle bis zum 14.04.2019: rbb, radioeins)<\/span><\/p>\n<div style=\"height: 50px;\"><\/div>\n<p>[00:00] INTRO: Kriegsgr\u00fcnde | [02:02] facebook unter Druck | [19:24] Metoo-Taskforce zu Dieter Wedel | [30:38] <a href=\"http:\/\/bit.ly\/2HIwrOQ\" rel=\"noopener\" target=\"_blank\">UKW-Abschaltung ausgesetzt<\/a> | [39:18] Romy-Dankesrede Jan B\u00f6hmermann | [42:22] Bonus: Von facebook-Blase und Oberfl\u00e4chenjournalismus (19.05.2012) | [51:31] Bonus: MedienMagazinMonatsr\u00fcckblick April (07.05.2011) | [59:43] Bonus: &#8222;MedienTerrorKrieg &#8211; Zum Kriegsparadigma des 21. Jahrhunderts&#8220;<\/p>\n<div style=\"height: 50px;\"><\/div>\n<hr \/>\n<p><u>INTRO: Kriegsgr\u00fcnde<\/u><br \/>\nO-Ton: Prof. Klaus Kocks, Sozialwissenschaftler, PR-Berater<br \/>\n(Quelle: \u201c\u201eAnalogk\u00e4se schmeckt besser\u201c, <a href=\"http:\/\/bit.ly\/2vlUn8e\" rel=\"noopener\" target=\"_blank\">Feature<\/a> zur PR als f\u00fcnfte Gewalt, rbb + mdr + DLF, Ursendung: 30.10.2010)<\/p>\n<p><u>1+2. facebook unter Druck<\/u> (2 Teile)<br \/>\nMark Zuckerberg habe mit seiner Erfindung facebook nur Menschen miteinander vernetzen wollen, aber er trage die Verantwortung f\u00fcr das, was daraus wurde: eine der gr\u00f6\u00dften Werbevermarktungsplattformen der Welt, in der auch fakenews, Datenlecks, Propaganda und personalisierte Werbung mit Datenabgleich zwischen unterschiedlichen Ger\u00e4ten und Apps m\u00f6glich ist. Das gab er bei einer US-Kongressanh\u00f6rung in dieser Woche zu Protokoll. Doch was hei\u00dft Verantwortung?<br \/>\nAusschnitte aus der US-Kongressanh\u00f6rung vom 10.04.2018 und Kommentierungen<br \/>\nzus\u00e4tzlich: Positionen von ARD\/ZDF zu facebook<br \/>\n* Alexander Stock, Leiter ZDF-Unternehmenskommunikation<br \/>\n* Stefan Primbs, Social-Media-Beauftragter des BR<br \/>\nAutor: Daniel Fiene (live, Studio WDR D\u00fcsseldorf, honorarpflichtig)<br \/>\nVgl.: <a href=\"https:\/\/www.infosat.de\/digitale-welt\/ard-und-zdf-verteidigen-facebook-pr-senz\" rel=\"noopener\" target=\"_blank\">https:\/\/www.infosat.de\/digitale-welt\/ard-und-zdf-verteidigen-facebook-pr-senz<\/a><\/p>\n<p><u>3. Wedel\/#Metoo<\/u><br \/>\nTaskforce im Saarl\u00e4ndischen Rundfunk \u00fcbergab vorl\u00e4ufigen Abschlussbericht zu den Vorg\u00e4ngen rund um die Telefilm Saar-Produktion \u201eBretter, die die Welt bedeuten\u201c<br \/>\nFazit: \u201eFunktionstr\u00e4ger von TFS und SR sind ihrer besonderen Verantwortung nicht gerecht geworden\u201c<br \/>\nO-Ton: Andrea L\u2019Arronge, Schauspielerin (Quelle: \u201cMedienwelt\u201d, SR2 Kulturradio, SR, 27.01.2018, 15:20 Uhr)<br \/>\nInterview mit SR-Justitiar Bernd Radeck, Leiter der Taskforce<\/p>\n<p><u>4. Der UKW-Worst-Case fand nicht statt &#8211; Entwarnung?<\/u><br \/>\nDie vom Sendernetzbetreiber MEDIA BROADCAST    f\u00fcr den 11.04.2018 angedrohte Abschaltung von UKW-Sendeantennen im Bundesgebiet wurde kurzfristig ausgesetzt und bis zum 30.06.2018 verschoben. Sie kann endg\u00fcltig abgewendet werden, wenn sich die neuen Antennenbesitzer und Sendernetzbetreiber \u00fcber die UKW-Verbreitungskosten und -preise einigen k\u00f6nnen. Ansto\u00df f\u00fcr das Ver\u00e4u\u00dferungsverfahren gab im Februar 2017 die Bundesnetzagentur, als sie der MEDIA BROADCAST untersagte \u201cgegen\u00fcber einigen Radioveranstaltern neue Entgelte f\u00fcr die \u00dcbertragung von UKW-Rundfunksignalen einzuf\u00fchren.\u201d Im gerade gegenw\u00e4rtigen Konflikt um die Vertr\u00e4ge mit neuen Besitzern, Investoren und Sendernetzbetreibern scheint jedoch die Preisgestaltung der zentrale Konflikt zu sein. Wer tr\u00e4gt hier eine Mitverantwortung?<br \/>\n<a href=\"http:\/\/bit.ly\/2HIwrOQ\" rel=\"noopener\" target=\"_blank\">Telefoninterview<\/a> mit Prof. Dr. Hansj\u00fcrgen Rosenbauer, Vorsitzender des Medienrates der Medienanstalt Berlin-Brandenburg<\/p>\n<p><u>5. Romy-Dankesrede<\/u><br \/>\nO-Ton: Jan B\u00f6hmermann, Pr\u00e4sentator Neomagazin Royal, ZDF<br \/>\nQuelle: ORF, 07.04.2018<\/p>\n<p><u>PodCast-Bonus<\/u>:<br \/>\n\u00b0 Von facebook-Blase und Oberfl\u00e4chenjournalismus<br \/>\nZum B\u00f6rsengang von facebook neigt der Wirtschaftsjournalismus zu \u00dcbertreibungen.<br \/>\nSkype-Gespr\u00e4ch mit Thomas Kn\u00fcwer, Medienberater und -Blogger<br \/>\nVgl.: <a href=\"http:\/\/www.indiskretionehrensache.de\/\" rel=\"noopener\" target=\"_blank\">http:\/\/www.indiskretionehrensache.de\/<\/a><br \/>\nQuelle: Medienmagazin, radioeins, rbb, 19.05.2012<\/p>\n<p>\u00b0 Was sonst noch passierte &#8211; Der MedienMagazinMonatsr\u00fcckblick April 2011<br \/>\n* Royal Wedding im Netz<br \/>\n* Facebook ver\u00f6ffentlicht 700 User-Daten von Journalisten im Netz + Facebook startet Journalisten-Kuschel-Kampagne<br \/>\n* Pisser-Posse um Sebastian Schweinsteiger? DJV fordert Entschuldigung von Fu\u00dfballer<br \/>\nAutor: Daniel Fiene | Herr P\u00e4hler<br \/>\nQuelle: Medienmagazin, radioeins, rbb, 07.05.2011<\/p>\n<p>\u00b0 Buch-Tipp: &#8222;MedienTerrorKrieg &#8211; Zum Kriegsparadigma des 21. Jahrhunderts&#8220;<br \/>\nWie werden Kriege im 21. Jahrhundert gef\u00fchrt? Welche Rolle spielen klassische<br \/>\nund digitale Medien, insbesondere das Internet, in der Frontbildung von Staaten<br \/>\ngegen Terroristen? Die Autoren untersuchen insbesondere die Verbindung zwischen<br \/>\nTerror, Krieg und Medien<br \/>\nO-Ton-Vorsetzer: Beginn des Kriegs gegen den Terror in Afghanistan (Collage)<br \/>\nTelefon-Interview mit Florian R\u00f6tzer, Mitherausgeber<br \/>\n&#8222;Medien Terror Krieg&#8220;<br \/>\nHerausgeber: Goedart Palm u. Florian R\u00f6tzer<br \/>\nVerlag Heinz Heise; Preis: 19,50 EUR; 293 S., ISBN: 3-88229-199-0<br \/>\nQuelle: Medienmagazin, radioeins, rbb, 19.04.2003<\/p>\n<div style=\"height: 20px;\"><\/div>\n<p><a href=\"http:\/\/www.wwwagner.tv\/wp-content\/uploads\/20180414_radioeinspodcast_1024-x-512.jpg\"><img loading=\"lazy\" decoding=\"async\" src=\"http:\/\/www.wwwagner.tv\/wp-content\/uploads\/20180414_radioeinspodcast_1024-x-512.jpg\" alt=\"\" width=\"1024\" height=\"512\" class=\"alignnone size-full wp-image-39772\" srcset=\"https:\/\/www.wwwagner.tv\/wp-content\/uploads\/20180414_radioeinspodcast_1024-x-512.jpg 1024w, https:\/\/www.wwwagner.tv\/wp-content\/uploads\/20180414_radioeinspodcast_1024-x-512-300x150.jpg 300w, https:\/\/www.wwwagner.tv\/wp-content\/uploads\/20180414_radioeinspodcast_1024-x-512-768x384.jpg 768w\" sizes=\"auto, (max-width: 1024px) 100vw, 1024px\" \/><\/a><\/p>\n<hr \/>\n<div style=\"height: 5px;\"><\/div>\n<p><html><br \/>\n     <head><\/p>\n<style type=\"text\/css\">\n       body {\n                     background: #DADADA;\n       }\n      <\/style>\n<p>     <\/head><br \/>\n     <body><br \/>\n<\/body><br \/>\n    <\/html><br \/>\n<script src=\"https:\/\/apis.google.com\/js\/plusone.js\" type=\"text\/javascript\">\/\/ < ![CDATA[ {lang: 'de'} \/\/ ]]><\/script><br \/>\n<script src=\"http:\/\/twittercounter.com\/embed\/?username=medienmagazin&amp;style=avatar\" type=\"text\/javascript\"><\/script><\/p>\n<p><noscript><a href=\"http:\/\/twittercounter.com\/medienmagazin\">medienmagazin on Twitter Counter<\/a><\/noscript><\/p>\n","protected":false},"excerpt":{"rendered":"<p>Gesamt-PodCast: No audio playback capabilities, please download the audio belowDownload Audio: Closed Format: MP3 Download (verlinkte Audio-Quelle bis zum 14.04.2019: rbb, radioeins) [00:00] INTRO: Kriegsgr\u00fcnde | [02:02] facebook unter Druck | [19:24] Metoo-Taskforce zu Dieter Wedel | [30:38] UKW-Abschaltung ausgesetzt | [39:18] Romy-Dankesrede Jan B\u00f6hmermann | [42:22] Bonus: Von facebook-Blase und Oberfl\u00e4chenjournalismus (19.05.2012) | [51:31] [&hellip;]<\/p>\n","protected":false},"author":2,"featured_media":32866,"comment_status":"open","ping_status":"open","sticky":false,"template":"","format":"standard","meta":{"_monsterinsights_skip_tracking":false,"_monsterinsights_sitenote_active":false,"_monsterinsights_sitenote_note":"","_monsterinsights_sitenote_category":0,"footnotes":""},"categories":[4],"tags":[883,203,113,84],"class_list":["post-39770","post","type-post","status-publish","format-standard","has-post-thumbnail","hentry","category-medienmagazin","tag-metoo","tag-facebook","tag-krieg","tag-ukw"],"_links":{"self":[{"href":"https:\/\/www.wwwagner.tv\/index.php?rest_route=\/wp\/v2\/posts\/39770","targetHints":{"allow":["GET"]}}],"collection":[{"href":"https:\/\/www.wwwagner.tv\/index.php?rest_route=\/wp\/v2\/posts"}],"about":[{"href":"https:\/\/www.wwwagner.tv\/index.php?rest_route=\/wp\/v2\/types\/post"}],"author":[{"embeddable":true,"href":"https:\/\/www.wwwagner.tv\/index.php?rest_route=\/wp\/v2\/users\/2"}],"replies":[{"embeddable":true,"href":"https:\/\/www.wwwagner.tv\/index.php?rest_route=%2Fwp%2Fv2%2Fcomments&post=39770"}],"version-history":[{"count":9,"href":"https:\/\/www.wwwagner.tv\/index.php?rest_route=\/wp\/v2\/posts\/39770\/revisions"}],"predecessor-version":[{"id":39788,"href":"https:\/\/www.wwwagner.tv\/index.php?rest_route=\/wp\/v2\/posts\/39770\/revisions\/39788"}],"wp:featuredmedia":[{"embeddable":true,"href":"https:\/\/www.wwwagner.tv\/index.php?rest_route=\/wp\/v2\/media\/32866"}],"wp:attachment":[{"href":"https:\/\/www.wwwagner.tv\/index.php?rest_route=%2Fwp%2Fv2%2Fmedia&parent=39770"}],"wp:term":[{"taxonomy":"category","embeddable":true,"href":"https:\/\/www.wwwagner.tv\/index.php?rest_route=%2Fwp%2Fv2%2Fcategories&post=39770"},{"taxonomy":"post_tag","embeddable":true,"href":"https:\/\/www.wwwagner.tv\/index.php?rest_route=%2Fwp%2Fv2%2Ftags&post=39770"}],"curies":[{"name":"wp","href":"https:\/\/api.w.org\/{rel}","templated":true}]}}