{"id":39779,"date":"2018-04-14T18:48:41","date_gmt":"2018-04-14T17:48:41","guid":{"rendered":"http:\/\/www.wwwagner.tv\/?p=39779"},"modified":"2020-02-25T03:10:43","modified_gmt":"2020-02-25T01:10:43","slug":"prof-hansjuergen-rosenbauer-zu-ukw","status":"publish","type":"post","link":"https:\/\/www.wwwagner.tv\/?p=39779","title":{"rendered":"Prof. Hansj\u00fcrgen Rosenbauer zu UKW"},"content":{"rendered":"<figure id=\"attachment_39784\" aria-describedby=\"caption-attachment-39784\" style=\"width: 1100px\" class=\"wp-caption alignnone\"><a href=\"http:\/\/www.wwwagner.tv\/wp-content\/uploads\/rosenbauer_hansjuergen_ukw_1100\u2006\u00d7\u2006550.jpg\"><img loading=\"lazy\" decoding=\"async\" src=\"http:\/\/www.wwwagner.tv\/wp-content\/uploads\/rosenbauer_hansjuergen_ukw_1100\u2006\u00d7\u2006550.jpg\" alt=\"Hansj\u00fcrgen Rosenbauer | Foto: \u00a9 J\u00f6rg Wagner\" width=\"1100\" height=\"550\" class=\"size-full wp-image-39784\" srcset=\"https:\/\/www.wwwagner.tv\/wp-content\/uploads\/rosenbauer_hansjuergen_ukw_1100\u2006\u00d7\u2006550.jpg 1100w, https:\/\/www.wwwagner.tv\/wp-content\/uploads\/rosenbauer_hansjuergen_ukw_1100\u2006\u00d7\u2006550-300x150.jpg 300w, https:\/\/www.wwwagner.tv\/wp-content\/uploads\/rosenbauer_hansjuergen_ukw_1100\u2006\u00d7\u2006550-768x384.jpg 768w, https:\/\/www.wwwagner.tv\/wp-content\/uploads\/rosenbauer_hansjuergen_ukw_1100\u2006\u00d7\u2006550-1024x512.jpg 1024w\" sizes=\"auto, (max-width: 1100px) 100vw, 1100px\" \/><\/a><figcaption id=\"caption-attachment-39784\" class=\"wp-caption-text\">Hansj\u00fcrgen Rosenbauer | Foto: \u00a9 J\u00f6rg Wagner<\/figcaption><\/figure>\n<div style=\"height: 30px;\"><\/div>\n<div style=\"height: 10px;\"><\/div>\n <audio   controls > <source src=\"http:\/\/www.wwwagner.tv\/audio\/mm20180414_rosenbauer_hansjuergen.mp3\" type='audio\/mpeg' \/> <object   type=\"application\/x-shockwave-flash\"  data=\"https:\/\/www.wwwagner.tv\/wp-content\/plugins\/wphtml5player\/inc\/flowplayer.swf\"  width=\"400\"  height=\"30\"> <param name=\"movie\" value='https:\/\/www.wwwagner.tv\/wp-content\/plugins\/wphtml5player\/inc\/flowplayer.swf' \/><param name=\"allowfullscreen\" value='false' \/><param name=\"cachebusting\" value='true' \/><param name=\"bgcolor\" value='#000000' \/><param name=\"flashvars\" value='config={\"plugins\":{\"controls\":{\"height\":30,\"autoHide\":false,\"fullscreen\":false}},\"clip\":{\"autoPlay\":false,\"url\":\"http:\\\/\\\/www.wwwagner.tv\\\/audio\\\/mm20180414_rosenbauer_hansjuergen.mp3\"},\"playlist\":[{\"autoPlay\":false,\"url\":\"http:\\\/\\\/www.wwwagner.tv\\\/audio\\\/mm20180414_rosenbauer_hansjuergen.mp3\"}],\"play\":{\"opacity\":0}}' \/>  No audio playback capabilities, please download the audio below<br \/><strong>Download Audio:<\/strong> Closed Format: <a href=\"http:\/\/www.wwwagner.tv\/audio\/mm20180414_rosenbauer_hansjuergen.mp3\">MP3<\/a> <\/object> <!-- Generated by HTML5 Multimedia Framework (http:\/\/code.google.com\/p\/html5videoplayer) --> <\/audio>  \n<div style=\"height: 10px;\"><\/div>\n<p><u>Was<\/u>: Telefoninterview zum Deregulierungsprozess bei UKW-Antennen<br \/>\n<u>Wer<\/u>: Prof. Dr. Hansj\u00fcrgen Rosenbauer, Medienratsvorsitzender der MABB<br \/>\n<u>Wo<\/u>: Berlin<br \/>\n<u>Wann<\/u>: rec.: 13.04.2018, 15:05 Uhr; ver\u00f6ffentlicht im radioeins-Medienmagazin vom 14.04.2018, 18:48 Uhr und in einer gek\u00fcrzten Fassung im rbb Inforadio, 15.04.2018, 10:44\/15:24 Uhr<\/p>\n<div style=\"height: 10px;\"><\/div>\n<p><u>Vgl<\/u>.:<br \/>\n* <a href=\"http:\/\/bit.ly\/2y6phPT\" rel=\"noopener noreferrer\" target=\"_blank\">Telefoninterview<\/a> mit Wolfgang Breuer, Gesch\u00e4ftsf\u00fchrer MEDIA BROADCAST | 15.09.2017<br \/>\n* <a href=\"http:\/\/bit.ly\/2HXcQx6\" rel=\"noopener noreferrer\" target=\"_blank\">Podiumsdiskussion<\/a> &#8222;Die Zukunft von UKW \u2013 Lufthoheit am Sendemast | Medientage Mitteldeutschland | 26.04.2018<br \/>\n* Spekulationsobjekt: UKW-Antennen? &#8211; <a href=\"http:\/\/bit.ly\/2rc88Be\" rel=\"noopener noreferrer\" target=\"_blank\">Interview<\/a> mit Michael Radomski, CEO UPLINK Network GmbH | 26.04.2018<br \/>\n* Die UKW-Krise aus Sicht der MEDIA BROADCAST, <a href=\"http:\/\/bit.ly\/2rxar22\" rel=\"noopener noreferrer\" target=\"_blank\">Interview<\/a> mit Wolfgang Kniese, Chief Financial Officer (CFO), Gesch\u00e4ftsf\u00fchrer, MEDIA BROADCAST | 04.05.2018<\/p>\n<div style=\"height: 10px;\"><\/div>\n<div id='stb-container-5124' class='stb-container-css stb-custom-container stb-no-caption stb-image-none stb-ltr stb-border stb-side'><aside class='stb-icon'><img src='http:\/\/www.wwwagner.tv\/wp-content\/plugins\/wp-special-textboxes\/themes\/stb-dark\/heart.png'><\/aside><div id='stb-box-5124' class='stb-custom_box stb-box' ><br \/>\n<span style=\"font-size: 11pt; font-family: tahoma,arial,helvetica,sans-serif;\"><\/p>\n<blockquote>\n<div style=\"height: 10px;\"><\/div>\n<p>[0:00]<br \/>\n<u>J\u00f6rg Wagner<\/u>: <strong>Hier ist das radioeins-Medienmagazin \u00fcber Satellit, Kabel, Internet, dab+ und immer noch UKW. Das Worst-Case-Szenario fand nicht statt. Die vom Sendernetzbetreiber MEDIA BROADCAST f\u00fcr den 11.04.(2018) angedrohte Abschaltung von UKW-Sendeantennen im Bundesgebiet wurde kurzfristig ausgesetzt und bis zum 30.06.(2018) verschoben. Sie kann endg\u00fcltig abgewendet werden, wenn sich die neuen Antennenbesitzer und Sendernetzbetreiber \u00fcber die UKW-Verbreitungskosten und -preise einigen k\u00f6nnen. Ansto\u00df f\u00fcr das Ver\u00e4u\u00dferungsverfahren gab im Februar 2017 die Bundesnetzagentur, als sie der MEDIA BROADCAST untersagte \u201cgegen\u00fcber einigen Radioveranstaltern neue Entgelte f\u00fcr die \u00dcbertragung von UKW-Rundfunksignalen einzuf\u00fchren.\u201d Im gerade gegenw\u00e4rtigen Konflikt um die Vertr\u00e4ge mit neuen Besitzern, Investoren und Sendernetzbetreibern scheint jedoch genau die Preisgestaltung der zentrale Konflikt zu sein. Was jedoch auff\u00e4llig war in den letzten Tagen, offenbar konnte ein Sendernetzbetreiber, auch wenn er nicht mehr der Antennenbesitzer ist, einen Gro\u00dfteil der Informationsinfrastruktur UKW lahm legen. Oder h\u00e4tte gekonnt. Ich fragte den Medienratsvorsitzenden der Medienanstalt Berlin-Brandenburg, Prof. Dr. Hansj\u00fcrgen Rosenbauer, der jahrzehntelang Journalist beim Westdeutschen Rundfunk war mit eigenen UKW-Antennen, ein ganzes Jahrzehnt ORB-Intendant war mit Fremdantennen, wie er die j\u00fcngsten Abschaltdrohungen der MEDIA BROADCAST bewertet hatte.<\/strong><\/p>\n<p>[1:31]<br \/>\n<u>Hansj\u00fcrgen Rosenbauer<\/u>: Ich halte es f\u00fcr wesentlich leere Drohungen, die aber darauf abzielen, das Gesch\u00e4ftsmodell zu st\u00e4rken. Denn ich konstatiere zum einen ein Versagen der Medienpolitik, die, als es um den Verkauf der UKW-Antennen ging, nicht rechtzeitig daf\u00fcr gesorgt hat, dass dieser Verkauf nicht zu einem neuen Monopol f\u00fchren kann und zum anderen bemerke ich einfach, dass MEDIA BROADCAST aus einem Gesch\u00e4ft, das sie f\u00fcr nicht mehr so lukrativ halten, aussteigt zu einem Zeitpunkt, wo sich f\u00fcr einen neuen Erwerber dieses Gesch\u00e4ft als nicht zukunftsorientiert erweist, denn der Umstieg auf DAB steht ja doch innerhalb der n\u00e4chsten Jahre bevor.<\/p>\n<p>[2:19]<br \/>\n<u>J\u00f6rg Wagner<\/u>: <strong>Nun haben Sie sich sicherlich mit Ihren Kolleginnen und Kollegen beraten. Sie sind nicht ureigens daf\u00fcr zust\u00e4ndig, Sendernetzkontrolle zu betreiben, aber dennoch, zu welchem Resultat sind Sie gekommen?<\/strong><\/p>\n<p>[2:32]<br \/>\n<u>Hansj\u00fcrgen Rosenbauer<\/u>: Also, die Medienanstalten h\u00e4tten zu dem Zeitpunkt, als es um den Verkauf der UKW-Antennen ging, die ja auch geschickterweise in bestimmten Paketen verkauft wurden, st\u00e4rkere und schw\u00e4chere Frequenzen, h\u00e4tten viel lauter Alarm schlagen m\u00fcssen und darauf hinweisen m\u00fcssen, dass hier die Gefahr droht, wenn es nur einen einzigen Erwerber gibt f\u00fcr bestimmte Regionen z. B. f\u00fcr Berlin und Brandenburg, dass dann die Gefahr droht, dass dort beliebig ein Preis festgesetzt werden kann. Aus meiner Sicht ist es ein klassischer Fall f\u00fcr das Versagen von Deregulierung und Medienpolitik. Wenn Deregulierung zu neuen Monopolen f\u00fchrt, dann m\u00fcssen diese wiederum kontrolliert werden, denn sonst kann ein Erwerber damit machen, was er will, aus wirtschaftlicher Sicht w\u00fcrde sagen, ich habe so viel Geld daf\u00fcr bezahlt an die MEDIA BROADCAST, das muss ich jetzt mit Gewinn auch wieder erwirtschaften k\u00f6nnen. Also, das ganze ist ein v\u00f6llig un\u00fcberlegtes, \u00fcbers Knie gebrochenes Gesch\u00e4ftsmodell gewesen. Da h\u00e4tten die Landesmedienanstalten, die sich damit ja besch\u00e4ftigt haben, aber offensichtlich nicht in dem Umfang, wie wir es h\u00e4tten tun sollen, einschreiten k\u00f6nnen.<\/p>\n<p>[3:50]<br \/>\n<u>J\u00f6rg Wagner<\/u>: <strong>Meinen Sie, dass auch vielleicht die Bundesnetzagentur da versagt hat, weil sie im guten Glauben Deregulierung wollte, aber damit rechnen musste, dass das vielleicht so l\u00e4uft, wie es l\u00e4uft, n\u00e4mlich dass der Markt, der dann entsteht zu einer Preistreiberei f\u00fchrt, die letzten Endes ja auch dazu gef\u00fchrt hat, dass die Situation entstanden ist, wie sie in dieser Woche gerade noch abgewendet wurde?<\/strong><\/p>\n<p>[4:12]<br \/>\n<u>Hansj\u00fcrgen Rosenbauer<\/u>: Also, im Moment zeigen ja alle mit dem Finger auf alle anderen. Nat\u00fcrlich hat die Bundesnetzagentur auch nicht das Szenario durchdacht, was passiert, wenn statt MEDIA BROADCAST nun jemand anders der alleinige Eigent\u00fcmer ist und er dann die Preise beliebig festsetzen kann, also dereguliert und nicht wie vorher bei MEDIA BROADCAST reguliert. Das ganze ist nat\u00fcrlich auch ein Spiel von MEDIA BROADCAST, die ja zur freenet-Gruppe geh\u00f6ren, ein aktiennotiertes Unternehmen. Und ich nehme mal an, die haben sich irgendwann hingesetzt, haben gesagt UKW hat keine Zukunft. Das m\u00fcssen wir jetzt so lukrativ wie m\u00f6glich los schlagen und wir werden schon irgendeinen Dummen finden, der einsteigt. Und die Zeche bezahlen letztlich dann die Zwischen-Nutzer und die Zwischen-Nutzer f\u00fcr uns: die H\u00f6rer. <\/p>\n<p>[5:03]<br \/>\n<u>J\u00f6rg Wagner<\/u>: <strong>Nun ist mir bei diesem ganzen Prozedere auch ein Worst-Case-Szenario gekommen, dass z. B. fremdl\u00e4ndische Investoren hier eine Infrastruktur auf diese Art und Weise in die Hand bek\u00e4men und dann nach Gutd\u00fcnken auch hier in Krisensituationen abschalten k\u00f6nnten. Gibt es denn sowas wie einen staatlichen Bestandsschutz f\u00fcr gerade Information auf diesem Wege ausgestrahlt, n\u00e4mlich in 138 Millionen UKW-Empfangsger\u00e4te in Deutschland?<\/strong><\/p>\n<p>[5:33]<br \/>\n<u>Hansj\u00fcrgen Rosenbauer<\/u>: Soweit ich wei\u00df, gibt es den in der Form nicht, aber es gibt nat\u00fcrlich eine Verpflichtung f\u00fcr die sogenannte Notstandssituation, dass \u00fcber H\u00f6rfunk Notstandsmeldungen verbreitet werden k\u00f6nnen. Das ist im Westen Deutschlands ja garantiert durch die von den \u00f6ffentlich-rechtlichen betriebenen und besessenen Antennen. Im Osten Deutschlands ist das leider nicht der Fall. Da wurden wir ein Opfer der Vereinigungsgesch\u00e4fte, n\u00e4mlich dass wir zwar als \u00f6ffentlich-rechtliche Anstalt, damals als ich Intendant des ORB war, wir bekamen zwar Geb\u00e4ude und Studios, aber wir bekamen nicht die der DDR-Post geh\u00f6renden Antennen und Sendeanlagen. Die bekam die Deutsche Post, dann die Telekom und die Telekom hat sie dann an MEDIA BROADCAST weitergereicht und kommerzialisiert. Also, ich denke in diesem Fall wird es mit Sicherheit eine Regelung geben, dass auf jeden Fall f\u00fcr Notfallsituationen, Signale ausgestrahlt werden. Ich bin, Herr Wagner, ohnehin der Meinung, dass es f\u00fcr bestimmte G\u00fcter immaterieller und materieller Art in einem System, wie dem unseren, eine \u00f6ffentliche Hand geben muss, die daf\u00fcr sorgt, dass dies nicht komplett \u00f6konomisiert wird.<\/p>\n<p>[6:55]<br \/>\n<u>J\u00f6rg Wagner<\/u>: <strong>H\u00f6re ich auch ein bisschen einen Ratschlag heraus, dass sich der Mitteldeutsche Rundfunk und der rbb und vielleicht auch der Norddeutsche Rundfunk \u00fcberlegen sollten, die Antennen zur\u00fcck zu kaufen?<\/strong><\/p>\n<p>[7:06]<br \/>\n<u>Hansj\u00fcrgen Rosenbauer<\/u>: Zur\u00fcck zu kaufen ist gut. Also, das h\u00e4tten sie ja tun k\u00f6nnen bei der Versteigerung. Sie haben aber nicht mitgeboten, weil es auch \u00f6konomisch nat\u00fcrlich nur schwer begr\u00fcndbar ist, wenn man wei\u00df, man strahlt bereits auf DAB aus und wird in dieser Zukunftstechnologie auch weiter investieren, dann wird nat\u00fcrlich jeder Landesrechnungshof und die KEF sofort anfangen zu klagen, dass wieder \u00f6ffentliche Geb\u00fchren zum Fenster rausgeworfen werden. Also, ich glaube, dass hier einfach in einer Umbruchsituation, in der die Politik nicht den Mut hat, zu sagen zu welchem Zeitpunkt wird UKW tats\u00e4chlich abgeschaltet, wie ist die \u00dcbergangsfrist ausgelegt, dass in einer solchen Situation niemand den Mut oder auch die Verantwortung sp\u00fcrte, hier eine solche Zuspitzung, wie sie derzeit stattfindet zu vermeiden. Auf der anderen Seite, ich glaube, da ist auch sehr viel jetzt Get\u00f6se. Letztendlich muss eines vermieden werden, dass die MEDIA BROADCAST durch diese ganzen Aktionen letztlich dann doch dazu kommt, unreguliert mit h\u00f6heren Preisen weiter als Betreiber der Infrastruktur fortsetzen zu k\u00f6nnen.<\/p>\n<p>[8:21]<br \/>\n<u>J\u00f6rg Wagner<\/u>: <strong>\u2026 empfiehlt der Medienratsvorsitzende der MABB, Prof. Dr. Hansj\u00fcrgen Rosenbauer.<\/strong>\n<\/p><\/blockquote>\n<p><\/div><\/div>\n<p>(w\u00f6rtliches Transkript)<\/p>\n<div style=\"height: 10px;\"><\/div>\n<hr \/>\n<div style=\"height: 5px;\"><\/div>\n<p><html><br \/>\n     <head><\/p>\n<style type=\"text\/css\">\n       body {\n                     background: #DADADA;\n       }\n      <\/style>\n<p>     <\/head><br \/>\n     <body><br \/>\n<\/body><br \/>\n    <\/html><br \/>\n<script src=\"https:\/\/apis.google.com\/js\/plusone.js\" type=\"text\/javascript\">\/\/ < ![CDATA[ {lang: 'de'} \/\/ ]]><\/script><br \/>\n<script src=\"http:\/\/twittercounter.com\/embed\/?username=medienmagazin&amp;style=avatar\" type=\"text\/javascript\"><\/script><\/p>\n<p><noscript><a href=\"http:\/\/twittercounter.com\/medienmagazin\">medienmagazin on Twitter Counter<\/a><\/noscript><\/p>\n<p><\/span><\/p>\n","protected":false},"excerpt":{"rendered":"<p>No audio playback capabilities, please download the audio belowDownload Audio: Closed Format: MP3 Was: Telefoninterview zum Deregulierungsprozess bei UKW-Antennen Wer: Prof. Dr. Hansj\u00fcrgen Rosenbauer, Medienratsvorsitzender der MABB Wo: Berlin Wann: rec.: 13.04.2018, 15:05 Uhr; ver\u00f6ffentlicht im radioeins-Medienmagazin vom 14.04.2018, 18:48 Uhr und in einer gek\u00fcrzten Fassung im rbb Inforadio, 15.04.2018, 10:44\/15:24 Uhr Vgl.: * Telefoninterview [&hellip;]<\/p>\n","protected":false},"author":2,"featured_media":0,"comment_status":"open","ping_status":"open","sticky":false,"template":"","format":"standard","meta":{"_monsterinsights_skip_tracking":false,"_monsterinsights_sitenote_active":false,"_monsterinsights_sitenote_note":"","_monsterinsights_sitenote_category":0,"footnotes":""},"categories":[17],"tags":[84],"class_list":["post-39779","post","type-post","status-publish","format-standard","hentry","category-aktuell","tag-ukw"],"_links":{"self":[{"href":"https:\/\/www.wwwagner.tv\/index.php?rest_route=\/wp\/v2\/posts\/39779","targetHints":{"allow":["GET"]}}],"collection":[{"href":"https:\/\/www.wwwagner.tv\/index.php?rest_route=\/wp\/v2\/posts"}],"about":[{"href":"https:\/\/www.wwwagner.tv\/index.php?rest_route=\/wp\/v2\/types\/post"}],"author":[{"embeddable":true,"href":"https:\/\/www.wwwagner.tv\/index.php?rest_route=\/wp\/v2\/users\/2"}],"replies":[{"embeddable":true,"href":"https:\/\/www.wwwagner.tv\/index.php?rest_route=%2Fwp%2Fv2%2Fcomments&post=39779"}],"version-history":[{"count":14,"href":"https:\/\/www.wwwagner.tv\/index.php?rest_route=\/wp\/v2\/posts\/39779\/revisions"}],"predecessor-version":[{"id":45549,"href":"https:\/\/www.wwwagner.tv\/index.php?rest_route=\/wp\/v2\/posts\/39779\/revisions\/45549"}],"wp:attachment":[{"href":"https:\/\/www.wwwagner.tv\/index.php?rest_route=%2Fwp%2Fv2%2Fmedia&parent=39779"}],"wp:term":[{"taxonomy":"category","embeddable":true,"href":"https:\/\/www.wwwagner.tv\/index.php?rest_route=%2Fwp%2Fv2%2Fcategories&post=39779"},{"taxonomy":"post_tag","embeddable":true,"href":"https:\/\/www.wwwagner.tv\/index.php?rest_route=%2Fwp%2Fv2%2Ftags&post=39779"}],"curies":[{"name":"wp","href":"https:\/\/api.w.org\/{rel}","templated":true}]}}