{"id":40120,"date":"2018-06-09T18:05:56","date_gmt":"2018-06-09T17:05:56","guid":{"rendered":"http:\/\/www.wwwagner.tv\/?p=40120"},"modified":"2018-07-02T21:45:14","modified_gmt":"2018-07-02T20:45:14","slug":"medienmagazin-vom-09-06-2018","status":"publish","type":"post","link":"https:\/\/www.wwwagner.tv\/?p=40120","title":{"rendered":"Medienmagazin vom 09.06.2018"},"content":{"rendered":"<div style=\"height: 50px;\"><\/div>\n<p>Gesamt-PodCast:<\/p>\n<p> <audio   controls > <source src=\"https:\/\/rbbmediapmdp-a.akamaihd.net\/content\/cfd4b35e-4993-4b21-b054-be658b7cdb4d_8cae47fb-0ad0-459a-a371-5f4d5e64723e.mp3\" type='audio\/mpeg' \/> <object   type=\"application\/x-shockwave-flash\"  data=\"https:\/\/www.wwwagner.tv\/wp-content\/plugins\/wphtml5player\/inc\/flowplayer.swf\"  width=\"400\"  height=\"30\"> <param name=\"movie\" value='https:\/\/www.wwwagner.tv\/wp-content\/plugins\/wphtml5player\/inc\/flowplayer.swf' \/><param name=\"allowfullscreen\" value='false' \/><param name=\"cachebusting\" value='true' \/><param name=\"bgcolor\" value='#000000' \/><param name=\"flashvars\" value='config={\"plugins\":{\"controls\":{\"height\":30,\"autoHide\":false,\"fullscreen\":false}},\"clip\":{\"autoPlay\":false,\"url\":\"https:\\\/\\\/rbbmediapmdp-a.akamaihd.net\\\/content\\\/cfd4b35e-4993-4b21-b054-be658b7cdb4d_8cae47fb-0ad0-459a-a371-5f4d5e64723e.mp3\"},\"playlist\":[{\"autoPlay\":false,\"url\":\"https:\\\/\\\/rbbmediapmdp-a.akamaihd.net\\\/content\\\/cfd4b35e-4993-4b21-b054-be658b7cdb4d_8cae47fb-0ad0-459a-a371-5f4d5e64723e.mp3\"}],\"play\":{\"opacity\":0}}' \/>  No audio playback capabilities, please download the audio below<br \/><strong>Download Audio:<\/strong> Closed Format: <a href=\"https:\/\/rbbmediapmdp-a.akamaihd.net\/content\/cfd4b35e-4993-4b21-b054-be658b7cdb4d_8cae47fb-0ad0-459a-a371-5f4d5e64723e.mp3\">MP3<\/a> <\/object> <!-- Generated by HTML5 Multimedia Framework (http:\/\/code.google.com\/p\/html5videoplayer) --> <\/audio>  <br \/>\n<a href=\"https:\/\/rbbmediapmdp-a.akamaihd.net\/content\/cfd4b35e-4993-4b21-b054-be658b7cdb4d_8cae47fb-0ad0-459a-a371-5f4d5e64723e.mp3\" target=\"_blank\">Download<\/a><span style=\"color: #666666;\"> (verlinkte Audio-Quelle bis zum 09.06.2019: rbb, radioeins)<\/span><\/p>\n<div style=\"height: 50px;\"><\/div>\n<p>[00:00] INTRO: Egon Hoegen | [02:35] \u00d6sterreich | [12:57] Slowakei | [20:46] Telebr\u00fccke: Deutschland < ---> Russland | [32:17] Russland: FIFA-WM 2018 bei ARD und ZDF | [41:22] Bonus: FIFA-WM 2002 [57:47] Bonus: FIFA-WM 2006<\/p>\n<div style=\"height: 50px;\"><\/div>\n<hr \/>\n<p><u>INTRO: Egon Hoegen &#8211; die Stimme vom &#8222;7. Sinn&#8220; gestorben<\/u><br \/>\nO-T\u00f6ne:<br \/>\n* 7. Sinn (ARD, 1991)<br \/>\n* Tom Buhrow, WDR-Intendant, 07.06.2018<br \/>\n* Harald-Schmidt-Show (ARD, 2007)<\/p>\n<p><u>1. \u00d6sterreich: Medienenquete tagte \u00fcber die Zukunft des ORF<\/u><br \/>\nO-Tonvorsetzer: Interview Wladimir Putin &#8211; Armin Wolf, ORF, 04.06.2018<br \/>\nTelefoninterview mit Falter-Herausgeber Armin Thurnher. Er gilt als einer der profundesten Kenner der \u00f6sterreichischen Medienszene. Er sprach am Donnerstag (07.06.2018) bei der Medienenquete als Experte und war gestern auch Redner bei der alternativen Gegenveranstaltung der &#8222;besseren Medienenquete&#8220;<\/p>\n<p><u>2. Slowakei: Aufruhr im \u00f6ffentlichen-rechtlichen Rundfunk RTVS<\/u><br \/>\nDer Mord an dem Journalisten Jan Kuciak hat die Slowakei ersch\u00fcttert wie wohl kein anderes Ereignis seit der Samtenen Revolution. Politiker aller Parteien haben sich danach \u00f6ffentlichkeitswirksam hinter die Pressefreiheit gestellt. Aber der Druck auf die Medien scheint noch zuzunehmen \u2013 zumindest im \u00f6ffentlich-rechtlichen Rundfunk. Hier stehen sich mittlerweile zwei Lager gegen\u00fcber: Die eine Seite spricht von normalen Ver\u00e4nderungen durch einen neuen Intendanten. Die andere Seite f\u00fchlt sich an die Zeit nach der Zerschlagung des Prager Fr\u00fchlings, die \u201eNormalisierung\u201c erinnert. Nun hat die Welle von Entlassungen und K\u00fcndigung einen neuen H\u00f6hepunkt erreicht: Mehrere Fernseh-Redakteure wollen den Sender aus Protest gegen Zensur gemeinsam verlassen.<br \/>\nLeitungsgespr\u00e4ch mit O-T\u00f6nen:<br \/>\n* Video von RTVS-Mitarbeitern<br \/>\n* Zuzana Kovacic-Hanzelova, RTVS-Redakteurin, Protagonistin im Video<br \/>\n* Jaroslav Reznik, RTVS-Generaldirektor<br \/>\n* Pavol Babos, Politikwissenschaftler<br \/>\nAutorin: Marianne Allweiss, ARD-Studio Prag (live)<\/p>\n<p><u>3. Russland \/Deutschland: Das Online-Projekt &#8222;Telebr\u00fccke&#8220;<\/u><br \/>\nEine Woche vor Er\u00f6ffnung der Fu\u00dfball-WM starten das ARD-Politikmagazin MONITOR, die WDR-Integrationsredaktion WDRforall, die Deutsche Welle in Moskau und der unabh\u00e4ngige Moskauer Radiosender Echo Moskvy ein Experiment: eine &#8222;Telebr\u00fccke&#8220; von K\u00f6ln nach Moskau. Ein russisch-deutscher Dialog, nicht zwischen Regierungen, sondern zwischen ganz normalen Menschen, die \u00fcber Alltagsfragen, aber auch die gro\u00dfen Themen der deutsch-russischen Beziehungen sprechen. Von Fu\u00dfball \u00fcber Politik bis hin zu gegenseitigen Vorurteilen.<br \/>\nO-T\u00f6ne:<br \/>\n* Donahue, afn Berlin, 1983 \u00fcber die Reise von Samantha Smith zu Juri Andropow<br \/>\n* aus der ersten Telebr\u00fccke vom 07.06.2018, WDR<br \/>\nTelefon-Interview Georg Restle, Leiter der Monitor-Redaktion (live)<\/p>\n<p><u>4. Russland: Fu\u00dfball-WM &#8211;  N\u00e4he und Distanz bei den Experten von ARD und ZDF<\/u><br \/>\nStudiogespr\u00e4ch mit O-T\u00f6nen von:<br \/>\n* Prof. Thomas Horky, Macromedia Hochschule, Hamburg, z. Zt. Gastprofessor USA<br \/>\n* Christoph Bertling, Deutsche Sporthochschule, K\u00f6ln<br \/>\n* Axel Balkausky, ARD-Sportkoordinator, Quelle: T\u00f6ne, Texte, Bilder, WDR 5, 09.06.2018, 12:00 Uhr<br \/>\nAutor: Daniel Bouhs (live)<\/p>\n<p><u>PodCast-Bonus<\/u>:<br \/>\nINTRO: Live im Ersten. Die Fu\u00dfball-Weltmeisterschaft. Sport ist das Erste.<br \/>\n\u00b0 Fu\u00dfball-M\u00e4rchen: Es war einmal &#8230;<br \/>\nO-T\u00f6ne: Fu\u00dfballreportage: 1954, 1974, Tagesschau, Edmund Stoiber, Fritz Pleitgen, Harald Schmidt<br \/>\n\u00b0 Die Fu\u00dfball-WM hat begonnen: Die TV-Nation ist gespalten: in Free-TV- und Luxusklasse Pay-TV-Seher. Premiere ist immer noch von der Insolvenz bedroht. WM-Stimmung kommt nur sehr schwer auf. Gesellschaftliches Interesse contra privatwirtschaftliches Eigentum. Ist die Kirch-Insolvenz und die Ver\u00e4rgerung bei den Fu\u00dfballinteressierten \u00fcber nur partiell freie Spiele Anla\u00df f\u00fcr die Politik, neue Initiativen zu starten, Ereignisse dieser Bedeutung unter besonderen Schutz zu stellen? Telefoninterview mit Kurt Beck, MP Rheinland-Pfalz, Vors. Rundfunkkommission der L\u00e4nder<br \/>\n\u00b0 Kurz vor Anpfiff: kein digitaler WM-Fu\u00dfball bei ARD und ZDF, tausende Beschwerden in den Sendezentralen\/ Hintergr\u00fcnde und Abhilfetipps vom ZDF-Sprecher Philipp Baum<br \/>\nQuelle: radioeins-Medienmagazin, 01.06.2002<\/p>\n<p>INTRO: Inszenierung von Wirklichkeit<br \/>\n\u00b0 Fu\u00dfball-Mania &#8211; die Durchdringung des Fu\u00dfballs im Fernsehen<br \/>\nO-T\u00f6ne: Fu\u00dfball EM 2004<br \/>\nErgebnisse einer Studie der Uni Leipzig in Kooperation mit der IAMCR (International Association for Media and Communication Research) in Auswertung der EM 2004 \u00fcber die Inszenierung Fu\u00dfball im Fernsehen.<br \/>\nTelefoninterview mit Jasper Friedrich, Medien- und Kommunikationswissenschaftler, Uni Leipzig<br \/>\nQuelle: Medienmagazin im Inforadio, 11.06.2006<\/p>\n<p>INTRO: Experten-Talk<br \/>\nO-Ton: Gerhard Delling, G\u00fcnter Netzer<br \/>\n\u00b0 Fu\u00dfball \u00fcber alles &#8211; Wie eine Weltmeisterschaft die Medien dominierte<br \/>\nO-Ton: Radioreportage Frankreich-Portugal<br \/>\nTelefoninterview mit Dr. Thomas Horky, Sportjournalist und Medienwissenschaftler Uni Hamburg, (Dissertation zur &#8222;Inszenierung des Sports in der Massenkommunikation&#8220;)<br \/>\nQuelle: Medienmagazin im Inforadio, 08.07.2006<\/p>\n<figure id=\"attachment_40121\" aria-describedby=\"caption-attachment-40121\" style=\"width: 1024px\" class=\"wp-caption alignnone\"><a href=\"http:\/\/www.wwwagner.tv\/wp-content\/uploads\/20180609_podcast_1024-x-512.jpg\"><img loading=\"lazy\" decoding=\"async\" src=\"http:\/\/www.wwwagner.tv\/wp-content\/uploads\/20180609_podcast_1024-x-512.jpg\" alt=\"Thomas Hitzelsperger - Stefan Kuntz - Hannes Wolf | \u00a9 SWR\/Cornelia Klein\" width=\"1024\" height=\"512\" class=\"size-full wp-image-40121\" srcset=\"https:\/\/www.wwwagner.tv\/wp-content\/uploads\/20180609_podcast_1024-x-512.jpg 1024w, https:\/\/www.wwwagner.tv\/wp-content\/uploads\/20180609_podcast_1024-x-512-300x150.jpg 300w, https:\/\/www.wwwagner.tv\/wp-content\/uploads\/20180609_podcast_1024-x-512-768x384.jpg 768w\" sizes=\"auto, (max-width: 1024px) 100vw, 1024px\" \/><\/a><figcaption id=\"caption-attachment-40121\" class=\"wp-caption-text\">Thomas Hitzelsperger &#8211; Stefan Kuntz &#8211; Hannes Wolf | \u00a9 SWR\/Cornelia Klein<\/figcaption><\/figure>\n<hr \/>\n<div style=\"height: 5px;\"><\/div>\n<p><html><br \/>\n     <head><\/p>\n<style type=\"text\/css\">\n       body {\n                     background: #DADADA;\n       }\n      <\/style>\n<p>     <\/head><br \/>\n     <body><br \/>\n<\/body><br \/>\n    <\/html><br \/>\n<script src=\"https:\/\/apis.google.com\/js\/plusone.js\" type=\"text\/javascript\">\/\/ < ![CDATA[ {lang: 'de'} \/\/ ]]><\/script><br \/>\n<script src=\"http:\/\/twittercounter.com\/embed\/?username=medienmagazin&amp;style=avatar\" type=\"text\/javascript\"><\/script><\/p>\n<p><noscript><a href=\"http:\/\/twittercounter.com\/medienmagazin\">medienmagazin on Twitter Counter<\/a><\/noscript><\/p>\n","protected":false},"excerpt":{"rendered":"<p>Gesamt-PodCast: No audio playback capabilities, please download the audio belowDownload Audio: Closed Format: MP3 Download (verlinkte Audio-Quelle bis zum 09.06.2019: rbb, radioeins) [00:00] INTRO: Egon Hoegen | [02:35] \u00d6sterreich | [12:57] Slowakei | [20:46] Telebr\u00fccke: Deutschland < ---> Russland | [32:17] Russland: FIFA-WM 2018 bei ARD und ZDF | [41:22] Bonus: FIFA-WM 2002 [57:47] Bonus: [&hellip;]<\/p>\n","protected":false},"author":2,"featured_media":32866,"comment_status":"open","ping_status":"open","sticky":false,"template":"","format":"standard","meta":{"_monsterinsights_skip_tracking":false,"_monsterinsights_sitenote_active":false,"_monsterinsights_sitenote_note":"","_monsterinsights_sitenote_category":0,"footnotes":""},"categories":[4],"tags":[37,321,915,897,916],"class_list":["post-40120","post","type-post","status-publish","format-standard","has-post-thumbnail","hentry","category-medienmagazin","tag-fusball-wm","tag-orf","tag-rtvs","tag-slowakei","tag-telebruecke"],"_links":{"self":[{"href":"https:\/\/www.wwwagner.tv\/index.php?rest_route=\/wp\/v2\/posts\/40120","targetHints":{"allow":["GET"]}}],"collection":[{"href":"https:\/\/www.wwwagner.tv\/index.php?rest_route=\/wp\/v2\/posts"}],"about":[{"href":"https:\/\/www.wwwagner.tv\/index.php?rest_route=\/wp\/v2\/types\/post"}],"author":[{"embeddable":true,"href":"https:\/\/www.wwwagner.tv\/index.php?rest_route=\/wp\/v2\/users\/2"}],"replies":[{"embeddable":true,"href":"https:\/\/www.wwwagner.tv\/index.php?rest_route=%2Fwp%2Fv2%2Fcomments&post=40120"}],"version-history":[{"count":5,"href":"https:\/\/www.wwwagner.tv\/index.php?rest_route=\/wp\/v2\/posts\/40120\/revisions"}],"predecessor-version":[{"id":40126,"href":"https:\/\/www.wwwagner.tv\/index.php?rest_route=\/wp\/v2\/posts\/40120\/revisions\/40126"}],"wp:featuredmedia":[{"embeddable":true,"href":"https:\/\/www.wwwagner.tv\/index.php?rest_route=\/wp\/v2\/media\/32866"}],"wp:attachment":[{"href":"https:\/\/www.wwwagner.tv\/index.php?rest_route=%2Fwp%2Fv2%2Fmedia&parent=40120"}],"wp:term":[{"taxonomy":"category","embeddable":true,"href":"https:\/\/www.wwwagner.tv\/index.php?rest_route=%2Fwp%2Fv2%2Fcategories&post=40120"},{"taxonomy":"post_tag","embeddable":true,"href":"https:\/\/www.wwwagner.tv\/index.php?rest_route=%2Fwp%2Fv2%2Ftags&post=40120"}],"curies":[{"name":"wp","href":"https:\/\/api.w.org\/{rel}","templated":true}]}}