{"id":40535,"date":"2008-08-14T19:33:39","date_gmt":"2008-08-14T18:33:39","guid":{"rendered":"http:\/\/www.wwwagner.tv\/?p=40535"},"modified":"2023-09-06T22:44:36","modified_gmt":"2023-09-06T20:44:36","slug":"karas-harald","status":"publish","type":"post","link":"https:\/\/www.wwwagner.tv\/?p=40535","title":{"rendered":"Karas, Harald"},"content":{"rendered":"<figure id=\"attachment_40536\" aria-describedby=\"caption-attachment-40536\" style=\"width: 1100px\" class=\"wp-caption alignnone\"><a href=\"http:\/\/www.wwwagner.tv\/wp-content\/uploads\/2008_Harald_Karas_1100\u2006\u00d7\u2006624.jpg\"><img loading=\"lazy\" decoding=\"async\" src=\"http:\/\/www.wwwagner.tv\/wp-content\/uploads\/2008_Harald_Karas_1100\u2006\u00d7\u2006624.jpg\" alt=\"Harald Karas 2008 im aktuellen &quot;Abendschau&quot;-Studio | \u00a9 rbb\/Oliver Ziebe\" width=\"1100\" height=\"624\" class=\"size-full wp-image-40536\" srcset=\"https:\/\/www.wwwagner.tv\/wp-content\/uploads\/2008_Harald_Karas_1100\u2006\u00d7\u2006624.jpg 1100w, https:\/\/www.wwwagner.tv\/wp-content\/uploads\/2008_Harald_Karas_1100\u2006\u00d7\u2006624-300x170.jpg 300w, https:\/\/www.wwwagner.tv\/wp-content\/uploads\/2008_Harald_Karas_1100\u2006\u00d7\u2006624-768x436.jpg 768w, https:\/\/www.wwwagner.tv\/wp-content\/uploads\/2008_Harald_Karas_1100\u2006\u00d7\u2006624-1024x581.jpg 1024w\" sizes=\"auto, (max-width: 1100px) 100vw, 1100px\" \/><\/a><figcaption id=\"caption-attachment-40536\" class=\"wp-caption-text\">Harald Karas 2008 im aktuellen &#8222;Abendschau&#8220;-Studio | \u00a9 rbb\/Oliver Ziebe<\/figcaption><\/figure>\n<div style=\"height: 20px;\"><\/div>\n <audio   controls > <source src=\"http:\/\/www.wwwagner.tv\/audio\/20080814_karas_harald_96.mp3\" type='audio\/mpeg' \/> <object   type=\"application\/x-shockwave-flash\"  data=\"https:\/\/www.wwwagner.tv\/wp-content\/plugins\/wphtml5player\/inc\/flowplayer.swf\"  width=\"400\"  height=\"30\"> <param name=\"movie\" value='https:\/\/www.wwwagner.tv\/wp-content\/plugins\/wphtml5player\/inc\/flowplayer.swf' \/><param name=\"allowfullscreen\" value='false' \/><param name=\"cachebusting\" value='true' \/><param name=\"bgcolor\" value='#000000' \/><param name=\"flashvars\" value='config={\"plugins\":{\"controls\":{\"height\":30,\"autoHide\":false,\"fullscreen\":false}},\"clip\":{\"autoPlay\":false,\"url\":\"http:\\\/\\\/www.wwwagner.tv\\\/audio\\\/20080814_karas_harald_96.mp3\"},\"playlist\":[{\"autoPlay\":false,\"url\":\"http:\\\/\\\/www.wwwagner.tv\\\/audio\\\/20080814_karas_harald_96.mp3\"}],\"play\":{\"opacity\":0}}' \/>  No audio playback capabilities, please download the audio below<br \/><strong>Download Audio:<\/strong> Closed Format: <a href=\"http:\/\/www.wwwagner.tv\/audio\/20080814_karas_harald_96.mp3\">MP3<\/a> <\/object> <!-- Generated by HTML5 Multimedia Framework (http:\/\/code.google.com\/p\/html5videoplayer) --> <\/audio>  \n<div style=\"height: 10px;\"><\/div>\n<p><u>Was<\/u>: Interview zum journalistischen Werdegang und den Anf\u00e4ngen der Abendschau<br \/>\n<u>Wer<\/u>:<br \/>\n* Harald Karas, u. a. Abendschau-Moderator (1958-1984), Abendschau-Chef (1960-1984), &#8222;Stadtgespr\u00e4ch&#8220; (1984-1991)<br \/>\n* J\u00f6rg Wagner (Fragen)<br \/>\n<u>Wo<\/u>: Berlin, Zollpackhof, Elisabeth-Abegg-Stra\u00dfe 1, 10557 Berlin<br \/>\n<u>Wann<\/u>: 14.08.2008, nach 19 Uhr<\/p>\n<figure id=\"attachment_40544\" aria-describedby=\"caption-attachment-40544\" style=\"width: 600px\" class=\"wp-caption alignnone\"><a href=\"http:\/\/www.wwwagner.tv\/wp-content\/uploads\/1960er_karas_harald_600\u2006\u00d7\u2006365.jpg\"><img loading=\"lazy\" decoding=\"async\" src=\"http:\/\/www.wwwagner.tv\/wp-content\/uploads\/1960er_karas_harald_600\u2006\u00d7\u2006365.jpg\" alt=\"Harald Karas in den Anfangsjahren im  &quot;Abendschau&quot;-Studio | Screenshot: rbb\" width=\"600\" height=\"365\" class=\"size-full wp-image-40544\" srcset=\"https:\/\/www.wwwagner.tv\/wp-content\/uploads\/1960er_karas_harald_600\u2006\u00d7\u2006365.jpg 600w, https:\/\/www.wwwagner.tv\/wp-content\/uploads\/1960er_karas_harald_600\u2006\u00d7\u2006365-300x183.jpg 300w\" sizes=\"auto, (max-width: 600px) 100vw, 600px\" \/><\/a><figcaption id=\"caption-attachment-40544\" class=\"wp-caption-text\">Harald Karas in den Anfangsjahren im  &#8222;Abendschau&#8220;-Studio | Screenshot: rbb<\/figcaption><\/figure>\n<div style=\"height: 10px;\"><\/div>\n<hr \/>\n<div id='stb-container-8369' class='stb-container-css stb-custom-container stb-no-caption stb-image-none stb-ltr stb-border stb-side'><aside class='stb-icon'><img src='http:\/\/www.wwwagner.tv\/wp-content\/plugins\/wp-special-textboxes\/themes\/stb-dark\/heart.png'><\/aside><div id='stb-box-8369' class='stb-custom_box stb-box' ><br \/>\n<strong>rbb trauert um Harald Karas<\/strong><\/p>\n<p>Der Rundfunk Berlin-Brandenburg (rbb) trauert um Harald Karas, einen der profiliertesten und beliebtesten Fernsehjournalisten Berlins.<\/p>\n<p>Karas starb am Donnerstag (3. Dezember) im Alter von 88 Jahren in Berlin. rbb-Intendantin Dagmar Reim: \u201eHarald Karas hob 1958 als Moderator im Sender Freies Berlin (SFB) die &#8218;Abendschau&#8216; aus der Taufe und begleitete die Berlinerinnen und Berliner mehr als 25 Jahre durch ihre Stadt. Er pr\u00e4gte damit das Bild Berlins wie kaum ein Zweiter. Er war ein herausragender Journalist und au\u00dfergew\u00f6hnlicher Kollege, ein Vorbild f\u00fcr ganze Journalisten-Generationen, bescheiden und zugewandt. Bis in die letzten Lebenstage hinein hat er seine &#8218;Abendschau&#8216; gesehen. Wir verdanken ihm viel und werden ihn nicht vergessen.\u201c<\/p>\n<p>Harald Karas, geboren 1927 in Ottendorf in Sachsen, kam 1949 nach Berlin. Nach dem Studium der Publizistik und Soziologie an der FU Berlin begann er seine journalistische Laufbahn beim damaligen NWDR. Dort arbeitete er mehrere Jahre als Nachrichtensprecher und Reporter f\u00fcr die Sendung \u201eRund um die Berolina\u201c. 1958 baute Harald Karas mit G\u00fcnther Piecho die \u201eBerliner Abendschau\u201c des Sender Freies Berlin auf.<\/p>\n<p>Am 1. September 1958 moderierte Karas die erste \u201eAbendschau\u201c aus dem Studio im Deutschlandhaus am heutigen Theodor-Heuss-Platz und schrieb damit Berliner Fernsehgeschichte. 1960 wurde er Leiter der \u201eAbendschau\u201c. 26 Jahre informierte Harald Karas die Zuschauer regelm\u00e4\u00dfig \u00fcber die wichtigsten Ereignisse in der Stadt, die Sendungen erzielten Marktanteile von 60 &#8211; 70 Prozent. Auch nach dem Mauerbau blieb sein Gesicht in ganz Berlin bekannt. Karas charakterisierte die \u201eAbendschau\u201c selbst so: \u201eSie ist f\u00fcr Berlin und die Berliner unverzichtbar.\u201c<\/p>\n<p>1984 \u00fcbernahm Karas die Diskussionssendung \u201eStadtgespr\u00e4ch\u201c und moderierte mehr als 100 Ausgaben. Im August 1991, nach mehr als 40 Jahren Radio und Fernsehen in Berlin, verabschiedete er sich in den Ruhestand.<\/p>\n<p>(Quelle: rbb, 04.12.2015, 13:08 Uhr)<br \/>\n<\/div><\/div>\n<div style=\"height: 10px;\"><\/div>\n<hr \/>\n<div style=\"height: 5px;\"><\/div>\n<p><html><br \/>\n     <head><\/p>\n<style type=\"text\/css\">\n       body {\n                     background: #DADADA;\n       }\n      <\/style>\n<p>     <\/head><br \/>\n     <body><br \/>\n<\/body><br \/>\n    <\/html><br \/>\n<script src=\"https:\/\/apis.google.com\/js\/plusone.js\" type=\"text\/javascript\">\/\/ < ![CDATA[ {lang: 'de'} \/\/ ]]><\/script><br \/>\n<script src=\"http:\/\/twittercounter.com\/embed\/?username=medienmagazin&amp;style=avatar\" type=\"text\/javascript\"><\/script><\/p>\n<p><noscript><a href=\"http:\/\/twittercounter.com\/medienmagazin\">medienmagazin on Twitter Counter<\/a><\/noscript><\/p>\n","protected":false},"excerpt":{"rendered":"<p>No audio playback capabilities, please download the audio belowDownload Audio: Closed Format: MP3 Was: Interview zum journalistischen Werdegang und den Anf\u00e4ngen der Abendschau Wer: * Harald Karas, u. a. Abendschau-Moderator (1958-1984), Abendschau-Chef (1960-1984), &#8222;Stadtgespr\u00e4ch&#8220; (1984-1991) * J\u00f6rg Wagner (Fragen) Wo: Berlin, Zollpackhof, Elisabeth-Abegg-Stra\u00dfe 1, 10557 Berlin Wann: 14.08.2008, nach 19 Uhr medienmagazin on Twitter Counter<\/p>\n","protected":false},"author":2,"featured_media":0,"comment_status":"open","ping_status":"open","sticky":false,"template":"","format":"standard","meta":{"_monsterinsights_skip_tracking":false,"_monsterinsights_sitenote_active":false,"_monsterinsights_sitenote_note":"","_monsterinsights_sitenote_category":0,"footnotes":""},"categories":[114,129],"tags":[],"class_list":["post-40535","post","type-post","status-publish","format-standard","hentry","category-a-z","category-k"],"_links":{"self":[{"href":"https:\/\/www.wwwagner.tv\/index.php?rest_route=\/wp\/v2\/posts\/40535","targetHints":{"allow":["GET"]}}],"collection":[{"href":"https:\/\/www.wwwagner.tv\/index.php?rest_route=\/wp\/v2\/posts"}],"about":[{"href":"https:\/\/www.wwwagner.tv\/index.php?rest_route=\/wp\/v2\/types\/post"}],"author":[{"embeddable":true,"href":"https:\/\/www.wwwagner.tv\/index.php?rest_route=\/wp\/v2\/users\/2"}],"replies":[{"embeddable":true,"href":"https:\/\/www.wwwagner.tv\/index.php?rest_route=%2Fwp%2Fv2%2Fcomments&post=40535"}],"version-history":[{"count":8,"href":"https:\/\/www.wwwagner.tv\/index.php?rest_route=\/wp\/v2\/posts\/40535\/revisions"}],"predecessor-version":[{"id":53349,"href":"https:\/\/www.wwwagner.tv\/index.php?rest_route=\/wp\/v2\/posts\/40535\/revisions\/53349"}],"wp:attachment":[{"href":"https:\/\/www.wwwagner.tv\/index.php?rest_route=%2Fwp%2Fv2%2Fmedia&parent=40535"}],"wp:term":[{"taxonomy":"category","embeddable":true,"href":"https:\/\/www.wwwagner.tv\/index.php?rest_route=%2Fwp%2Fv2%2Fcategories&post=40535"},{"taxonomy":"post_tag","embeddable":true,"href":"https:\/\/www.wwwagner.tv\/index.php?rest_route=%2Fwp%2Fv2%2Ftags&post=40535"}],"curies":[{"name":"wp","href":"https:\/\/api.w.org\/{rel}","templated":true}]}}