{"id":40881,"date":"2018-09-28T11:00:45","date_gmt":"2018-09-28T10:00:45","guid":{"rendered":"http:\/\/www.wwwagner.tv\/?p=40881"},"modified":"2018-10-04T05:54:04","modified_gmt":"2018-10-04T04:54:04","slug":"oesterreich-abwehr-kritischer-medien-durch-innenministerium","status":"publish","type":"post","link":"https:\/\/www.wwwagner.tv\/?p=40881","title":{"rendered":"\u00d6sterreich: Abwehr kritischer Medien durch Innenministerium"},"content":{"rendered":"<figure id=\"attachment_40883\" aria-describedby=\"caption-attachment-40883\" style=\"width: 1100px\" class=\"wp-caption alignnone\"><a href=\"http:\/\/www.wwwagner.tv\/wp-content\/uploads\/201704_fu\u00dfi_rudi_1100-x-546.jpg\"><img loading=\"lazy\" decoding=\"async\" src=\"http:\/\/www.wwwagner.tv\/wp-content\/uploads\/201704_fu\u00dfi_rudi_1100-x-546.jpg\" alt=\"Rudi Fu\u00dfi (2017) | Foto: Rudi Fu\u00dfi, Screenshot eines Interviews via Videotelefonie mit vol.at\" width=\"1100\" height=\"546\" class=\"size-full wp-image-40883\" srcset=\"https:\/\/www.wwwagner.tv\/wp-content\/uploads\/201704_fu\u00dfi_rudi_1100-x-546.jpg 1100w, https:\/\/www.wwwagner.tv\/wp-content\/uploads\/201704_fu\u00dfi_rudi_1100-x-546-300x149.jpg 300w, https:\/\/www.wwwagner.tv\/wp-content\/uploads\/201704_fu\u00dfi_rudi_1100-x-546-768x381.jpg 768w, https:\/\/www.wwwagner.tv\/wp-content\/uploads\/201704_fu\u00dfi_rudi_1100-x-546-1024x508.jpg 1024w\" sizes=\"auto, (max-width: 1100px) 100vw, 1100px\" \/><\/a><figcaption id=\"caption-attachment-40883\" class=\"wp-caption-text\">Rudi Fu\u00dfi (2017) | Foto: Rudi Fu\u00dfi, Screenshot eines Interviews via Videotelefonie mit vol.at<\/figcaption><\/figure>\n<div style=\"height: 10px;\"><\/div>\n<blockquote><p>&#8222;Nat\u00fcrlich l\u00fcgt er.&#8220;<\/p><\/blockquote>\n<div style=\"height: 10px;\"><\/div>\n<p><span style=\"font-size: 11pt; font-family: tahoma,arial,helvetica,sans-serif;\"><br \/>\nAusl\u00f6ser f\u00fcr eine heftige Debatte um Pressefreiheit in \u00d6sterreich in dieser Woche war eine <a href=\"https:\/\/derstandard.at\/2000088051943\/Das-Schreiben-aus-dem-Innenministerium\" rel=\"noopener\" target=\"_blank\">eMail<\/a> vom Sprecher des Bundesinnenministeriums Christoph P\u00f6lzl. Er hatte Polizeidirektionen Empfehlungen f\u00fcr den Umgang bei Medienanfragen ausgesprochen. Darin hei\u00dft es u. a., die Kommunikation mit kritischen Medien wie den Zeitungen &#8222;Standard&#8220;, &#8222;Falter&#8220; und &#8222;Kurier&#8220; solle &#8222;auf das n\u00f6tigste (rechtlich vorgesehene) Ma\u00df&#8220; beschr\u00e4nkt werden. Der Bundesinnenminister Herbert Kickl (FP\u00d6), hatte das Schreiben jedoch relativiert. &#8222;Eine Einschr\u00e4nkung der Pressefreiheit ist absolut undenkbar&#8220;.<\/span><\/p>\n<div style=\"height: 10px;\"><\/div>\n<p> <audio   controls > <source src=\"http:\/\/www.wwwagner.tv\/audio\/20180928_1100_fu\u00dfi_rudi_112.mp3\" type='audio\/mpeg' \/> <object   type=\"application\/x-shockwave-flash\"  data=\"https:\/\/www.wwwagner.tv\/wp-content\/plugins\/wphtml5player\/inc\/flowplayer.swf\"  width=\"400\"  height=\"30\"> <param name=\"movie\" value='https:\/\/www.wwwagner.tv\/wp-content\/plugins\/wphtml5player\/inc\/flowplayer.swf' \/><param name=\"allowfullscreen\" value='false' \/><param name=\"cachebusting\" value='true' \/><param name=\"bgcolor\" value='#000000' \/><param name=\"flashvars\" value='config={\"plugins\":{\"controls\":{\"height\":30,\"autoHide\":false,\"fullscreen\":false}},\"clip\":{\"autoPlay\":false,\"url\":\"http:\\\/\\\/www.wwwagner.tv\\\/audio\\\/20180928_1100_fu\\u00dfi_rudi_112.mp3\"},\"playlist\":[{\"autoPlay\":false,\"url\":\"http:\\\/\\\/www.wwwagner.tv\\\/audio\\\/20180928_1100_fu\\u00dfi_rudi_112.mp3\"}],\"play\":{\"opacity\":0}}' \/>  No audio playback capabilities, please download the audio below<br \/><strong>Download Audio:<\/strong> Closed Format: <a href=\"http:\/\/www.wwwagner.tv\/audio\/20180928_1100_fu\u00dfi_rudi_112.mp3\">MP3<\/a> <\/object> <!-- Generated by HTML5 Multimedia Framework (http:\/\/code.google.com\/p\/html5videoplayer) --> <\/audio>  <br \/>\n<a href=\"http:\/\/www.wwwagner.tv\/audio\/20180928_1100_fu\u00dfi_rudi_112.mp3\" target=\"_blank\">Download<\/a><\/p>\n<div style=\"height: 10px;\"><\/div>\n<p><u>Wer<\/u>: Rudi Fu\u00dfi, PR-Berater, Moderator, Unternehmer, politischer Aktivist und Kabarettist, Wien<br \/>\n<u>Was<\/u>: Interview zur Lage der Pressefreiheit in \u00d6sterreich; O-Ton aus &#8222;Fellner! Live&#8220;, OE24, 25.09.2018 bei 34:41 (siehe unten)<br \/>\n<u>Wo<\/u>: Berlin < ---> Wien<br \/>\n<u>Wann<\/u>: rec.: 28.09.2018, 11:00 Uhr; ver\u00f6ffentlicht im radioeins-Medienmagazin vom <a href=\"http:\/\/bit.ly\/2P0lNG6\" rel=\"noopener\" target=\"_blank\">29.09.2018<\/a>, 18:22 Uhr<br \/>\nund in einer Kurz-Fassung im rbb Inforadio am 30.09.2018, 15:24\/20:44 Uhr<\/p>\n<div style=\"height: 10px;\"><\/div>\n<p><u>Vgl<\/u>.:<br \/>\n* <a href=\"http:\/\/bit.ly\/2DSLabL\" rel=\"noopener\" target=\"_blank\">Eva Linsinger<\/a>, Leitung Innenpolitik, Nachrichtenmagazin \u201cProfil\u201d, 11.05.2018<br \/>\n* <a href=\"http:\/\/bit.ly\/2KMQ095\" rel=\"noopener\" target=\"_blank\">Rubina M\u00f6hring<\/a>, Reporter ohne Grenzen, \u00d6sterreich, Gesch\u00e4ftsf\u00fchrende Pr\u00e4sidentin, 11.05.2018<br \/>\n* <a href=\"http:\/\/bit.ly\/2wU1PZ5\" rel=\"noopener\" target=\"_blank\">Peter Launsky-Tieffenthal<\/a>, Regierungssprecher, 11.05.2018<br \/>\n* <a href=\"http:\/\/bit.ly\/2ICg2PM\" rel=\"noopener\" target=\"_blank\">Dr. Gerhard Moser<\/a>, \u00d61-Radio-Journalist, Betriebsrats-Vorsitzender im ORF und Mitglied des Aufsichtsgremiums \u201cORF-Stiftungsrat\u201d, 11.05.2018<br \/>\n* radioeins-Medienmagazin <a href=\"http:\/\/bit.ly\/2rTpvrD\" rel=\"noopener\" target=\"_blank\">live<\/a> aus Wien, 12.05.2018<br \/>\n* Falter-Herausgeber Armin Thurnher im radioeins-Medienmagazin vom 09.06.2018, Minute <a href=\"http:\/\/bit.ly\/2l1x5wz\">2:35<\/a><br \/>\n* Tweet vom 26.09.2018<\/p>\n<blockquote class=\"twitter-tweet\" data-lang=\"de\">\n<p lang=\"de\" dir=\"ltr\">&quot;Herbert Kickl ist eine Schande f\u00fcr diese Republik!&quot;<a href=\"https:\/\/twitter.com\/hashtag\/fortkicklfort?src=hash&amp;ref_src=twsrc%5Etfw\">#fortkicklfort<\/a> <a href=\"https:\/\/t.co\/zdDmoYgCzV\">pic.twitter.com\/zdDmoYgCzV<\/a><\/p>\n<p>&mdash; Rudi Fu\u00dfi (@rudifussi) <a href=\"https:\/\/twitter.com\/rudifussi\/status\/1044927456472428546?ref_src=twsrc%5Etfw\">26. September 2018<\/a><\/p><\/blockquote>\n<p><script async src=\"https:\/\/platform.twitter.com\/widgets.js\" charset=\"utf-8\"><\/script><\/p>\n<div style=\"height: 10px;\"><\/div>\n<p>Die vollst\u00e4ndige Sendung &#8222;Fellner! Live&#8220; (oe24.tv) vom <a href=\"https:\/\/www.oe24.at\/tv\/fellnerlive-live\/Fellner-Live-Das-brutale-Polit-Duell-Grosz-gegen-Fussi\/349923249\" rel=\"noopener\" target=\"_blank\">25.09.2018<\/a>:<br \/>\n<div class=\"BorlabsCookie\"><div class=\"_brlbs-content-blocker\"> <div class=\"_brlbs-embed _brlbs-video-youtube\"> <img class=\"_brlbs-thumbnail\" src=\"https:\/\/www.wwwagner.tv\/wp-content\/plugins\/borlabs-cookie\/images\/cb-no-thumbnail.png\" alt=\"YouTube\"> <div class=\"_brlbs-caption\"> <p>Mit dem Laden des Videos akzeptieren Sie die Datenschutzerkl\u00e4rung von YouTube.<br><a href=\"https:\/\/policies.google.com\/privacy\" target=\"_blank\" rel=\"nofollow noopener noreferrer\">Mehr erfahren<\/a><\/p> <p><a class=\"_brlbs-btn _brlbs-icon-play-white\" href=\"#\" data-borlabs-cookie-unblock role=\"button\">Video laden<\/a><\/p> <p><label><input type=\"checkbox\" name=\"unblockAll\" value=\"1\" checked> <small>YouTube immer entsperren<\/small><\/label><\/p> <\/div> <\/div> <\/div><div class=\"borlabs-hide\" data-borlabs-cookie-type=\"content-blocker\" data-borlabs-cookie-id=\"youtube\"><script type=\"text\/template\">PGlmcmFtZSBsb2FkaW5nPSJsYXp5IiB3aWR0aD0iNTAwIiBoZWlnaHQ9IjI5OCIgc3JjPSJodHRwczovL3d3dy55b3V0dWJlLW5vY29va2llLmNvbS9lbWJlZC9hS2FOakN3SWlSZyIgZnJhbWVib3JkZXI9IjAiIGFsbG93PSJhdXRvcGxheTsgZW5jcnlwdGVkLW1lZGlhIiBhbGxvd2Z1bGxzY3JlZW4+PC9pZnJhbWU+PC9wPg==<\/script><\/div><\/div>\n<hr \/>\n<div style=\"height: 5px;\"><\/div>\n<p><html><br \/>\n     <head><\/p>\n<style type=\"text\/css\">\n       body {\n                     background: #DADADA;\n       }\n      <\/style>\n<p>     <\/head><br \/>\n     <body><br \/>\n<\/body><br \/>\n    <\/html><br \/>\n<script src=\"https:\/\/apis.google.com\/js\/plusone.js\" type=\"text\/javascript\">\/\/ < ![CDATA[ {lang: 'de'} \/\/ ]]><\/script><br \/>\n<script src=\"http:\/\/twittercounter.com\/embed\/?username=medienmagazin&amp;style=avatar\" type=\"text\/javascript\"><\/script><\/p>\n<p><noscript><a href=\"http:\/\/twittercounter.com\/medienmagazin\">medienmagazin on Twitter Counter<\/a><\/noscript><\/p>\n","protected":false},"excerpt":{"rendered":"<p>&#8222;Nat\u00fcrlich l\u00fcgt er.&#8220; Ausl\u00f6ser f\u00fcr eine heftige Debatte um Pressefreiheit in \u00d6sterreich in dieser Woche war eine eMail vom Sprecher des Bundesinnenministeriums Christoph P\u00f6lzl. Er hatte Polizeidirektionen Empfehlungen f\u00fcr den Umgang bei Medienanfragen ausgesprochen. Darin hei\u00dft es u. a., die Kommunikation mit kritischen Medien wie den Zeitungen &#8222;Standard&#8220;, &#8222;Falter&#8220; und &#8222;Kurier&#8220; solle &#8222;auf das n\u00f6tigste [&hellip;]<\/p>\n","protected":false},"author":2,"featured_media":0,"comment_status":"open","ping_status":"open","sticky":false,"template":"","format":"standard","meta":{"_monsterinsights_skip_tracking":false,"footnotes":""},"categories":[17],"tags":[601,27],"class_list":["post-40881","post","type-post","status-publish","format-standard","hentry","category-aktuell","tag-oesterreich","tag-pressefreiheit"],"_links":{"self":[{"href":"https:\/\/www.wwwagner.tv\/index.php?rest_route=\/wp\/v2\/posts\/40881","targetHints":{"allow":["GET"]}}],"collection":[{"href":"https:\/\/www.wwwagner.tv\/index.php?rest_route=\/wp\/v2\/posts"}],"about":[{"href":"https:\/\/www.wwwagner.tv\/index.php?rest_route=\/wp\/v2\/types\/post"}],"author":[{"embeddable":true,"href":"https:\/\/www.wwwagner.tv\/index.php?rest_route=\/wp\/v2\/users\/2"}],"replies":[{"embeddable":true,"href":"https:\/\/www.wwwagner.tv\/index.php?rest_route=%2Fwp%2Fv2%2Fcomments&post=40881"}],"version-history":[{"count":22,"href":"https:\/\/www.wwwagner.tv\/index.php?rest_route=\/wp\/v2\/posts\/40881\/revisions"}],"predecessor-version":[{"id":40916,"href":"https:\/\/www.wwwagner.tv\/index.php?rest_route=\/wp\/v2\/posts\/40881\/revisions\/40916"}],"wp:attachment":[{"href":"https:\/\/www.wwwagner.tv\/index.php?rest_route=%2Fwp%2Fv2%2Fmedia&parent=40881"}],"wp:term":[{"taxonomy":"category","embeddable":true,"href":"https:\/\/www.wwwagner.tv\/index.php?rest_route=%2Fwp%2Fv2%2Fcategories&post=40881"},{"taxonomy":"post_tag","embeddable":true,"href":"https:\/\/www.wwwagner.tv\/index.php?rest_route=%2Fwp%2Fv2%2Ftags&post=40881"}],"curies":[{"name":"wp","href":"https:\/\/api.w.org\/{rel}","templated":true}]}}