{"id":41215,"date":"2018-10-26T11:32:10","date_gmt":"2018-10-26T10:32:10","guid":{"rendered":"http:\/\/www.wwwagner.tv\/?p=41215"},"modified":"2018-11-01T02:09:19","modified_gmt":"2018-11-01T01:09:19","slug":"die-perfekte-stimmimitation-bestimmt-ai-die-neue-audiowelt-2","status":"publish","type":"post","link":"https:\/\/www.wwwagner.tv\/?p=41215","title":{"rendered":"Die perfekte Stimmimitation &#8211; Bestimmt AI die neue Audiowelt? (2)"},"content":{"rendered":"<figure id=\"attachment_41216\" aria-describedby=\"caption-attachment-41216\" style=\"width: 1100px\" class=\"wp-caption alignnone\"><a href=\"http:\/\/www.wwwagner.tv\/wp-content\/uploads\/20181026_113630_pidcock_chris_cereproc_1100-x-674.jpg\"><img loading=\"lazy\" decoding=\"async\" src=\"http:\/\/www.wwwagner.tv\/wp-content\/uploads\/20181026_113630_pidcock_chris_cereproc_1100-x-674.jpg\" alt=\"Chris Pidcock | Foto: \u00a9 J\u00f6rg Wagner\" width=\"1100\" height=\"674\" class=\"size-full wp-image-41216\" srcset=\"https:\/\/www.wwwagner.tv\/wp-content\/uploads\/20181026_113630_pidcock_chris_cereproc_1100-x-674.jpg 1100w, https:\/\/www.wwwagner.tv\/wp-content\/uploads\/20181026_113630_pidcock_chris_cereproc_1100-x-674-300x184.jpg 300w, https:\/\/www.wwwagner.tv\/wp-content\/uploads\/20181026_113630_pidcock_chris_cereproc_1100-x-674-768x471.jpg 768w, https:\/\/www.wwwagner.tv\/wp-content\/uploads\/20181026_113630_pidcock_chris_cereproc_1100-x-674-1024x627.jpg 1024w\" sizes=\"auto, (max-width: 1100px) 100vw, 1100px\" \/><\/a><figcaption id=\"caption-attachment-41216\" class=\"wp-caption-text\">Chris Pidcock | Foto: \u00a9 J\u00f6rg Wagner<\/figcaption><\/figure>\n<div style=\"height: 30px;\"><\/div>\n<p> <audio   controls > <source src=\"http:\/\/www.wwwagner.tv\/audio\/20181026_pidcock_chris_cereproc_112.mp3\" type='audio\/mpeg' \/> <object   type=\"application\/x-shockwave-flash\"  data=\"https:\/\/www.wwwagner.tv\/wp-content\/plugins\/wphtml5player\/inc\/flowplayer.swf\"  width=\"400\"  height=\"30\"> <param name=\"movie\" value='https:\/\/www.wwwagner.tv\/wp-content\/plugins\/wphtml5player\/inc\/flowplayer.swf' \/><param name=\"allowfullscreen\" value='false' \/><param name=\"cachebusting\" value='true' \/><param name=\"bgcolor\" value='#000000' \/><param name=\"flashvars\" value='config={\"plugins\":{\"controls\":{\"height\":30,\"autoHide\":false,\"fullscreen\":false}},\"clip\":{\"autoPlay\":false,\"url\":\"http:\\\/\\\/www.wwwagner.tv\\\/audio\\\/20181026_pidcock_chris_cereproc_112.mp3\"},\"playlist\":[{\"autoPlay\":false,\"url\":\"http:\\\/\\\/www.wwwagner.tv\\\/audio\\\/20181026_pidcock_chris_cereproc_112.mp3\"}],\"play\":{\"opacity\":0}}' \/>  No audio playback capabilities, please download the audio below<br \/><strong>Download Audio:<\/strong> Closed Format: <a href=\"http:\/\/www.wwwagner.tv\/audio\/20181026_pidcock_chris_cereproc_112.mp3\">MP3<\/a> <\/object> <!-- Generated by HTML5 Multimedia Framework (http:\/\/code.google.com\/p\/html5videoplayer) --> <\/audio>  <br \/>\n<a href=\"http:\/\/www.wwwagner.tv\/audio\/20181026_pidcock_chris_cereproc_112.mp3\" target=\"_blank\">Download<\/a><\/p>\n<div style=\"height: 10px;\"><\/div>\n<p><u>Wer<\/u>: Chris Pidcock, Chief Technical Officer, CereProc<br \/>\n<u>Was<\/u>: Vortrag \u00fcber Stimmensynthese bei CereProc (in Englisch)<br \/>\n<u>Wo<\/u>: M\u00fcnchen, ICM C6<br \/>\n<u>Wann<\/u>: rec.: 26.10.2018, 11:35 Uhr<\/p>\n<div style=\"height: 10px;\"><\/div>\n<p><u>Vgl<\/u>.: <a href=\"http:\/\/bit.ly\/2ADNks2\" rel=\"noopener\" target=\"_blank\">Programm<\/a> Medientage M\u00fcnchen<\/p>\n<div style=\"height: 10px;\"><\/div>\n<p>Moderation: Daniel Fiene, Rheinische Post &#038; Deutschlandfunk Nova<\/p>\n<div style=\"height: 10px;\"><\/div>\n<figure id=\"attachment_41221\" aria-describedby=\"caption-attachment-41221\" style=\"width: 1024px\" class=\"wp-caption alignnone\"><a href=\"http:\/\/www.wwwagner.tv\/wp-content\/uploads\/20181026_114709_cereproc_1024\u2006\u00d7\u2006658.jpg\"><img loading=\"lazy\" decoding=\"async\" src=\"http:\/\/www.wwwagner.tv\/wp-content\/uploads\/20181026_114709_cereproc_1024\u2006\u00d7\u2006658.jpg\" alt=\"Screenshot: CereProc\" width=\"1024\" height=\"658\" class=\"size-full wp-image-41221\" srcset=\"https:\/\/www.wwwagner.tv\/wp-content\/uploads\/20181026_114709_cereproc_1024\u2006\u00d7\u2006658.jpg 1024w, https:\/\/www.wwwagner.tv\/wp-content\/uploads\/20181026_114709_cereproc_1024\u2006\u00d7\u2006658-300x193.jpg 300w, https:\/\/www.wwwagner.tv\/wp-content\/uploads\/20181026_114709_cereproc_1024\u2006\u00d7\u2006658-768x494.jpg 768w\" sizes=\"auto, (max-width: 1024px) 100vw, 1024px\" \/><\/a><figcaption id=\"caption-attachment-41221\" class=\"wp-caption-text\">Screenshot: CereProc<\/figcaption><\/figure>\n<div style=\"height: 10px;\"><\/div>\n<hr \/>\n<div style=\"height: 5px;\"><\/div>\n<p><html><br \/>\n     <head><\/p>\n<style type=\"text\/css\">\n       body {\n                     background: #DADADA;\n       }\n      <\/style>\n<p>     <\/head><br \/>\n     <body><br \/>\n<\/body><br \/>\n    <\/html><br \/>\n<script src=\"https:\/\/apis.google.com\/js\/plusone.js\" type=\"text\/javascript\">\/\/ < ![CDATA[ {lang: 'de'} \/\/ ]]><\/script><br \/>\n<script src=\"http:\/\/twittercounter.com\/embed\/?username=medienmagazin&amp;style=avatar\" type=\"text\/javascript\"><\/script><\/p>\n<p><noscript><a href=\"http:\/\/twittercounter.com\/medienmagazin\">medienmagazin on Twitter Counter<\/a><\/noscript><\/p>\n","protected":false},"excerpt":{"rendered":"<p>No audio playback capabilities, please download the audio belowDownload Audio: Closed Format: MP3 Download Wer: Chris Pidcock, Chief Technical Officer, CereProc Was: Vortrag \u00fcber Stimmensynthese bei CereProc (in Englisch) Wo: M\u00fcnchen, ICM C6 Wann: rec.: 26.10.2018, 11:35 Uhr Vgl.: Programm Medientage M\u00fcnchen Moderation: Daniel Fiene, Rheinische Post &#038; Deutschlandfunk Nova medienmagazin on Twitter Counter<\/p>\n","protected":false},"author":2,"featured_media":0,"comment_status":"open","ping_status":"open","sticky":false,"template":"","format":"standard","meta":{"_monsterinsights_skip_tracking":false,"_monsterinsights_sitenote_active":false,"_monsterinsights_sitenote_note":"","_monsterinsights_sitenote_category":0,"footnotes":""},"categories":[53],"tags":[971],"class_list":["post-41215","post","type-post","status-publish","format-standard","hentry","category-dokument","tag-stimmensynthese"],"_links":{"self":[{"href":"https:\/\/www.wwwagner.tv\/index.php?rest_route=\/wp\/v2\/posts\/41215","targetHints":{"allow":["GET"]}}],"collection":[{"href":"https:\/\/www.wwwagner.tv\/index.php?rest_route=\/wp\/v2\/posts"}],"about":[{"href":"https:\/\/www.wwwagner.tv\/index.php?rest_route=\/wp\/v2\/types\/post"}],"author":[{"embeddable":true,"href":"https:\/\/www.wwwagner.tv\/index.php?rest_route=\/wp\/v2\/users\/2"}],"replies":[{"embeddable":true,"href":"https:\/\/www.wwwagner.tv\/index.php?rest_route=%2Fwp%2Fv2%2Fcomments&post=41215"}],"version-history":[{"count":7,"href":"https:\/\/www.wwwagner.tv\/index.php?rest_route=\/wp\/v2\/posts\/41215\/revisions"}],"predecessor-version":[{"id":41237,"href":"https:\/\/www.wwwagner.tv\/index.php?rest_route=\/wp\/v2\/posts\/41215\/revisions\/41237"}],"wp:attachment":[{"href":"https:\/\/www.wwwagner.tv\/index.php?rest_route=%2Fwp%2Fv2%2Fmedia&parent=41215"}],"wp:term":[{"taxonomy":"category","embeddable":true,"href":"https:\/\/www.wwwagner.tv\/index.php?rest_route=%2Fwp%2Fv2%2Fcategories&post=41215"},{"taxonomy":"post_tag","embeddable":true,"href":"https:\/\/www.wwwagner.tv\/index.php?rest_route=%2Fwp%2Fv2%2Ftags&post=41215"}],"curies":[{"name":"wp","href":"https:\/\/api.w.org\/{rel}","templated":true}]}}