{"id":41365,"date":"2018-11-05T20:56:16","date_gmt":"2018-11-05T19:56:16","guid":{"rendered":"http:\/\/www.wwwagner.tv\/?p=41365"},"modified":"2018-11-08T20:32:57","modified_gmt":"2018-11-08T19:32:57","slug":"goldene-victoria-2018-angela-merkel","status":"publish","type":"post","link":"https:\/\/www.wwwagner.tv\/?p=41365","title":{"rendered":"Goldene Victoria 2018 &#8211; Angela Merkel"},"content":{"rendered":"<figure id=\"attachment_41440\" aria-describedby=\"caption-attachment-41440\" style=\"width: 1100px\" class=\"wp-caption alignleft\"><a href=\"http:\/\/www.wwwagner.tv\/wp-content\/uploads\/20181105_DSC_8265_merkel_angela_1100-x-595n.jpg\"><img loading=\"lazy\" decoding=\"async\" src=\"http:\/\/www.wwwagner.tv\/wp-content\/uploads\/20181105_DSC_8265_merkel_angela_1100-x-595n.jpg\" alt=\"Angela Merkel | Foto: \u00a9 J\u00f6rg Wagner\" width=\"1100\" height=\"595\" class=\"size-full wp-image-41440\" srcset=\"https:\/\/www.wwwagner.tv\/wp-content\/uploads\/20181105_DSC_8265_merkel_angela_1100-x-595n.jpg 1100w, https:\/\/www.wwwagner.tv\/wp-content\/uploads\/20181105_DSC_8265_merkel_angela_1100-x-595n-300x162.jpg 300w, https:\/\/www.wwwagner.tv\/wp-content\/uploads\/20181105_DSC_8265_merkel_angela_1100-x-595n-768x415.jpg 768w, https:\/\/www.wwwagner.tv\/wp-content\/uploads\/20181105_DSC_8265_merkel_angela_1100-x-595n-1024x554.jpg 1024w\" sizes=\"auto, (max-width: 1100px) 100vw, 1100px\" \/><\/a><figcaption id=\"caption-attachment-41440\" class=\"wp-caption-text\">Angela Merkel | Foto: \u00a9 J\u00f6rg Wagner<\/figcaption><\/figure>\n<div style=\"height:30px;\"><\/div>\n<p><span style=\"font-size: 11pt; font-family: tahoma,arial,helvetica,sans-serif;\"><br \/>\nAllj\u00e4hrlich ehrt der VDZ Pers\u00f6nlichkeiten mit einer eigenen Auszeichnung: der Goldenen Victoria.<br \/>\nDarunter bisher: u. a. Michail Gorbatschow, Dr. Henry Kissinger, Joachim Gauck. (<a href=\"http:\/\/publishers-summit.vdz.de\/zt-hall-of-fame\/\" target=\"_blank\">Hall of Fame<\/a>)<\/span><\/p>\n<div style=\"height:40px;\"><\/div>\n<p> <audio   controls > <source src=\"http:\/\/www.wwwagner.tv\/audio\/20181105_merkel_angela_dankesrede_vdz_96.mp3\" type='audio\/mpeg' \/> <object   type=\"application\/x-shockwave-flash\"  data=\"https:\/\/www.wwwagner.tv\/wp-content\/plugins\/wphtml5player\/inc\/flowplayer.swf\"  width=\"400\"  height=\"30\"> <param name=\"movie\" value='https:\/\/www.wwwagner.tv\/wp-content\/plugins\/wphtml5player\/inc\/flowplayer.swf' \/><param name=\"allowfullscreen\" value='false' \/><param name=\"cachebusting\" value='true' \/><param name=\"bgcolor\" value='#000000' \/><param name=\"flashvars\" value='config={\"plugins\":{\"controls\":{\"height\":30,\"autoHide\":false,\"fullscreen\":false}},\"clip\":{\"autoPlay\":false,\"url\":\"http:\\\/\\\/www.wwwagner.tv\\\/audio\\\/20181105_merkel_angela_dankesrede_vdz_96.mp3\"},\"playlist\":[{\"autoPlay\":false,\"url\":\"http:\\\/\\\/www.wwwagner.tv\\\/audio\\\/20181105_merkel_angela_dankesrede_vdz_96.mp3\"}],\"play\":{\"opacity\":0}}' \/>  No audio playback capabilities, please download the audio below<br \/><strong>Download Audio:<\/strong> Closed Format: <a href=\"http:\/\/www.wwwagner.tv\/audio\/20181105_merkel_angela_dankesrede_vdz_96.mp3\">MP3<\/a> <\/object> <!-- Generated by HTML5 Multimedia Framework (http:\/\/code.google.com\/p\/html5videoplayer) --> <\/audio>  <br \/>\n<u>Wer<\/u>: Dr. Angela Merkel, Bundeskanzlerin<br \/>\n<u>Was<\/u>: Dankesrede, Publishers&#8216; Night, Verleihung der &#8222;Goldenen Victoria 2018&#8220; (Ehren-Victoria)<br \/>\n<u>Wo<\/u>: Berlin, Hauptstadtrepr\u00e4sentanz, Deutsche Telekom AG<br \/>\n<u>Wann<\/u>: 05.11.2018, 20:56 Uhr<\/p>\n<div style=\"height:10px;\"><\/div>\n<p><u>Vgl<\/u>.: Laudatio <a href=\"http:\/\/bit.ly\/2qyfVZZ\" rel=\"noopener\" target=\"_blank\">K\u00f6nigin Rania Al Abdullah von Jordanien<\/a><\/p>\n<div style=\"height:40px;\"><\/div>\n<figure id=\"attachment_41367\" aria-describedby=\"caption-attachment-41367\" style=\"width: 1024px\" class=\"wp-caption alignnone\"><a href=\"http:\/\/www.wwwagner.tv\/wp-content\/uploads\/20181105_21.01.13_1024-x-646.jpg\"><img loading=\"lazy\" decoding=\"async\" src=\"http:\/\/www.wwwagner.tv\/wp-content\/uploads\/20181105_21.01.13_1024-x-646.jpg\" alt=\"Angela Merkel | Foto: \u00a9 J\u00f6rg Wagner\" width=\"1024\" height=\"646\" class=\"size-full wp-image-41367\" srcset=\"https:\/\/www.wwwagner.tv\/wp-content\/uploads\/20181105_21.01.13_1024-x-646.jpg 1024w, https:\/\/www.wwwagner.tv\/wp-content\/uploads\/20181105_21.01.13_1024-x-646-300x189.jpg 300w, https:\/\/www.wwwagner.tv\/wp-content\/uploads\/20181105_21.01.13_1024-x-646-768x485.jpg 768w\" sizes=\"auto, (max-width: 1024px) 100vw, 1024px\" \/><\/a><figcaption id=\"caption-attachment-41367\" class=\"wp-caption-text\">Angela Merkel | Foto: \u00a9 J\u00f6rg Wagner<\/figcaption><\/figure>\n<div style=\"height:20px;\"><\/div>\n<div id='stb-container-6927' class='stb-container-css stb-custom-container stb-no-caption stb-image-none stb-ltr stb-border stb-side'><aside class='stb-icon'><img src='http:\/\/www.wwwagner.tv\/wp-content\/plugins\/wp-special-textboxes\/themes\/stb-dark\/heart.png'><\/aside><div id='stb-box-6927' class='stb-custom_box stb-box' ><\/p>\n<p>(Redemanuskript; Quelle: <a href=\"https:\/\/www.bundeskanzlerin.de\/bkin-de\/aktuelles\/rede-von-bundeskanzlerin-merkel-zur-verleihung-der-goldenen-victoria-im-rahmen-der-publishers-night-am-5-november-2018-in-berlin-1546144\" rel=\"noopener\" target=\"_blank\">bundeskanzlerin.de<\/a>)<\/p>\n<div style=\"height: 20px;\"><\/div>\n<blockquote><p>\nMajest\u00e4t,<br \/>\nExzellenzen,<br \/>\nsehr geehrter Herr Thiemann,<br \/>\nliebe Frau Guillaume-Grabisch,<br \/>\nliebe Angeh\u00f6rige von J\u00e1n Kuciak und Daphne Caruana Galizia,<br \/>\nsehr geehrte Damen und Herren,<\/p>\n<p>ich durfte ja schon einige Male bei der Publishers\u2018 Night dabei sein, heute Abend aber bin ich ganz besonders gern hier bei Ihnen. \u2013 Ich habe eben den Bundespr\u00e4sidenten a.D. vergessen. Das darf eigentlich nicht geschehen, daher begr\u00fc\u00dfe ich ihn, der im \u00dcbrigen mehr als richtigerweise auch ein Inhaber der Goldenen Victoria ist, nun ganz besonders.<\/p>\n<p>Es ist mir eine gro\u00dfe Ehre, die Goldene Victoria des Verbandes Deutscher Zeitschriftenverleger zu erhalten. Und es ist mir eine gro\u00dfe Freude, dass dies mit Worten geschieht, wie Sie sie gefunden haben, liebe K\u00f6nigin Rania. Haben Sie ganz, ganz herzlichen Dank daf\u00fcr \u2013 auch daf\u00fcr, dass Sie sich auf die Reise von Jordanien nach Berlin gemacht haben.<\/p>\n<p>Majest\u00e4t, erst vor wenigen Monaten war ich wieder in Ihrem Land Jordanien zu Besuch. Ich verfolge sehr aufmerksam, welche Entwicklung Ihr Land nimmt. Wir sehen auch, wie sehr Ihnen ganz pers\u00f6nlich Bildung und Menschenrechte am Herzen liegen und wie sehr Sie sich gegen Extremismus und f\u00fcr Toleranz stark machen. Ihr Land Jordanien leistet gerade auch bei der Aufnahme von Fl\u00fcchtlingen vor allem aus Syrien oder auch dem Irak Beeindruckendes \u2013 vor allem wenn man sich das Verh\u00e4ltnis der Zahl der Fl\u00fcchtlinge zur Zahl der einheimischen Bev\u00f6lkerung vor Augen f\u00fchrt; Sie haben es eben noch einmal gesagt. Es st\u00fcnde uns in Europa gut zu Gesicht, wenn wir diese Leistung noch sehr viel st\u00e4rker w\u00fcrdigen w\u00fcrden.<\/p>\n<p>Meine Damen und Herren, die Victoria ist eine Siegesg\u00f6ttin, aber sie ist nicht zwangsl\u00e4ufig auch immer eine Siegesgarantin. Das gilt auch mit Blick auf die Werte, die hier heute Abend besonders gew\u00fcrdigt werden: die Werte der Meinungs- und Pressefreiheit. Wir wissen nur zu gut, dass Werte, die einem gedeihlichen und friedlichen Zusammenleben zugrunde liegen, stets und immer wieder aufs Neue verteidigt werden m\u00fcssen. Wir wissen um die Werte, die eine demokratische Gesellschaft auszeichnen. Und diese Werte verteidigen wir in der Politik, in der Gesellschaft und in den Medien.<\/p>\n<p>Medien dienen der Information und Kommunikation, aber nicht allein. Sie sind keine Ware wie jede andere, denn die Entwicklung freiheitlicher demokratischer Gesellschaften einerseits und die freie, unabh\u00e4ngige Medienarbeit andererseits bedingen einander. Nat\u00fcrlich l\u00e4sst sich auch \u00fcber die Qualit\u00e4t von Medien trefflich streiten. Mir gef\u00e4llt auch nicht immer, was ich sehe, h\u00f6re oder lese. Unstrittig aber ist, was der Schriftsteller und Literaturnobelpreistr\u00e4ger Albert Camus einmal mit folgendem Satz feststellte: \u201eEine freie Presse kann gut oder schlecht sein, aber eine Presse ohne Freiheit kann nur schlecht sein.\u201c<\/p>\n<p>Dass Journalisten frei arbeiten k\u00f6nnen, bedeutet auch, dass sie frei von Angst, frei von Bedrohung und Gewalt arbeiten k\u00f6nnen. Es ist traurig, das betonen zu m\u00fcssen. Aber genau das m\u00fcssen wir wieder und wieder. Denn es sind ja vor allem Freiheitsver\u00e4chter, die das Licht der \u00d6ffentlichkeit scheuen. Daher ist es ein gutes, ein wichtiges, ein starkes Zeichen, dass der VDZ heute die beiden ermordeten Journalisten Daphne Caruana Galizia aus Malta und J\u00e1n Kuciak aus der Slowakei posthum mit der Goldenen Victoria f\u00fcr Pressefreiheit auszeichnet.<\/p>\n<p>Jeder von uns, der sich demokratischen Werten und den Menschenrechten verpflichtet f\u00fchlt, kann und darf nicht akzeptieren, dass Journalisten beschimpft, bedroht oder angegriffen werden. Wir k\u00f6nnen und d\u00fcrfen es nicht hinnehmen, wenn eine vielf\u00e4ltige Medienlandschaft infrage gestellt und als L\u00fcgenpresse hingestellt wird. Mangelnder Respekt \u00e4u\u00dfert sich schon in der Wortwahl. Und der Schritt von einer herabw\u00fcrdigenden, aggressiven Sprache hin zu Gewalt ist leider oft nicht allzu gro\u00df. Ich danke deshalb allen, die Zivilcourage zeigen und ihre Stimme erheben, wenn die Pressefreiheit bedroht wird. Ich danke allen, die sich f\u00fcr einen respektvollen Dialog einsetzen \u2013 hierzulande wie auch anderswo. Und ich danke dem Verband Deutscher Zeitschriftenverleger, der sich unerm\u00fcdlich f\u00fcr die Pressefreiheit einsetzt \u2013 so auch und besonders am heutigen Abend.<\/p>\n<p>Aber am besten verleihe ich meinem Dank wohl vor allem dadurch Ausdruck, dass ich die Goldene Victoria und Ihre Worte, Majest\u00e4t, als Ansporn nehme \u2013 als Ansporn, mich weiter f\u00fcr eine gute deutsch-jordanische Partnerschaft und f\u00fcr Presse- und Meinungsfreiheit weltweit einzusetzen. Mich auch zu freuen, wenn die Zeitung von morgen nicht so gut ist wie die Laudatio eben hier \u2013 dabei hilft mir die Goldene Victoria sicherlich in besonderer Weise.<\/p>\n<p>Herzlichen Dank.<\/p>\n<p>Montag, 05. November 2018\n<\/p><\/blockquote>\n<p><\/div><\/div>\n<hr \/>\n<div style=\"height: 5px;\"><\/div>\n<p><html><br \/>\n     <head><\/p>\n<style type=\"text\/css\">\n       body {\n                     background: #DADADA;\n       }\n      <\/style>\n<p>     <\/head><br \/>\n     <body><br \/>\n<\/body><br \/>\n    <\/html><br \/>\n<script src=\"https:\/\/apis.google.com\/js\/plusone.js\" type=\"text\/javascript\">\/\/ < ![CDATA[ {lang: 'de'} \/\/ ]]><\/script><br \/>\n<script src=\"http:\/\/twittercounter.com\/embed\/?username=medienmagazin&amp;style=avatar\" type=\"text\/javascript\"><\/script><\/p>\n<p><noscript><a href=\"http:\/\/twittercounter.com\/medienmagazin\">medienmagazin on Twitter Counter<\/a><\/noscript><\/p>\n","protected":false},"excerpt":{"rendered":"<p>Allj\u00e4hrlich ehrt der VDZ Pers\u00f6nlichkeiten mit einer eigenen Auszeichnung: der Goldenen Victoria. Darunter bisher: u. a. Michail Gorbatschow, Dr. Henry Kissinger, Joachim Gauck. (Hall of Fame) No audio playback capabilities, please download the audio belowDownload Audio: Closed Format: MP3 Wer: Dr. Angela Merkel, Bundeskanzlerin Was: Dankesrede, Publishers&#8216; Night, Verleihung der &#8222;Goldenen Victoria 2018&#8220; (Ehren-Victoria) Wo: [&hellip;]<\/p>\n","protected":false},"author":2,"featured_media":0,"comment_status":"open","ping_status":"open","sticky":false,"template":"","format":"standard","meta":{"_monsterinsights_skip_tracking":false,"_monsterinsights_sitenote_active":false,"_monsterinsights_sitenote_note":"","_monsterinsights_sitenote_category":0,"footnotes":""},"categories":[53],"tags":[298,100],"class_list":["post-41365","post","type-post","status-publish","format-standard","hentry","category-dokument","tag-goldene-victoria","tag-vdz"],"_links":{"self":[{"href":"https:\/\/www.wwwagner.tv\/index.php?rest_route=\/wp\/v2\/posts\/41365","targetHints":{"allow":["GET"]}}],"collection":[{"href":"https:\/\/www.wwwagner.tv\/index.php?rest_route=\/wp\/v2\/posts"}],"about":[{"href":"https:\/\/www.wwwagner.tv\/index.php?rest_route=\/wp\/v2\/types\/post"}],"author":[{"embeddable":true,"href":"https:\/\/www.wwwagner.tv\/index.php?rest_route=\/wp\/v2\/users\/2"}],"replies":[{"embeddable":true,"href":"https:\/\/www.wwwagner.tv\/index.php?rest_route=%2Fwp%2Fv2%2Fcomments&post=41365"}],"version-history":[{"count":10,"href":"https:\/\/www.wwwagner.tv\/index.php?rest_route=\/wp\/v2\/posts\/41365\/revisions"}],"predecessor-version":[{"id":41441,"href":"https:\/\/www.wwwagner.tv\/index.php?rest_route=\/wp\/v2\/posts\/41365\/revisions\/41441"}],"wp:attachment":[{"href":"https:\/\/www.wwwagner.tv\/index.php?rest_route=%2Fwp%2Fv2%2Fmedia&parent=41365"}],"wp:term":[{"taxonomy":"category","embeddable":true,"href":"https:\/\/www.wwwagner.tv\/index.php?rest_route=%2Fwp%2Fv2%2Fcategories&post=41365"},{"taxonomy":"post_tag","embeddable":true,"href":"https:\/\/www.wwwagner.tv\/index.php?rest_route=%2Fwp%2Fv2%2Ftags&post=41365"}],"curies":[{"name":"wp","href":"https:\/\/api.w.org\/{rel}","templated":true}]}}