{"id":41482,"date":"2018-11-10T18:05:45","date_gmt":"2018-11-10T17:05:45","guid":{"rendered":"http:\/\/www.wwwagner.tv\/?p=41482"},"modified":"2022-03-08T13:35:17","modified_gmt":"2022-03-08T11:35:17","slug":"medienmagazin-vom-10-11-2018","status":"publish","type":"post","link":"https:\/\/www.wwwagner.tv\/?p=41482","title":{"rendered":"Medienmagazin vom 10.11.2018"},"content":{"rendered":"<div style=\"height: 50px;\"><\/div>\n<p>Gesamt-PodCast:<\/p>\n<p> <audio   controls > <source src=\"https:\/\/rbbmediapmdp-a.akamaihd.net\/content\/dbc3f9ea-2940-4f00-b18d-3e67141f7c55_938df0ef-e513-4b11-9a32-39f0724cf19a.mp3\" type='audio\/mpeg' \/> <object   type=\"application\/x-shockwave-flash\"  data=\"https:\/\/www.wwwagner.tv\/wp-content\/plugins\/wphtml5player\/inc\/flowplayer.swf\"  width=\"400\"  height=\"30\"> <param name=\"movie\" value='https:\/\/www.wwwagner.tv\/wp-content\/plugins\/wphtml5player\/inc\/flowplayer.swf' \/><param name=\"allowfullscreen\" value='false' \/><param name=\"cachebusting\" value='true' \/><param name=\"bgcolor\" value='#000000' \/><param name=\"flashvars\" value='config={\"plugins\":{\"controls\":{\"height\":30,\"autoHide\":false,\"fullscreen\":false}},\"clip\":{\"autoPlay\":false,\"url\":\"https:\\\/\\\/rbbmediapmdp-a.akamaihd.net\\\/content\\\/dbc3f9ea-2940-4f00-b18d-3e67141f7c55_938df0ef-e513-4b11-9a32-39f0724cf19a.mp3\"},\"playlist\":[{\"autoPlay\":false,\"url\":\"https:\\\/\\\/rbbmediapmdp-a.akamaihd.net\\\/content\\\/dbc3f9ea-2940-4f00-b18d-3e67141f7c55_938df0ef-e513-4b11-9a32-39f0724cf19a.mp3\"}],\"play\":{\"opacity\":0}}' \/>  No audio playback capabilities, please download the audio below<br \/><strong>Download Audio:<\/strong> Closed Format: <a href=\"https:\/\/rbbmediapmdp-a.akamaihd.net\/content\/dbc3f9ea-2940-4f00-b18d-3e67141f7c55_938df0ef-e513-4b11-9a32-39f0724cf19a.mp3\">MP3<\/a> <\/object> <!-- Generated by HTML5 Multimedia Framework (http:\/\/code.google.com\/p\/html5videoplayer) --> <\/audio>  <br \/>\n<a href=\"https:\/\/rbbmediapmdp-a.akamaihd.net\/content\/dbc3f9ea-2940-4f00-b18d-3e67141f7c55_938df0ef-e513-4b11-9a32-39f0724cf19a.mp3\" target=\"_blank\" rel=\"noopener\">Download<\/a><span style=\"color: #666666;\"> (verlinkte Audio-Quelle bis zum 10.11.2019: rbb, radioeins)<\/span><\/p>\n<div style=\"height: 50px;\"><\/div>\n<p>[00:00] INTRO: <a href=\"http:\/\/bit.ly\/2z2wzpf\" rel=\"noopener\" target=\"_blank\">Mission Wahrheit<\/a> | [04:33] Trauma im Journalismus | [17:16] VDZ Publishers\u2019 Summit | [28:24] zibb-Messenger und MoJo | [42:14] Bonus: VDZ-Rede <a href=\"http:\/\/bit.ly\/2JKKRz2\" rel=\"noopener\" target=\"_blank\">Katarina Barley<\/a> | [1:00:27] Bonus: <a href=\"http:\/\/bit.ly\/2yYW8aK\" rel=\"noopener\" target=\"_blank\">VDZ-Talk<\/a> | [1:42:32] Bonus: Goldene Victoria Pressefreiheit &#8211; Laudatio D\u00fczen Tekkal <\/p>\n<div style=\"height: 60px;\"><\/div>\n<hr \/>\n<p><span style=\"font-size: 11pt; font-family: tahoma,arial,helvetica,sans-serif;\"><br \/>\n<b>INTRO: Trump h\u00e4lt weiter Kurs gegen kritische Medien<\/b><br \/>\nO-Ton: <a href=\"http:\/\/bit.ly\/2z2wzpf\" rel=\"noopener\" target=\"_blank\">Mission Wahrheit<\/a> (arte\/WDR-Doku)<br \/>\n<span style=\"font-size: 11pt; font-family: tahoma,arial,helvetica,sans-serif;\"><br \/>\n<b>1. Trauma im Journalismus<\/b><br \/>\nKriege, Krisen, Katastrophen: Neben Soldaten, Polizisten und Rettungskr\u00e4ften arbeiten auch Journalisten in Extremsituationen &#8211; einige systematisch als Kriegsreporter, andere trifft es zuf\u00e4llig als Lokalreporter. Auf einer <a href=\"http:\/\/bit.ly\/2zPm4pb\" rel=\"noopener\" target=\"_blank\">Tagung<\/a> am Freitag\/Samstag (09.\/10.11.2018) an der Universit\u00e4t Hamburg diskutierten Reporter und Redakteure von Zeitungen und Sendern \u00fcber Ursachen, Symptome und Auswege der &#8222;posttraumatischen Belastungsst\u00f6rung&#8220; im Journalismus, darunter auch die Verantwortung der Medienh\u00e4user.<br \/>\nStudiogespr\u00e4ch mit O-T\u00f6nen:<br \/>\n* Jay Tuck, ARD-Pension\u00e4r, Kriegsreporter<br \/>\n* Michael Obert, Journalist<br \/>\n* Amrai Coen, Journalistin<br \/>\n* Fee Rojaz, Psychologin<br \/>\n* N.N., Studentin, Zuschauerin aus dem Publikum<br \/>\nAutor: Daniel Bouhs (live)<\/p>\n<div class=\"BorlabsCookie\"><div class=\"_brlbs-content-blocker\"> <div class=\"_brlbs-embed _brlbs-video-youtube\"> <img class=\"_brlbs-thumbnail\" src=\"https:\/\/www.wwwagner.tv\/wp-content\/plugins\/borlabs-cookie\/images\/cb-no-thumbnail.png\" alt=\"YouTube\"> <div class=\"_brlbs-caption\"> <p>Mit dem Laden des Videos akzeptieren Sie die Datenschutzerkl\u00e4rung von YouTube.<br><a href=\"https:\/\/policies.google.com\/privacy\" target=\"_blank\" rel=\"nofollow noopener noreferrer\">Mehr erfahren<\/a><\/p> <p><a class=\"_brlbs-btn _brlbs-icon-play-white\" href=\"#\" data-borlabs-cookie-unblock role=\"button\">Video laden<\/a><\/p> <p><label><input type=\"checkbox\" name=\"unblockAll\" value=\"1\" checked> <small>YouTube immer entsperren<\/small><\/label><\/p> <\/div> <\/div> <\/div><div class=\"borlabs-hide\" data-borlabs-cookie-type=\"content-blocker\" data-borlabs-cookie-id=\"youtube\"><script type=\"text\/template\">PHA+PGlmcmFtZSBsb2FkaW5nPSJsYXp5IiB3aWR0aD0iNjAwIiBoZWlnaHQ9IjMzOCIgc3JjPSJodHRwczovL3d3dy55b3V0dWJlLW5vY29va2llLmNvbS9lbWJlZC9tUGhRRGlMTVJscyIgZnJhbWVib3JkZXI9IjAiIGFsbG93PSJhY2NlbGVyb21ldGVyOyBhdXRvcGxheTsgZW5jcnlwdGVkLW1lZGlhOyBneXJvc2NvcGU7IHBpY3R1cmUtaW4tcGljdHVyZSIgYWxsb3dmdWxsc2NyZWVuPjwvaWZyYW1lPg==<\/script><\/div><\/div><br \/>\n<span style=\"font-size: 11pt; font-family: tahoma,arial,helvetica,sans-serif;\"><br \/>\n<b>2a. VDZ: F\u00fcr ein Europ\u00e4isches Leistungsschutzrecht ohne erneuten Kompromiss<\/b><br \/>\nAuf dem Kongress diskutierten wieder BundesministerInnen, Chefs von Medien- und Telekommunikationskonzernen \u00fcber die Neuordnung der Medienwelt.<br \/>\nO-T\u00f6ne:<br \/>\n* Dr. Katarina Barley, Bundesministerin f\u00fcr Justiz und Verbraucherschutz<br \/>\n* Dr. Mathias D\u00f6pfner, Vorstandsvorsitzender, Axel Springer SE<br \/>\nInterview mit Dr. Rudolf Thiemann, Pr\u00e4sident des VDZ<br \/>\nVgl.:<br \/>\n* <a href=\"http:\/\/bit.ly\/2Qzl27L\" rel=\"noopener\" target=\"_blank\">Programm<\/a><br \/>\n* L\u00fcgen f\u00fcr das Leistungsschutzrecht, <a href=\"http:\/\/bit.ly\/2DtQv8D\" rel=\"noopener\" target=\"_blank\">uebermedien<\/a>.de<br \/>\n<span style=\"font-size: 11pt; font-family: tahoma,arial,helvetica,sans-serif;\"><br \/>\n<b>2b. Goldene Victoria (nur Inforadio)<\/b><br \/>\nDer Verband Deutscher Zeitschriftenverleger (VDZ) zeichnete diese Woche Bundeskanzlerin Angela Merkel mit einer \u201eEhren-Victoria\u201c aus: \u201eDamit wertsch\u00e4tzen die Verleger ihre bisherige politische Gesamtleistung.&#8220; Die Auszeichnung hatte bereits im Vorfeld f\u00fcr Kritik gesorgt, da die K\u00f6nigin Rania al Abdallah von Jordanien die Laudatio hielt. Jordanien steht im internationalen Pressefreiheitsranking auf Platz 132.<br \/>\nO-T\u00f6ne:<br \/>\n* K\u00f6nigin <a href=\"http:\/\/bit.ly\/2qyfVZZ\" rel=\"noopener\" target=\"_blank\">Rania al Abdallah<\/a> von Jordanien<br \/>\n* Dr. <a href=\"http:\/\/bit.ly\/2ARKDDB\" rel=\"noopener\" target=\"_blank\">Angela Merkel<\/a>, Bundeskanzlerin<br \/>\n* Dr. Rudolf Thiemann, Pr\u00e4sident des VDZ<br \/>\n<span style=\"font-size: 11pt; font-family: tahoma,arial,helvetica,sans-serif;\"><br \/>\n<b>3. rbb-TV mit neuem R\u00fcckkanal<\/b><br \/>\nAm Freitag (09.11.2018) startete das rbb-Vorabendprogramm zibb (Zuhause in Berlin und Brandenburg) den <a href=\"http:\/\/bit.ly\/2qDMWUV\" rel=\"noopener\" target=\"_blank\">zibb-Messenger<\/a>. Damit erhofft man sich einen neuen Zugang zu den Zuschauerinnen und Zuschauern: Videos, Audios, Geschichten, livegenerierte Umfragen. Bei zibb experimentiert man auch erfolgreich mit Smartphone-Reportagen, um Kosten zu senken bzw. Geschichten zu drehen, die einen Zugang auf Augenh\u00f6he erm\u00f6glichen.<br \/>\nInterview mit Claudia H\u00f6fling, zibb-Redakteurin<br \/>\n<span style=\"font-size: 11pt; font-family: tahoma,arial,helvetica,sans-serif;\"><br \/>\n<b>PodCast-Bonus:<\/b><br \/>\n\u00b0 VDZ-Keynote Politik<br \/>\nWer: Dr. Katarina Barley, Bundesministerin der Justiz und f\u00fcr Verbraucherschutz<br \/>\nWas: <a href=\"http:\/\/bit.ly\/2JKKRz2\" rel=\"noopener\" target=\"_blank\">Keynote<\/a> beim VDZ-Publishers\u2018 Summit<br \/>\nWo: Berlin, BCC<br \/>\nWann: rec.: 05.11.2018, 10:35 Uhr<\/p>\n<p>\u00b0 VDZ-Talk<br \/>\nWer:<br \/>\n* Dr. Rudolf Thiemann, Pr\u00e4sident VDZ<br \/>\n* Dr. Mathias D\u00f6pfner, Vorstandsvorsitzender, Axel Springer<br \/>\n* Prof. Dr. Bernhard P\u00f6rksen, Medienwissenschaft, Universit\u00e4t T\u00fcbingen<br \/>\n* Dr. Thomas Bellut, Intendant des ZDF<br \/>\n* J\u00f6rg Quoos, Chefredakteur, FUNKE Zentralredaktion (Moderation)<br \/>\n* Bettina Cramer, (Tagesmoderation)<br \/>\nWas: <a href=\"http:\/\/bit.ly\/2yYW8aK\" rel=\"noopener\" target=\"_blank\">Medien-Talk<\/a> beim VDZ-Publishers\u2018 Summit<br \/>\nWo: Berlin, BCC<br \/>\nWann: rec.: 05.11.2018, 11:47 Uhr<\/p>\n<p>\u00b0 \u201cGoldene Victoria\u201d Pressefreiheit<br \/>\nWer: D\u00fczen Tekkal<br \/>\nWas: Laudatio w\u00e4hrend der VDZ-Publishers\u2018 Night<br \/>\nWo: Berlin, Hauptstadtrepr\u00e4sentanz der Deutschen Telekom<br \/>\nWann: rec.: 05.11.2018, 20:10 Uhr<\/p>\n<hr \/>\n<div style=\"height: 10px;\"><\/div>\n<p><a href=\"http:\/\/www.wwwagner.tv\/wp-content\/uploads\/20181110_podcast_1024-x-512.jpg\"><img loading=\"lazy\" decoding=\"async\" src=\"http:\/\/www.wwwagner.tv\/wp-content\/uploads\/20181110_podcast_1024-x-512.jpg\" alt=\"\" width=\"1024\" height=\"512\" class=\"alignnone size-full wp-image-41488\" srcset=\"https:\/\/www.wwwagner.tv\/wp-content\/uploads\/20181110_podcast_1024-x-512.jpg 1024w, https:\/\/www.wwwagner.tv\/wp-content\/uploads\/20181110_podcast_1024-x-512-300x150.jpg 300w, https:\/\/www.wwwagner.tv\/wp-content\/uploads\/20181110_podcast_1024-x-512-768x384.jpg 768w\" sizes=\"auto, (max-width: 1024px) 100vw, 1024px\" \/><\/a><\/p>\n<hr \/>\n<div style=\"height: 5px;\"><\/div>\n<p><html><br \/>\n     <head><\/p>\n<style type=\"text\/css\">\n       body {\n                     background: #DADADA;\n       }\n      <\/style>\n<p>     <\/head><br \/>\n     <body><br \/>\n<\/body><br \/>\n    <\/html><br \/>\n<script src=\"https:\/\/apis.google.com\/js\/plusone.js\" type=\"text\/javascript\">\/\/ < ![CDATA[ {lang: 'de'} \/\/ ]]><\/script><br \/>\n<script src=\"http:\/\/twittercounter.com\/embed\/?username=medienmagazin&amp;style=avatar\" type=\"text\/javascript\"><\/script><\/p>\n<p><noscript><a href=\"http:\/\/twittercounter.com\/medienmagazin\">medienmagazin on Twitter Counter<\/a><\/noscript><\/p>\n<p><\/span><\/span><\/span><\/span><\/span><\/span><\/p>\n","protected":false},"excerpt":{"rendered":"<p>Gesamt-PodCast: No audio playback capabilities, please download the audio belowDownload Audio: Closed Format: MP3 Download (verlinkte Audio-Quelle bis zum 10.11.2019: rbb, radioeins) [00:00] INTRO: Mission Wahrheit | [04:33] Trauma im Journalismus | [17:16] VDZ Publishers\u2019 Summit | [28:24] zibb-Messenger und MoJo | [42:14] Bonus: VDZ-Rede Katarina Barley | [1:00:27] Bonus: VDZ-Talk | [1:42:32] Bonus: Goldene [&hellip;]<\/p>\n","protected":false},"author":2,"featured_media":32866,"comment_status":"open","ping_status":"open","sticky":false,"template":"","format":"standard","meta":{"_monsterinsights_skip_tracking":false,"_monsterinsights_sitenote_active":false,"_monsterinsights_sitenote_note":"","_monsterinsights_sitenote_category":0,"footnotes":""},"categories":[4],"tags":[979,27,88,977,100,978],"class_list":["post-41482","post","type-post","status-publish","format-standard","has-post-thumbnail","hentry","category-medienmagazin","tag-new-york-times","tag-pressefreiheit","tag-rbb","tag-trauma","tag-vdz","tag-zibb"],"_links":{"self":[{"href":"https:\/\/www.wwwagner.tv\/index.php?rest_route=\/wp\/v2\/posts\/41482","targetHints":{"allow":["GET"]}}],"collection":[{"href":"https:\/\/www.wwwagner.tv\/index.php?rest_route=\/wp\/v2\/posts"}],"about":[{"href":"https:\/\/www.wwwagner.tv\/index.php?rest_route=\/wp\/v2\/types\/post"}],"author":[{"embeddable":true,"href":"https:\/\/www.wwwagner.tv\/index.php?rest_route=\/wp\/v2\/users\/2"}],"replies":[{"embeddable":true,"href":"https:\/\/www.wwwagner.tv\/index.php?rest_route=%2Fwp%2Fv2%2Fcomments&post=41482"}],"version-history":[{"count":17,"href":"https:\/\/www.wwwagner.tv\/index.php?rest_route=\/wp\/v2\/posts\/41482\/revisions"}],"predecessor-version":[{"id":51442,"href":"https:\/\/www.wwwagner.tv\/index.php?rest_route=\/wp\/v2\/posts\/41482\/revisions\/51442"}],"wp:featuredmedia":[{"embeddable":true,"href":"https:\/\/www.wwwagner.tv\/index.php?rest_route=\/wp\/v2\/media\/32866"}],"wp:attachment":[{"href":"https:\/\/www.wwwagner.tv\/index.php?rest_route=%2Fwp%2Fv2%2Fmedia&parent=41482"}],"wp:term":[{"taxonomy":"category","embeddable":true,"href":"https:\/\/www.wwwagner.tv\/index.php?rest_route=%2Fwp%2Fv2%2Fcategories&post=41482"},{"taxonomy":"post_tag","embeddable":true,"href":"https:\/\/www.wwwagner.tv\/index.php?rest_route=%2Fwp%2Fv2%2Ftags&post=41482"}],"curies":[{"name":"wp","href":"https:\/\/api.w.org\/{rel}","templated":true}]}}