{"id":41803,"date":"2018-12-08T18:05:08","date_gmt":"2018-12-08T17:05:08","guid":{"rendered":"http:\/\/www.wwwagner.tv\/?p=41803"},"modified":"2018-12-12T07:45:52","modified_gmt":"2018-12-12T06:45:52","slug":"medienmagazin-vom-08-12-2018","status":"publish","type":"post","link":"https:\/\/www.wwwagner.tv\/?p=41803","title":{"rendered":"Medienmagazin vom 08.12.2018"},"content":{"rendered":"<div style=\"height: 50px;\"><\/div>\n<p>Gesamt-PodCast:<\/p>\n<p> <audio   controls > <source src=\"https:\/\/rbbmediapmdp-a.akamaihd.net\/content\/00a78d33-63ce-4b8c-8cd3-99b367ffd48a_c2b88667-8145-4793-b2b7-1c9aa9c9fd75.mp3\" type='audio\/mpeg' \/> <object   type=\"application\/x-shockwave-flash\"  data=\"https:\/\/www.wwwagner.tv\/wp-content\/plugins\/wphtml5player\/inc\/flowplayer.swf\"  width=\"400\"  height=\"30\"> <param name=\"movie\" value='https:\/\/www.wwwagner.tv\/wp-content\/plugins\/wphtml5player\/inc\/flowplayer.swf' \/><param name=\"allowfullscreen\" value='false' \/><param name=\"cachebusting\" value='true' \/><param name=\"bgcolor\" value='#000000' \/><param name=\"flashvars\" value='config={\"plugins\":{\"controls\":{\"height\":30,\"autoHide\":false,\"fullscreen\":false}},\"clip\":{\"autoPlay\":false,\"url\":\"https:\\\/\\\/rbbmediapmdp-a.akamaihd.net\\\/content\\\/00a78d33-63ce-4b8c-8cd3-99b367ffd48a_c2b88667-8145-4793-b2b7-1c9aa9c9fd75.mp3\"},\"playlist\":[{\"autoPlay\":false,\"url\":\"https:\\\/\\\/rbbmediapmdp-a.akamaihd.net\\\/content\\\/00a78d33-63ce-4b8c-8cd3-99b367ffd48a_c2b88667-8145-4793-b2b7-1c9aa9c9fd75.mp3\"}],\"play\":{\"opacity\":0}}' \/>  No audio playback capabilities, please download the audio below<br \/><strong>Download Audio:<\/strong> Closed Format: <a href=\"https:\/\/rbbmediapmdp-a.akamaihd.net\/content\/00a78d33-63ce-4b8c-8cd3-99b367ffd48a_c2b88667-8145-4793-b2b7-1c9aa9c9fd75.mp3\">MP3<\/a> <\/object> <!-- Generated by HTML5 Multimedia Framework (http:\/\/code.google.com\/p\/html5videoplayer) --> <\/audio>  <br \/>\n<a href=\"https:\/\/rbbmediapmdp-a.akamaihd.net\/content\/00a78d33-63ce-4b8c-8cd3-99b367ffd48a_c2b88667-8145-4793-b2b7-1c9aa9c9fd75.mp3\" target=\"_blank\">Download<\/a><span style=\"color: #666666;\"> (verlinkte Audio-Quelle bis zum 08.12.2019: rbb, radioeins)<\/span><\/p>\n<div style=\"height: 50px;\"><\/div>\n<p>[00:00] INTRO: Schuld sind Journalisten | [01:57] <a href=\"http:\/\/bit.ly\/2Ec7jAs\" rel=\"noopener\" target=\"_blank\">Das ZDF, die Zahlen und die Medienpolitik<\/a> | [12:50] <a href=\"http:\/\/bit.ly\/2QFwfqN\" rel=\"noopener\" target=\"_blank\">Weihnachtsbibliothek 2<\/a>: Thomas Rid &#8211; &#8222;Mythos Cyberwar&#8220; | [22:08] Deutscher Reporterpreis: Wolf Schneider zur besten Satzl\u00e4nge | [27:07] Deutscher Reporterpreis: Bester Essay &#8211; Daniel Schulz (taz) | [40:44] Bonus: Sonderpreis f\u00fcr Investigation f\u00fcr den US-Amerikaner Ronan Farrow &#8211; Laudatio von Alice Schwarzer | [50:39] Bonus: Dankesrede von Ronan Farrow (englisch)<\/p>\n<div style=\"height: 60px;\"><\/div>\n<hr \/>\n<p><u>INTRO: Schuld sind Journalisten<\/u><br \/>\nJulia Kl\u00f6ckner, stellvertretende CDU-Vorsitzende befragt von Phoenix-Moderator Michael Kolz, warum der Aufbruch der CDU, mit st\u00e4rkerer Diskussion erst jetzt k\u00e4me<br \/>\nQuelle: phoenix, 07.12.2018, 15:53 Uhr<\/p>\n<p><u>1. Das ZDF, die Zahlen und die Medienpolitik<\/u><br \/>\nWie geht es weiter mit der Finanzierung des \u00f6ffentlich-rechtlichen Rundfunks? Das ZDF deckt seine Ausgaben noch durch R\u00fccklagen. Damit ist es im \u00f6ffentlich-rechtlichen System nicht allein. Die Medienpolitik hat jedoch notwendige Entscheidungen auf den M\u00e4rz verschoben, hei\u00dft es Warten auf Zukunftssicherung! Das ZDF bereitet sich auf das nun angek\u00fcndigte Spitzengespr\u00e4ch mit den L\u00e4nderchefs Ende Januar vor.<br \/>\nO-Ton: Heike Raab, Staatssekret\u00e4rin, Rheinland-Pfalz, Rundfunkkommission der L\u00e4nder, 06.12.2018 am Rande der Ministerpr\u00e4sidentenkonferenz<br \/>\n<a href=\"http:\/\/bit.ly\/2Ec7jAs\" rel=\"noopener\" target=\"_blank\">Interview<\/a> mit Marlehn Thieme, ZDF-Fernsehratsvorsitzende<br \/>\nAutor: Werner Lange<\/p>\n<p><u>2. Medienmagazin-Weihnachtsbibliothek (2\/4)<\/u><br \/>\nThomas Rid: &#8222;Mythos Cyberwar. \u00dcber digitale Spionage, Sabotage und andere Gefahren&#8220;<br \/>\nAus dem Englischen von Michael Adrian und Bettina Engels<br \/>\nEdition K\u00f6rber, Hamburg 2018<br \/>\n352 Seiten, 18,00 Euro<br \/>\nISBN 978-3-89684-260-2<br \/>\n<a href=\"http:\/\/bit.ly\/2QFwfqN\" rel=\"noopener\" target=\"_blank\">Studiogespr\u00e4ch<\/a> mit O-T\u00f6nen vom Autor<br \/>\nAutorin: Vera Lin\u00df<\/p>\n<p><u>3. Deutscher Reporterpreis 2018 (2 Teile)<\/u><br \/>\nO-T\u00f6ne aus der Preisverleihung des <a href=\"http:\/\/www.reporter-forum.de\/\" rel=\"noopener\" target=\"_blank\">Reporterforums<\/a> e. V. (03.12.2018, Berlin):<br \/>\n* Wolf Schneider, Journalist und ehemaliger Leiter der Hamburger Journalistenschule<br \/>\n* Laudatio &#8222;Bester Essay&#8220;, Vera Schr\u00f6der, Leiterin der Redaktion SZ Familie<br \/>\n* Dankesrede &#8222;Bester Essay&#8220;, in Vertretung: Steffi Unsleber, Reporterin und Redakteurin bei der taz<br \/>\n* Text-Ausschnitt, gesprochen von Daniel Bouhs<br \/>\n* Skype-Interview mit <a href=\"https:\/\/twitter.com\/derherrschulz\" rel=\"noopener\" target=\"_blank\">Daniel Schulz<\/a> (zur Zeit in Kiew), taz-Journalist und Preistr\u00e4ger &#8222;Bester Essay&#8220;<br \/>\nf\u00fcr <a href=\"http:\/\/bit.ly\/2E8I9mf\" rel=\"noopener\" target=\"_blank\">&#8222;Wir waren wie Br\u00fcder&#8220;<\/a> <\/p>\n<p><u>PodCast-Bonus<\/u>:<br \/>\n\u00b0 Sonderpreis f\u00fcr Investigation f\u00fcr den US-Amerikaner Ronan Farrow<br \/>\n* Laudatio von Alice Schwarzer<br \/>\n* Dankesrede von Ronan Farrow (englisch)<\/p>\n<div style=\"height: 10px;\"><\/div>\n<figure id=\"attachment_41815\" aria-describedby=\"caption-attachment-41815\" style=\"width: 400px\" class=\"wp-caption alignnone\"><a href=\"http:\/\/www.wwwagner.tv\/wp-content\/uploads\/20181203_farrow_ronan_1_400-x-225.jpg\"><img loading=\"lazy\" decoding=\"async\" src=\"http:\/\/www.wwwagner.tv\/wp-content\/uploads\/20181203_farrow_ronan_1_400-x-225.jpg\" alt=\"\" width=\"400\" height=\"225\" class=\"size-full wp-image-41815\" srcset=\"https:\/\/www.wwwagner.tv\/wp-content\/uploads\/20181203_farrow_ronan_1_400-x-225.jpg 400w, https:\/\/www.wwwagner.tv\/wp-content\/uploads\/20181203_farrow_ronan_1_400-x-225-300x169.jpg 300w\" sizes=\"auto, (max-width: 400px) 100vw, 400px\" \/><\/a><figcaption id=\"caption-attachment-41815\" class=\"wp-caption-text\">Ronan Farrow | Foto: \u00a9 J\u00f6rg Wagner<\/figcaption><\/figure>\n<hr \/>\n<div style=\"height: 10px;\"><\/div>\n<p><a href=\"http:\/\/www.wwwagner.tv\/wp-content\/uploads\/20181208_podcast_1024-x-512.jpg\"><img loading=\"lazy\" decoding=\"async\" src=\"http:\/\/www.wwwagner.tv\/wp-content\/uploads\/20181208_podcast_1024-x-512.jpg\" alt=\"\" width=\"1024\" height=\"512\" class=\"alignnone size-full wp-image-41804\" srcset=\"https:\/\/www.wwwagner.tv\/wp-content\/uploads\/20181208_podcast_1024-x-512.jpg 1024w, https:\/\/www.wwwagner.tv\/wp-content\/uploads\/20181208_podcast_1024-x-512-300x150.jpg 300w, https:\/\/www.wwwagner.tv\/wp-content\/uploads\/20181208_podcast_1024-x-512-768x384.jpg 768w\" sizes=\"auto, (max-width: 1024px) 100vw, 1024px\" \/><\/a><\/p>\n<hr \/>\n<div style=\"height: 5px;\"><\/div>\n<p><html><br \/>\n     <head><\/p>\n<style type=\"text\/css\">\n       body {\n                     background: #DADADA;\n       }\n      <\/style>\n<p>     <\/head><br \/>\n     <body><br \/>\n<\/body><br \/>\n    <\/html><br \/>\n<script src=\"https:\/\/apis.google.com\/js\/plusone.js\" type=\"text\/javascript\">\/\/ < ![CDATA[ {lang: 'de'} \/\/ ]]><\/script><br \/>\n<script src=\"http:\/\/twittercounter.com\/embed\/?username=medienmagazin&amp;style=avatar\" type=\"text\/javascript\"><\/script><\/p>\n<p><noscript><a href=\"http:\/\/twittercounter.com\/medienmagazin\">medienmagazin on Twitter Counter<\/a><\/noscript><\/p>\n","protected":false},"excerpt":{"rendered":"<p>Gesamt-PodCast: No audio playback capabilities, please download the audio belowDownload Audio: Closed Format: MP3 Download (verlinkte Audio-Quelle bis zum 08.12.2019: rbb, radioeins) [00:00] INTRO: Schuld sind Journalisten | [01:57] Das ZDF, die Zahlen und die Medienpolitik | [12:50] Weihnachtsbibliothek 2: Thomas Rid &#8211; &#8222;Mythos Cyberwar&#8220; | [22:08] Deutscher Reporterpreis: Wolf Schneider zur besten Satzl\u00e4nge | [&hellip;]<\/p>\n","protected":false},"author":2,"featured_media":32866,"comment_status":"open","ping_status":"open","sticky":false,"template":"","format":"standard","meta":{"_monsterinsights_skip_tracking":false,"_monsterinsights_sitenote_active":false,"_monsterinsights_sitenote_note":"","_monsterinsights_sitenote_category":0,"footnotes":""},"categories":[4],"tags":[150,705,50],"class_list":["post-41803","post","type-post","status-publish","format-standard","has-post-thumbnail","hentry","category-medienmagazin","tag-cyber-war","tag-deutscher-reporterpreis","tag-zdf"],"_links":{"self":[{"href":"https:\/\/www.wwwagner.tv\/index.php?rest_route=\/wp\/v2\/posts\/41803","targetHints":{"allow":["GET"]}}],"collection":[{"href":"https:\/\/www.wwwagner.tv\/index.php?rest_route=\/wp\/v2\/posts"}],"about":[{"href":"https:\/\/www.wwwagner.tv\/index.php?rest_route=\/wp\/v2\/types\/post"}],"author":[{"embeddable":true,"href":"https:\/\/www.wwwagner.tv\/index.php?rest_route=\/wp\/v2\/users\/2"}],"replies":[{"embeddable":true,"href":"https:\/\/www.wwwagner.tv\/index.php?rest_route=%2Fwp%2Fv2%2Fcomments&post=41803"}],"version-history":[{"count":14,"href":"https:\/\/www.wwwagner.tv\/index.php?rest_route=\/wp\/v2\/posts\/41803\/revisions"}],"predecessor-version":[{"id":41835,"href":"https:\/\/www.wwwagner.tv\/index.php?rest_route=\/wp\/v2\/posts\/41803\/revisions\/41835"}],"wp:featuredmedia":[{"embeddable":true,"href":"https:\/\/www.wwwagner.tv\/index.php?rest_route=\/wp\/v2\/media\/32866"}],"wp:attachment":[{"href":"https:\/\/www.wwwagner.tv\/index.php?rest_route=%2Fwp%2Fv2%2Fmedia&parent=41803"}],"wp:term":[{"taxonomy":"category","embeddable":true,"href":"https:\/\/www.wwwagner.tv\/index.php?rest_route=%2Fwp%2Fv2%2Fcategories&post=41803"},{"taxonomy":"post_tag","embeddable":true,"href":"https:\/\/www.wwwagner.tv\/index.php?rest_route=%2Fwp%2Fv2%2Ftags&post=41803"}],"curies":[{"name":"wp","href":"https:\/\/api.w.org\/{rel}","templated":true}]}}