{"id":42813,"date":"2019-04-13T18:05:29","date_gmt":"2019-04-13T17:05:29","guid":{"rendered":"http:\/\/www.wwwagner.tv\/?p=42813"},"modified":"2019-04-20T13:06:29","modified_gmt":"2019-04-20T12:06:29","slug":"medienmagazin-vom-13-04-2019","status":"publish","type":"post","link":"https:\/\/www.wwwagner.tv\/?p=42813","title":{"rendered":"Medienmagazin vom 13.04.2019"},"content":{"rendered":"<div style=\"height: 10px;\"><\/div>\n<p>Gesamt-PodCast:<\/p>\n<p> <audio   controls > <source src=\"https:\/\/rbbmediapmdp-a.akamaihd.net\/content\/87\/19\/9139acb2-a7ad-46c8-8c32-3a468edb1155\/482afa81-f34a-4087-a3c4-203fb0f1809a_b67b5139-2ed0-4b5e-9a6a-3d81dc090e4f.mp3\" type='audio\/mpeg' \/> <object   type=\"application\/x-shockwave-flash\"  data=\"https:\/\/www.wwwagner.tv\/wp-content\/plugins\/wphtml5player\/inc\/flowplayer.swf\"  width=\"400\"  height=\"30\"> <param name=\"movie\" value='https:\/\/www.wwwagner.tv\/wp-content\/plugins\/wphtml5player\/inc\/flowplayer.swf' \/><param name=\"allowfullscreen\" value='false' \/><param name=\"cachebusting\" value='true' \/><param name=\"bgcolor\" value='#000000' \/><param name=\"flashvars\" value='config={\"plugins\":{\"controls\":{\"height\":30,\"autoHide\":false,\"fullscreen\":false}},\"clip\":{\"autoPlay\":false,\"url\":\"https:\\\/\\\/rbbmediapmdp-a.akamaihd.net\\\/content\\\/87\\\/19\\\/9139acb2-a7ad-46c8-8c32-3a468edb1155\\\/482afa81-f34a-4087-a3c4-203fb0f1809a_b67b5139-2ed0-4b5e-9a6a-3d81dc090e4f.mp3\"},\"playlist\":[{\"autoPlay\":false,\"url\":\"https:\\\/\\\/rbbmediapmdp-a.akamaihd.net\\\/content\\\/87\\\/19\\\/9139acb2-a7ad-46c8-8c32-3a468edb1155\\\/482afa81-f34a-4087-a3c4-203fb0f1809a_b67b5139-2ed0-4b5e-9a6a-3d81dc090e4f.mp3\"}],\"play\":{\"opacity\":0}}' \/>  No audio playback capabilities, please download the audio below<br \/><strong>Download Audio:<\/strong> Closed Format: <a href=\"https:\/\/rbbmediapmdp-a.akamaihd.net\/content\/87\/19\/9139acb2-a7ad-46c8-8c32-3a468edb1155\/482afa81-f34a-4087-a3c4-203fb0f1809a_b67b5139-2ed0-4b5e-9a6a-3d81dc090e4f.mp3\">MP3<\/a> <\/object> <!-- Generated by HTML5 Multimedia Framework (http:\/\/code.google.com\/p\/html5videoplayer) --> <\/audio>  <br \/>\n<a href=\"https:\/\/rbbmediapmdp-a.akamaihd.net\/content\/87\/19\/9139acb2-a7ad-46c8-8c32-3a468edb1155\/482afa81-f34a-4087-a3c4-203fb0f1809a_b67b5139-2ed0-4b5e-9a6a-3d81dc090e4f.mp3\" target=\"_blank\" rel=\"noopener noreferrer\">Download<\/a><span style=\"color: #666666;\"> (verlinkte Audio-Quelle bis zum 13.04.2020: rbb, radioeins)<\/span><br \/>\n* via <a href=\"http:\/\/bit.ly\/UiK8m2\" rel=\"noopener noreferrer\" target=\"_blank\">radioeins.de<\/a><br \/>\n* via <a href=\"http:\/\/bit.ly\/2GkkMWn\" rel=\"noopener noreferrer\" target=\"_blank\">rbb-Mediathek.de<\/a><br \/>\n* via <a href=\"http:\/\/bit.ly\/2XfG5Pw\" rel=\"noopener noreferrer\" target=\"_blank\">ARD-Audiothek<\/a><br \/>\n* via ALEXA: &#8222;Alexa, spiele PodCast Medienmagazin!&#8220;<\/p>\n<div style=\"height: 10px;\"><\/div>\n<p>[00:00] INTRO: Assange | [05:15] fem.Mit | [14:40] Reporterforum nach Relotius | [22:33] VDZ: Lage der Zeitschriftenbranche | [31:27] Auf der Suche nach <a href=\"http:\/\/bit.ly\/2Z7pUpf\" rel=\"noopener noreferrer\" target=\"_blank\">neuen<\/a> Formaten | [48:43] Bonus: Daniel Fiedler zu zdf.kultur #r1MM <a href=\"http:\/\/bit.ly\/2IovkHd\" rel=\"noopener noreferrer\" target=\"_blank\">25.02.2012<\/a> | [54:17] Bonus: Jan B\u00f6hmermann kurz vor Talkshow-Premiere bei ZDFKultur #r1MM <a href=\"http:\/\/bit.ly\/2ZdEgEJ\" rel=\"noopener noreferrer\" target=\"_blank\">03.03.2012<\/a><\/p>\n<div style=\"height: 30px;\"><\/div>\n<hr \/>\n<p><u>INTRO: Wikilieaks-Chef Assange inhaftiert<\/u><br \/>\nO-Ton: tagesschau vom 11.04.2019, 20:00 Uhr<\/p>\n<p><u>1. femMit &#8211; Konferenz f\u00fcr mehr Frauen in Medien und Politik<\/u><br \/>\nDie Gleichstellung der Geschlechter ist in den Medien besonders wichtig. Wer eine F\u00fchrungsposition einnimmt, entscheidet dar\u00fcber mit, unter welchem Blickwinkel \u00fcber M\u00e4nner und Frauen berichtet wird. Vordergr\u00fcndig scheint im Rundfunk diesbez\u00fcglich alles im Lot zu sein: Frauen am Mikro oder vor der Kamera findet man hierzulande inzwischen genauso h\u00e4ufig wie M\u00e4nner. In den Chefetagen aber haben immer noch M\u00e4nner viel h\u00e4ufiger das Sagen. Auch an den Spitzen der Presse dominieren M\u00e4nner. Wie kann Gleichstellung hergestellt werden? Das ist eines der Themen von femMit &#8211; einer &#8222;Konferenz f\u00fcr mehr Frauen in Medien und Politik\u201c, die erstmals in Leipzig tagte (12.\/13.04.2019). Konferenzbericht<br \/>\nStudiogespr\u00e4ch mit O-T\u00f6nen von:<br \/>\n* Romina Stawowy, Initiatorin<br \/>\n* Lucia Eskes, Leiterin des Grimme-Preises<br \/>\n* Barbara Rohm, Regisseurin und Fotografin, Mitbegr\u00fcnderin und Vorstandsvorsitzende von Pro Quote Regie und nun Pro Quote Film.<br \/>\nAutorin: Vera Lin\u00df (live)<br \/>\nVgl.: <a href=\"https:\/\/femmit.de\/\" rel=\"noopener noreferrer\" target=\"_blank\">https:\/\/femmit.de\/<\/a><\/p>\n<p><u>2. Reporterforum nach Relotius: Journalisten diskutieren \u00fcber die Reportage<\/u><br \/>\nDer Reporterforum-Workshop ist DER Jahreskongress der Reporterinnen und Reporter. Ihr Genre, die Reportage, steht seit bekanntwerden der Relotius-Aff\u00e4re in der Kritik: Wie wahrhaftig ist sie wirklich? Wie pr\u00fcfen Redaktionen die Arbeit ihrer Reporter? Wie kann im Klima des Misstrauens noch Kreativit\u00e4t entstehen? Auf dem ersten Reporterforum nach der Aff\u00e4re diskutieren die Journalisten \u00fcber ihr Handwerk &#8211; passenderweise: in den R\u00e4umen des \u201eSpiegel\u201c-Verlags in Hamburg (12.\/13.04.2019).<br \/>\nStudiogespr\u00e4ch mit O-T\u00f6nen von:<br \/>\n* Holger Stark \u2013 Investigativ-Chef der \u201eZeit\u201c, fr\u00fcher selbst Reporter beim \u201eSpiegel\u201c,<br \/>\n* Andreas Wolfers, Leiter die Henri-Nannen-(Journalisten)Schule<br \/>\n* Eva-Maria Stegmann, Sch\u00fclerin der Reportageschule Reutlingen<br \/>\nAutor: Daniel Bouhs (live)<br \/>\nVgl.: <a href=\"http:\/\/reporter-forum.de\/rw19\/\" rel=\"noopener noreferrer\" target=\"_blank\">Reporter-Workshop &#8217;19<\/a><\/p>\n<p><u>3. Zeitschriftenbranche sieht Branchenentwicklung positiv &#8211; Forderungen an Medienpolitik<\/u><br \/>\nDie deutschen Zeitschriftenverleger organisiert im Verband Deutscher Zeitschriftenverleger (VDZ) sehen sich stabil im Markt, wie auch eine aktuelle Branchenumfrage dokumentiert. Digitaler Vertrieb und printfremde Segmente wie Veranstaltungen wachsen, die Einbr\u00fcche im Papier- und Anzeigengesch\u00e4ft bleiben. Die k\u00fcrzlich im EU-Parlament verabschiedete europ\u00e4ische Urheberrechtsnovelle wird einhellig begr\u00fc\u00dft. Dennoch bleiben Forderungen an die Medienpolitik weiter offen: u. a. schnelle Umsetzung in deutsches Recht, erm\u00e4\u00dfigter Steuersatz (7%) auch f\u00fcr digitale Produkte, E-Privacy-Verordnung nachbessern, ansonsten drohen Werbeeinbr\u00fcche um 30%<br \/>\nInterview mit Stephan Scherzer, Hauptgesch\u00e4ftsf\u00fchrer <a href=\"https:\/\/www.vdz.de\/\" rel=\"noopener noreferrer\" target=\"_blank\">VDZ<\/a><br \/>\nAutor: J\u00f6rg Wagner<br \/>\nVgl.: <a href=\"http:\/\/bit.ly\/2IvYinW\" rel=\"noopener noreferrer\" target=\"_blank\">Zahlen und Fakten<\/a> der VDZ-Jahrespressekonferenz vom 09.04.2019<\/p>\n<p><u>4. Auf der Suche nach neuen Formaten<\/u><br \/>\nTrotz der ungebremsten Beliebtheit des linearen Fernsehens und eines lang anhaltenden Trends zu alten Kultserien und Neuauflagen von bew\u00e4hrten Formaten, sind Fernsehmacher st\u00e4ndig auf der Suche nach neuen Fernsehideen. In der Nacht zum Sonntag zeigt ZDFneo um 4:55 Uhr eine Pilotsendung mit dem YouTuber Tilo Jung. Doch sie wird nicht in Serie gehen. Wie entstehen Formate? Wann schaffen sie es ins \u201crichtige\u201d Fernsehen?<br \/>\nO-Ton: \u201cPilot\u201d-Sendung \u201cRichtig &#038; Wichtig\u201d, ZDFneo, 14.04.2019, 04:55 Uhr<br \/>\n<a href=\"http:\/\/bit.ly\/2Z7pUpf\" rel=\"noopener noreferrer\" target=\"_blank\">Interview<\/a> mit Daniel Fiedler, ZDF, Leiter der ZDF-Redaktion \u201eKultur Berlin\u201c, koordiniert und produziert u. a. ZDF-Eigenproduktionen f\u00fcr unterschiedliche Programmbereiche; rec.: 12.04.2019, Berlin<br \/>\nAutor: J\u00f6rg Wagner<\/p>\n<p><u>PodCast-Bonus<\/u>:<br \/>\n\u00b0 Medienpolitik diskutiert Zusammenlegung von Spartenkan\u00e4len<br \/>\nInterview mit Daniel Fiedler, Leiter von zdf.kultur<br \/>\nQuelle: radioeins-Medienmagazin,<a href=\"http:\/\/bit.ly\/2IovkHd\" rel=\"noopener noreferrer\" target=\"_blank\"> 25.02.2012<\/a>, rec.: 22.02.2012, Berlin<br \/>\n\u00b0 zdf-kultur startet am 04.03.2012 neue talkshow: &#8222;Roche &#038; B\u00f6hmermann!&#8220;<br \/>\nEigenwerbung: &#8222;Eine unkonventionelle Talkshow f\u00fcr alle, die keine Talkshows m\u00f6gen.&#8220;<br \/>\nO-Ton: Collage aus zdf.kultur-Trailer und Statement<br \/>\nInterview mit Talker Jan B\u00f6hmermann<br \/>\nQuelle: radioeins-Medienmagazin, <a href=\"http:\/\/bit.ly\/2ZdEgEJ\" rel=\"noopener noreferrer\" target=\"_blank\">03.03.2012<\/a>, rec.: 22.02.2012, Berlin<\/p>\n<hr \/>\n<div style=\"height: 20px;\"><\/div>\n<p><a href=\"http:\/\/www.wwwagner.tv\/wp-content\/uploads\/20190415_20190413_podcast_1024-x-512.jpg\"><img loading=\"lazy\" decoding=\"async\" src=\"http:\/\/www.wwwagner.tv\/wp-content\/uploads\/20190415_20190413_podcast_1024-x-512.jpg\" alt=\"\" width=\"1024\" height=\"512\" class=\"alignnone size-full wp-image-42814\" srcset=\"https:\/\/www.wwwagner.tv\/wp-content\/uploads\/20190415_20190413_podcast_1024-x-512.jpg 1024w, https:\/\/www.wwwagner.tv\/wp-content\/uploads\/20190415_20190413_podcast_1024-x-512-300x150.jpg 300w, https:\/\/www.wwwagner.tv\/wp-content\/uploads\/20190415_20190413_podcast_1024-x-512-768x384.jpg 768w\" sizes=\"auto, (max-width: 1024px) 100vw, 1024px\" \/><\/a><\/p>\n<hr \/>\n<div style=\"height: 5px;\"><\/div>\n<p><html><br \/>\n     <head><\/p>\n<style type=\"text\/css\">\n       body {\n                     background: #DADADA;\n       }\n      <\/style>\n<p>     <\/head><br \/>\n     <body><br \/>\n<\/body><br \/>\n    <\/html><br \/>\n<script src=\"https:\/\/apis.google.com\/js\/plusone.js\" type=\"text\/javascript\">\/\/ < ![CDATA[ {lang: 'de'} \/\/ ]]><\/script><br \/>\n<script src=\"http:\/\/twittercounter.com\/embed\/?username=medienmagazin&amp;style=avatar\" type=\"text\/javascript\"><\/script><\/p>\n<p><noscript><a href=\"http:\/\/twittercounter.com\/medienmagazin\">medienmagazin on Twitter Counter<\/a><\/noscript><\/p>\n","protected":false},"excerpt":{"rendered":"<p>Gesamt-PodCast: No audio playback capabilities, please download the audio belowDownload Audio: Closed Format: MP3 Download (verlinkte Audio-Quelle bis zum 13.04.2020: rbb, radioeins) * via radioeins.de * via rbb-Mediathek.de * via ARD-Audiothek * via ALEXA: &#8222;Alexa, spiele PodCast Medienmagazin!&#8220; [00:00] INTRO: Assange | [05:15] fem.Mit | [14:40] Reporterforum nach Relotius | [22:33] VDZ: Lage der Zeitschriftenbranche [&hellip;]<\/p>\n","protected":false},"author":2,"featured_media":32866,"comment_status":"open","ping_status":"open","sticky":false,"template":"","format":"standard","meta":{"_monsterinsights_skip_tracking":false,"_monsterinsights_sitenote_active":false,"_monsterinsights_sitenote_note":"","_monsterinsights_sitenote_category":0,"footnotes":""},"categories":[4],"tags":[1017,530,997,875,100,50],"class_list":["post-42813","post","type-post","status-publish","format-standard","has-post-thumbnail","hentry","category-medienmagazin","tag-formate","tag-proquote","tag-relotius","tag-reporter","tag-vdz","tag-zdf"],"_links":{"self":[{"href":"https:\/\/www.wwwagner.tv\/index.php?rest_route=\/wp\/v2\/posts\/42813","targetHints":{"allow":["GET"]}}],"collection":[{"href":"https:\/\/www.wwwagner.tv\/index.php?rest_route=\/wp\/v2\/posts"}],"about":[{"href":"https:\/\/www.wwwagner.tv\/index.php?rest_route=\/wp\/v2\/types\/post"}],"author":[{"embeddable":true,"href":"https:\/\/www.wwwagner.tv\/index.php?rest_route=\/wp\/v2\/users\/2"}],"replies":[{"embeddable":true,"href":"https:\/\/www.wwwagner.tv\/index.php?rest_route=%2Fwp%2Fv2%2Fcomments&post=42813"}],"version-history":[{"count":14,"href":"https:\/\/www.wwwagner.tv\/index.php?rest_route=\/wp\/v2\/posts\/42813\/revisions"}],"predecessor-version":[{"id":42844,"href":"https:\/\/www.wwwagner.tv\/index.php?rest_route=\/wp\/v2\/posts\/42813\/revisions\/42844"}],"wp:featuredmedia":[{"embeddable":true,"href":"https:\/\/www.wwwagner.tv\/index.php?rest_route=\/wp\/v2\/media\/32866"}],"wp:attachment":[{"href":"https:\/\/www.wwwagner.tv\/index.php?rest_route=%2Fwp%2Fv2%2Fmedia&parent=42813"}],"wp:term":[{"taxonomy":"category","embeddable":true,"href":"https:\/\/www.wwwagner.tv\/index.php?rest_route=%2Fwp%2Fv2%2Fcategories&post=42813"},{"taxonomy":"post_tag","embeddable":true,"href":"https:\/\/www.wwwagner.tv\/index.php?rest_route=%2Fwp%2Fv2%2Ftags&post=42813"}],"curies":[{"name":"wp","href":"https:\/\/api.w.org\/{rel}","templated":true}]}}