{"id":43221,"date":"2019-06-01T18:05:44","date_gmt":"2019-06-01T17:05:44","guid":{"rendered":"http:\/\/www.wwwagner.tv\/?p=43221"},"modified":"2020-04-13T15:10:23","modified_gmt":"2020-04-13T13:10:23","slug":"medienmagazin-vom-01-06-2019","status":"publish","type":"post","link":"https:\/\/www.wwwagner.tv\/?p=43221","title":{"rendered":"Medienmagazin vom 01.06.2019"},"content":{"rendered":"<div style=\"height: 10px;\"><\/div>\n<p>Gesamt-PodCast:<\/p>\n<p> <audio   controls > <source src=\"https:\/\/rbbmediapmdp-a.akamaihd.net\/content\/59\/be\/2043bd0b-e655-4dcf-9b2f-35f1cfdcb436\/bc5351eb-ed69-4084-aeb4-ea0b963251bc_debc9ae5-0b8c-41f5-9740-e6d3e32942cc.mp3\" type='audio\/mpeg' \/> <object   type=\"application\/x-shockwave-flash\"  data=\"https:\/\/www.wwwagner.tv\/wp-content\/plugins\/wphtml5player\/inc\/flowplayer.swf\"  width=\"400\"  height=\"30\"> <param name=\"movie\" value='https:\/\/www.wwwagner.tv\/wp-content\/plugins\/wphtml5player\/inc\/flowplayer.swf' \/><param name=\"allowfullscreen\" value='false' \/><param name=\"cachebusting\" value='true' \/><param name=\"bgcolor\" value='#000000' \/><param name=\"flashvars\" value='config={\"plugins\":{\"controls\":{\"height\":30,\"autoHide\":false,\"fullscreen\":false}},\"clip\":{\"autoPlay\":false,\"url\":\"https:\\\/\\\/rbbmediapmdp-a.akamaihd.net\\\/content\\\/59\\\/be\\\/2043bd0b-e655-4dcf-9b2f-35f1cfdcb436\\\/bc5351eb-ed69-4084-aeb4-ea0b963251bc_debc9ae5-0b8c-41f5-9740-e6d3e32942cc.mp3\"},\"playlist\":[{\"autoPlay\":false,\"url\":\"https:\\\/\\\/rbbmediapmdp-a.akamaihd.net\\\/content\\\/59\\\/be\\\/2043bd0b-e655-4dcf-9b2f-35f1cfdcb436\\\/bc5351eb-ed69-4084-aeb4-ea0b963251bc_debc9ae5-0b8c-41f5-9740-e6d3e32942cc.mp3\"}],\"play\":{\"opacity\":0}}' \/>  No audio playback capabilities, please download the audio below<br \/><strong>Download Audio:<\/strong> Closed Format: <a href=\"https:\/\/rbbmediapmdp-a.akamaihd.net\/content\/59\/be\/2043bd0b-e655-4dcf-9b2f-35f1cfdcb436\/bc5351eb-ed69-4084-aeb4-ea0b963251bc_debc9ae5-0b8c-41f5-9740-e6d3e32942cc.mp3\">MP3<\/a> <\/object> <!-- Generated by HTML5 Multimedia Framework (http:\/\/code.google.com\/p\/html5videoplayer) --> <\/audio>  <br \/>\n<a href=\"https:\/\/rbbmediapmdp-a.akamaihd.net\/content\/59\/be\/2043bd0b-e655-4dcf-9b2f-35f1cfdcb436\/bc5351eb-ed69-4084-aeb4-ea0b963251bc_debc9ae5-0b8c-41f5-9740-e6d3e32942cc.mp3\" target=\"_blank\" rel=\"noopener noreferrer\">Download<\/a><span style=\"color: #666666;\"> (verlinkte Audio-Quelle bis zum 01.06.2020: rbb, radioeins)<\/span><br \/>\n* via <a href=\"http:\/\/bit.ly\/UiK8m2\" rel=\"noopener noreferrer\" target=\"_blank\">radioeins.de<\/a><br \/>\n* via <a href=\"http:\/\/bit.ly\/2WlJ8dh\" rel=\"noopener noreferrer\" target=\"_blank\">ARD-Audiothek<\/a><br \/>\n* via ALEXA: &#8222;Alexa, spiele PodCast Medienmagazin!&#8220;<\/p>\n<div style=\"height: 30px;\"><\/div>\n<p>[00:00] INTRO: Goldene Blogger 2017 | [04:23] Relotius-Abschlussbericht | [13:05] Relotius und die FTD | [24:27] Nach Relotius und der L\u00fcgen-Fall der Bloggerin Marie Sophie Hingst | [43:06] Bonus: SPIEGEL-Pressegespr\u00e4ch zum Relotius-Abschlussbericht<\/p>\n<div style=\"height: 50px;\"><\/div>\n<hr \/>\n<p>Die Aufarbeitung des Falls Relotius | Der Fall Hingst <\/p>\n<p><u>INTRO: &#8222;Goldene Blogger 2017&#8220;<\/u><br \/>\nO-Ton: Preisverleihung &#8222;Goldene Blogger 2017&#8220;, tagesthemen, 29.01.2018, Das Erste, ARD<\/p>\n<p>1. &#8222;SPIEGEL&#8220;-Abschlussbericht Relotius<br \/>\nF\u00fcnf Monate nachdem der &#8222;SPIEGEL&#8220;-Star-Reporter Claas Relotius ma\u00dfgeblich durch den Spiegel-Kollegen Juan Moreno als umfangreicher F\u00e4lscher von Texten enttarnt wurde, liegt jetzt der &#8222;SPIEGEL&#8220;-<a href=\"http:\/\/bit.ly\/2ERDzbv\" rel=\"noopener noreferrer\" target=\"_blank\">Abschlussbericht<\/a> der Relotius-Kommission vor. Am 27.05.2019 gab das &#8222;Netzwerk Recherche&#8220; (nr) bekannt, dass der nr-Journalistenpreis \u201cLeuchtturm f\u00fcr besondere publizistische Leistungen 2019\u201d an Juan Moreno verliehen wird. Die Preis\u00fcbergabe findet am 14.06.2019 im Rahmen der nr-Jahreskonferenz in Hamburg statt.<br \/>\nStudiogespr\u00e4ch mit O-T\u00f6nen von:<br \/>\n* Steffen Klusmann, Chefredakteur &#8222;DER SPIEGEL&#8220;<br \/>\n* Brigitte Fehrle, fr\u00fcher Chefredakteurin der &#8222;Berliner Zeitung&#8220;, Mitglied der dreik\u00f6pfigen Relotius-Kommission<br \/>\n* Julia J\u00e4kel, CEO &#8222;Gruner+Jahr&#8220;<br \/>\n* Stephan Lebert, Reporter &#8222;Die Zeit&#8220;<br \/>\n* Claas Relotius, &#8222;SPIEGEL&#8220;-Reporter (Medienmagazin-Archiv, 2013)<\/p>\n<p><u>2. Relotius und die FTD<\/u><br \/>\nLeon Tom Gerntke, Freier Journalist, Studierender M.A. Journalistik &#038; Kommunikationswissenschaft, Universit\u00e4t Hamburg zu den Ergebnissen einer Forschungsarbeit im Masterkurs \u201eRecherche II\u201c \u00fcber F\u00e4lschungen bei der Financial Times Deutschland zwischen 2010-2012, einer Zeitung, die inzwischen eingestellt ist und selbst nicht mehr recherchieren kann. (Leitungsgespr\u00e4ch, live)<\/p>\n<p><u>3. Neuer F\u00e4lschungsskandal: Marie Sophie Hingst, Bloggerin<\/u><br \/>\nBloggerin Marie Sophie Hingst hatte jahrelang \u00fcber erfundene Holocaust-Opfer auf ihrem Blog \u201eRead on my dear, read on\u201c geschrieben, 22 Vorfahren habe sie im Holocaust selbst verloren, f\u00fcr die sie selbst ausgef\u00fcllte Opferb\u00f6gen bei der j\u00fcdischen Organisation Yad Vashem einreichte. Doch die Opfer existieren nicht, berichtete Martin Doerry im SPIEGEL vom 01.06.2019. Hingst ver\u00f6ffentlichte eine weitere Fake-Story \u00fcber ihre angebliche Fl\u00fcchtlings-Hilfe unter anderem Namen bei Zeit Online und berichtete bei Deutschlandfunk Nova.<br \/>\nTelefoninterview mit Martin Doerry, SPIEGEL-Autor, der die F\u00e4lschungen recherchierte (live)<\/p>\n<p>im Studio:<br \/>\nAutor: Daniel Bouhs (live)<br \/>\nModeration\/Redaktion: J\u00f6rg Wagner (live)<\/p>\n<p><b>PodCast-Bonus<\/b>:<br \/>\n<u>Was<\/u>: SPIEGEL-Pressegespr\u00e4ch zum Relotius-Abschlussbericht<br \/>\n<u>Wer<\/u>:<br \/>\n* Thomas Hass, Gesch\u00e4ftsf\u00fchrer Spiegel-Verlag<br \/>\n* Steffen Klusmann, Spiegel-Chefredakteur<br \/>\n* Brigitte Fehrle, Relotius-Aufkl\u00e4rungskommission<br \/>\n* Stefan Weigel, Spiegel-Nachrichtenchef<br \/>\n<u>Wann<\/u>: 24.05.2019<br \/>\n<u>Wo<\/u>: Hamburg, SPIEGEL-Verlag, Ericusspitze 1<\/p>\n<div style=\"height: 20px;\"><\/div>\n<div class=\"BorlabsCookie\"><div class=\"_brlbs-content-blocker\"> <div class=\"_brlbs-default\"> <p>Klicken Sie auf den unteren Button, um den Inhalt von www.ardaudiothek.de zu laden.<\/p> <p><a class=\"_brlbs-btn\" href=\"#\" data-borlabs-cookie-unblock role=\"button\">Inhalt laden<\/a><\/p> <\/div> <\/div><div class=\"borlabs-hide\" data-borlabs-cookie-type=\"content-blocker\" data-borlabs-cookie-id=\"default\"><script type=\"text\/template\">PHA+PGlmcmFtZSBsb2FkaW5nPSJsYXp5IiBzcmM9Imh0dHBzOi8vd3d3LmFyZGF1ZGlvdGhlay5kZS9lbWJlZD9lcGlzb2RlPTYzNTQwMTcwIiB3aWR0aD0iMzIwcHgiIGhlaWdodD0iMTIwcHgiPjwvaWZyYW1lPjwvcD4=<\/script><\/div><\/div>\n<div style=\"height: 20px;\"><\/div>\n<figure id=\"attachment_43233\" aria-describedby=\"caption-attachment-43233\" style=\"width: 1024px\" class=\"wp-caption alignnone\"><a href=\"http:\/\/www.wwwagner.tv\/wp-content\/uploads\/20190603_20190601_podcast_1024-x-512.jpg\"><img loading=\"lazy\" decoding=\"async\" src=\"http:\/\/www.wwwagner.tv\/wp-content\/uploads\/20190603_20190601_podcast_1024-x-512.jpg\" alt=\"Claas Relotius | Foto: \u00a9 J\u00f6rg Wagner\" width=\"1024\" height=\"512\" class=\"size-full wp-image-43233\" srcset=\"https:\/\/www.wwwagner.tv\/wp-content\/uploads\/20190603_20190601_podcast_1024-x-512.jpg 1024w, https:\/\/www.wwwagner.tv\/wp-content\/uploads\/20190603_20190601_podcast_1024-x-512-300x150.jpg 300w, https:\/\/www.wwwagner.tv\/wp-content\/uploads\/20190603_20190601_podcast_1024-x-512-768x384.jpg 768w\" sizes=\"auto, (max-width: 1024px) 100vw, 1024px\" \/><\/a><figcaption id=\"caption-attachment-43233\" class=\"wp-caption-text\">Claas Relotius | Foto: \u00a9 J\u00f6rg Wagner<\/figcaption><\/figure>\n<hr \/>\n<div style=\"height: 5px;\"><\/div>\n<p><html><br \/>\n     <head><\/p>\n<style type=\"text\/css\">\n       body {\n                     background: #DADADA;\n       }\n      <\/style>\n<p>     <\/head><br \/>\n     <body><br \/>\n<\/body><br \/>\n    <\/html><br \/>\n<script src=\"https:\/\/apis.google.com\/js\/plusone.js\" type=\"text\/javascript\">\/\/ < ![CDATA[ {lang: 'de'} \/\/ ]]><\/script><br \/>\n<script src=\"http:\/\/twittercounter.com\/embed\/?username=medienmagazin&amp;style=avatar\" type=\"text\/javascript\"><\/script><\/p>\n<p><noscript><a href=\"http:\/\/twittercounter.com\/medienmagazin\">medienmagazin on Twitter Counter<\/a><\/noscript><\/p>\n","protected":false},"excerpt":{"rendered":"<p>Gesamt-PodCast: No audio playback capabilities, please download the audio belowDownload Audio: Closed Format: MP3 Download (verlinkte Audio-Quelle bis zum 01.06.2020: rbb, radioeins) * via radioeins.de * via ARD-Audiothek * via ALEXA: &#8222;Alexa, spiele PodCast Medienmagazin!&#8220; [00:00] INTRO: Goldene Blogger 2017 | [04:23] Relotius-Abschlussbericht | [13:05] Relotius und die FTD | [24:27] Nach Relotius und der [&hellip;]<\/p>\n","protected":false},"author":2,"featured_media":32866,"comment_status":"open","ping_status":"open","sticky":false,"template":"","format":"standard","meta":{"_monsterinsights_skip_tracking":false,"footnotes":""},"categories":[4],"tags":[1036,414,994,997,103],"class_list":["post-43221","post","type-post","status-publish","format-standard","has-post-thumbnail","hentry","category-medienmagazin","tag-faelschung","tag-ftd","tag-medienfaelschung","tag-relotius","tag-spiegel"],"_links":{"self":[{"href":"https:\/\/www.wwwagner.tv\/index.php?rest_route=\/wp\/v2\/posts\/43221","targetHints":{"allow":["GET"]}}],"collection":[{"href":"https:\/\/www.wwwagner.tv\/index.php?rest_route=\/wp\/v2\/posts"}],"about":[{"href":"https:\/\/www.wwwagner.tv\/index.php?rest_route=\/wp\/v2\/types\/post"}],"author":[{"embeddable":true,"href":"https:\/\/www.wwwagner.tv\/index.php?rest_route=\/wp\/v2\/users\/2"}],"replies":[{"embeddable":true,"href":"https:\/\/www.wwwagner.tv\/index.php?rest_route=%2Fwp%2Fv2%2Fcomments&post=43221"}],"version-history":[{"count":14,"href":"https:\/\/www.wwwagner.tv\/index.php?rest_route=\/wp\/v2\/posts\/43221\/revisions"}],"predecessor-version":[{"id":46316,"href":"https:\/\/www.wwwagner.tv\/index.php?rest_route=\/wp\/v2\/posts\/43221\/revisions\/46316"}],"wp:featuredmedia":[{"embeddable":true,"href":"https:\/\/www.wwwagner.tv\/index.php?rest_route=\/wp\/v2\/media\/32866"}],"wp:attachment":[{"href":"https:\/\/www.wwwagner.tv\/index.php?rest_route=%2Fwp%2Fv2%2Fmedia&parent=43221"}],"wp:term":[{"taxonomy":"category","embeddable":true,"href":"https:\/\/www.wwwagner.tv\/index.php?rest_route=%2Fwp%2Fv2%2Fcategories&post=43221"},{"taxonomy":"post_tag","embeddable":true,"href":"https:\/\/www.wwwagner.tv\/index.php?rest_route=%2Fwp%2Fv2%2Ftags&post=43221"}],"curies":[{"name":"wp","href":"https:\/\/api.w.org\/{rel}","templated":true}]}}