{"id":43305,"date":"2019-06-15T18:05:36","date_gmt":"2019-06-15T16:05:36","guid":{"rendered":"http:\/\/www.wwwagner.tv\/?p=43305"},"modified":"2019-06-21T12:33:21","modified_gmt":"2019-06-21T10:33:21","slug":"moreno-juan","status":"publish","type":"post","link":"https:\/\/www.wwwagner.tv\/?p=43305","title":{"rendered":"Moreno, Juan"},"content":{"rendered":"<figure id=\"attachment_43306\" aria-describedby=\"caption-attachment-43306\" style=\"width: 1100px\" class=\"wp-caption alignnone\"><a href=\"http:\/\/www.wwwagner.tv\/wp-content\/uploads\/20190615_DSC_1690_moreno_juan_1100x580.jpg\"><img loading=\"lazy\" decoding=\"async\" src=\"http:\/\/www.wwwagner.tv\/wp-content\/uploads\/20190615_DSC_1690_moreno_juan_1100x580.jpg\" alt=\"\" width=\"1100\" height=\"580\" class=\"size-full wp-image-43306\" srcset=\"https:\/\/www.wwwagner.tv\/wp-content\/uploads\/20190615_DSC_1690_moreno_juan_1100x580.jpg 1100w, https:\/\/www.wwwagner.tv\/wp-content\/uploads\/20190615_DSC_1690_moreno_juan_1100x580-300x158.jpg 300w, https:\/\/www.wwwagner.tv\/wp-content\/uploads\/20190615_DSC_1690_moreno_juan_1100x580-768x405.jpg 768w, https:\/\/www.wwwagner.tv\/wp-content\/uploads\/20190615_DSC_1690_moreno_juan_1100x580-1024x540.jpg 1024w\" sizes=\"auto, (max-width: 1100px) 100vw, 1100px\" \/><\/a><figcaption id=\"caption-attachment-43306\" class=\"wp-caption-text\">Juan Moreno | Foto: \u00a9 J\u00f6rg Wagner<\/figcaption><\/figure>\n<div style=\"height:10px;\"><\/div>\n <audio   controls > <source src=\"http:\/\/www.wwwagner.tv\/audio\/20190615_moreno_juan_128.mp3\" type='audio\/mpeg' \/> <object   type=\"application\/x-shockwave-flash\"  data=\"https:\/\/www.wwwagner.tv\/wp-content\/plugins\/wphtml5player\/inc\/flowplayer.swf\"  width=\"400\"  height=\"30\"> <param name=\"movie\" value='https:\/\/www.wwwagner.tv\/wp-content\/plugins\/wphtml5player\/inc\/flowplayer.swf' \/><param name=\"allowfullscreen\" value='false' \/><param name=\"cachebusting\" value='true' \/><param name=\"bgcolor\" value='#000000' \/><param name=\"flashvars\" value='config={\"plugins\":{\"controls\":{\"height\":30,\"autoHide\":false,\"fullscreen\":false}},\"clip\":{\"autoPlay\":false,\"url\":\"http:\\\/\\\/www.wwwagner.tv\\\/audio\\\/20190615_moreno_juan_128.mp3\"},\"playlist\":[{\"autoPlay\":false,\"url\":\"http:\\\/\\\/www.wwwagner.tv\\\/audio\\\/20190615_moreno_juan_128.mp3\"}],\"play\":{\"opacity\":0}}' \/>  No audio playback capabilities, please download the audio below<br \/><strong>Download Audio:<\/strong> Closed Format: <a href=\"http:\/\/www.wwwagner.tv\/audio\/20190615_moreno_juan_128.mp3\">MP3<\/a> <\/object> <!-- Generated by HTML5 Multimedia Framework (http:\/\/code.google.com\/p\/html5videoplayer) --> <\/audio>  \n<div style=\"height:20px;\"><\/div>\n<p><u>Wer<\/u>:<br \/>\n* Juan Moreno, Freier SPIEGEL-Mitarbeiter<br \/>\n* J\u00f6rg Wagner, Freier Medienjournalist<br \/>\n* Daniel Bouhs, Freier Medienjournalist<br \/>\n<u>Was<\/u>: Studiogespr\u00e4ch \u00fcber den &#8222;Leuchtturmpreis 2019&#8220;, den Fall Relotius und zu einer aktuellen Manupulation bei RTL<br \/>\n<u>Wo<\/u>: Potsdam, Medienstadt, radioeins-Senderegie<br \/>\n<u>Wann<\/u>: <a href=\"http:\/\/bit.ly\/2xhwb5j\" rel=\"noopener noreferrer\" target=\"_blank\">15.06.2019<\/a>, 18:05 Uhr, radioeins-Medienmagazin und in einer gek\u00fcrzten Fassung im rbb-Inforadio am 16.06.2019, 10:44\/17:44 Uhr<\/p>\n<div style=\"height: 20px;\"><\/div>\n<hr \/>\n<div style=\"height:10px;\"><\/div>\n<div style=\"height: 5px;\"><\/div>\n<p><html><br \/>\n     <head><\/p>\n<style type=\"text\/css\">\n       body {\n                     background: #DADADA;\n       }\n      <\/style>\n<p>     <\/head><br \/>\n     <body><br \/>\n<\/body><br \/>\n    <\/html><br \/>\n<script src=\"https:\/\/apis.google.com\/js\/plusone.js\" type=\"text\/javascript\">\/\/ < ![CDATA[ {lang: 'de'} \/\/ ]]><\/script><br \/>\n<script src=\"http:\/\/twittercounter.com\/embed\/?username=medienmagazin&amp;style=avatar\" type=\"text\/javascript\"><\/script><\/p>\n<p><noscript><a href=\"http:\/\/twittercounter.com\/medienmagazin\">medienmagazin on Twitter Counter<\/a><\/noscript><\/p>\n","protected":false},"excerpt":{"rendered":"<p>No audio playback capabilities, please download the audio belowDownload Audio: Closed Format: MP3 Wer: * Juan Moreno, Freier SPIEGEL-Mitarbeiter * J\u00f6rg Wagner, Freier Medienjournalist * Daniel Bouhs, Freier Medienjournalist Was: Studiogespr\u00e4ch \u00fcber den &#8222;Leuchtturmpreis 2019&#8220;, den Fall Relotius und zu einer aktuellen Manupulation bei RTL Wo: Potsdam, Medienstadt, radioeins-Senderegie Wann: 15.06.2019, 18:05 Uhr, radioeins-Medienmagazin und [&hellip;]<\/p>\n","protected":false},"author":2,"featured_media":0,"comment_status":"open","ping_status":"open","sticky":false,"template":"","format":"standard","meta":{"_monsterinsights_skip_tracking":false,"_monsterinsights_sitenote_active":false,"_monsterinsights_sitenote_note":"","_monsterinsights_sitenote_category":0,"footnotes":""},"categories":[114,130],"tags":[1036,994,997,103],"class_list":["post-43305","post","type-post","status-publish","format-standard","hentry","category-a-z","category-m","tag-faelschung","tag-medienfaelschung","tag-relotius","tag-spiegel"],"_links":{"self":[{"href":"https:\/\/www.wwwagner.tv\/index.php?rest_route=\/wp\/v2\/posts\/43305","targetHints":{"allow":["GET"]}}],"collection":[{"href":"https:\/\/www.wwwagner.tv\/index.php?rest_route=\/wp\/v2\/posts"}],"about":[{"href":"https:\/\/www.wwwagner.tv\/index.php?rest_route=\/wp\/v2\/types\/post"}],"author":[{"embeddable":true,"href":"https:\/\/www.wwwagner.tv\/index.php?rest_route=\/wp\/v2\/users\/2"}],"replies":[{"embeddable":true,"href":"https:\/\/www.wwwagner.tv\/index.php?rest_route=%2Fwp%2Fv2%2Fcomments&post=43305"}],"version-history":[{"count":5,"href":"https:\/\/www.wwwagner.tv\/index.php?rest_route=\/wp\/v2\/posts\/43305\/revisions"}],"predecessor-version":[{"id":43336,"href":"https:\/\/www.wwwagner.tv\/index.php?rest_route=\/wp\/v2\/posts\/43305\/revisions\/43336"}],"wp:attachment":[{"href":"https:\/\/www.wwwagner.tv\/index.php?rest_route=%2Fwp%2Fv2%2Fmedia&parent=43305"}],"wp:term":[{"taxonomy":"category","embeddable":true,"href":"https:\/\/www.wwwagner.tv\/index.php?rest_route=%2Fwp%2Fv2%2Fcategories&post=43305"},{"taxonomy":"post_tag","embeddable":true,"href":"https:\/\/www.wwwagner.tv\/index.php?rest_route=%2Fwp%2Fv2%2Ftags&post=43305"}],"curies":[{"name":"wp","href":"https:\/\/api.w.org\/{rel}","templated":true}]}}