{"id":43623,"date":"2019-07-20T18:05:54","date_gmt":"2019-07-20T16:05:54","guid":{"rendered":"http:\/\/www.wwwagner.tv\/?p=43623"},"modified":"2021-11-09T21:14:09","modified_gmt":"2021-11-09T19:14:09","slug":"medienmagazin-vom-20-07-2019","status":"publish","type":"post","link":"https:\/\/www.wwwagner.tv\/?p=43623","title":{"rendered":"Medienmagazin vom 20.07.2019"},"content":{"rendered":"<div style=\"height: 10px;\"><\/div>\n<p>Gesamt-PodCast:<\/p>\n <audio   controls > <source src=\"https:\/\/www.wwwagner.tv\/audio\/mm20190720.mp3\" type='audio\/mpeg' \/> <object   type=\"application\/x-shockwave-flash\"  data=\"https:\/\/www.wwwagner.tv\/wp-content\/plugins\/wphtml5player\/inc\/flowplayer.swf\"  width=\"400\"  height=\"30\"> <param name=\"movie\" value='https:\/\/www.wwwagner.tv\/wp-content\/plugins\/wphtml5player\/inc\/flowplayer.swf' \/><param name=\"allowfullscreen\" value='false' \/><param name=\"cachebusting\" value='true' \/><param name=\"bgcolor\" value='#000000' \/><param name=\"flashvars\" value='config={\"plugins\":{\"controls\":{\"height\":30,\"autoHide\":false,\"fullscreen\":false}},\"clip\":{\"autoPlay\":false,\"url\":\"https:\\\/\\\/www.wwwagner.tv\\\/audio\\\/mm20190720.mp3\"},\"playlist\":[{\"autoPlay\":false,\"url\":\"https:\\\/\\\/www.wwwagner.tv\\\/audio\\\/mm20190720.mp3\"}],\"play\":{\"opacity\":0}}' \/>  No audio playback capabilities, please download the audio below<br \/><strong>Download Audio:<\/strong> Closed Format: <a href=\"https:\/\/www.wwwagner.tv\/audio\/mm20190720.mp3\">MP3<\/a> <\/object> <!-- Generated by HTML5 Multimedia Framework (http:\/\/code.google.com\/p\/html5videoplayer) --> <\/audio>  \n<p>* via <a href=\"http:\/\/bit.ly\/UiK8m2\" rel=\"noopener noreferrer\" target=\"_blank\">radioeins.de<\/a><br \/>\n* via <a href=\"http:\/\/bit.ly\/2QPyw0c\" rel=\"noopener noreferrer\" target=\"_blank\">ARD-Audiothek<\/a><br \/>\n* via ALEXA: &#8222;Alexa, spiele PodCast Medienmagazin!&#8220;<\/p>\n<div style=\"height: 30px;\"><\/div>\n<p>[00:00] INTRO: DFF-&#8222;Sonderbericht vom Mondexperiment Apollo 11&#8220; | [04:50] &#8222;Mr. Apollo&#8220; Dr. G\u00fcnter Siefarth (1999) | [17:37] Geheimniskr\u00e4merei UdSSR-Raumfahrt &#8211; Gerhard Kowalski | [32:21] Deutsch-deutsche Apollo-Berichterstattung &#8211; Dr. Sven <a href=\"http:\/\/bit.ly\/2SyiRTI\" rel=\"noopener noreferrer\" target=\"_blank\">Grampp<\/a> | [47:54] Bonus: Outtakes &#8211; Gerhard Kowalski | [1:27:36] Bonus: Outtakes &#8211; Dr. Sven Grampp | [1:31:43] Bonus: Fernseh\u00fcbertragung vom Mond &#8211; ARD Sondersendung 21.07.1969 | [1:36:45] Bonus: Outtakes &#8211; Dr. G\u00fcnter Siefarth (1999) <\/p>\n<div style=\"height: 50px;\"><\/div>\n<hr \/>\n<p><span style=\"font-size: 11pt; font-family: tahoma,arial,helvetica,sans-serif;\"><br \/>\n<strong>Vor 50 Jahren: In der DDR gab es statt Mondspaziergang nur Testbild &#8211; die ARD berichtete auch f\u00fcr den Osten 28 Stunden live <\/strong><\/span><br \/>\n<span style=\"font-size: 11pt; font-family: tahoma,arial,helvetica,sans-serif;\"><br \/>\nW\u00e4hrend weltweit ca. 500\/600 Millionen Menschen am 20. und 21.07.1969 live die NASA-\u00dcbertragung vom ersten Mondaufenthalt zweier Menschen verfolgten, schickte der Deutsche Fernsehfunk der DDR seine Zuschauer ins Bett. Eine \u00e4hnliche Situation gab es in China, Nordkorea, Nordvietnam und der UdSSR. Wenigstens die sowjetischen Kosmonauten durften bei einer Sondervorf\u00fchrung live zusehen.<br \/>\n<span style=\"font-size: 11pt; font-family: tahoma,arial,helvetica,sans-serif;\"><br \/>\nDennoch wurde das Ereignis in der DDR nicht totgeschwiegen. Es gab auch in den Monaten davor kontinuierliche Berichte in den Massenmedien, zur Mondlandung wenigstens zwei Sondersendungen und Berichte in der &#8222;aktuellen kamera&#8220;, der Nachrichtensendung des Deutschen Fernsehfunks. Kommentatoren ordneten die Apollo-11-Mission in den politischen Kontext ein (Vietnamkrieg, Rassismus in den USA, Kennedy-Morde). Bei den Live\u00fcbertragungen vom Mond waren DDR-B\u00fcrger jedoch auf das &#8222;Westfernsehen&#8220; angewiesen.<br \/>\n<span style=\"font-size: 11pt; font-family: tahoma,arial,helvetica,sans-serif;\"><br \/>\nInterviews mit:<br \/>\n* &#8222;Mr. Apollo&#8220; G\u00fcnter Siefarth (1929-2002), der regelm\u00e4\u00dfig live im Ersten der ARD durch die Apollo-Missionen f\u00fchrte<br \/>\nQuelle: radioeins-Medienmagazin vom 18.07.1999 (ORB\/SFB)<br \/>\n* Gerhard <a href=\"http:\/\/www.gerhardkowalski.com\/\" rel=\"noopener noreferrer\" target=\"_blank\">Kowalski<\/a>, Autor, Publizist, ehemaliger ADN-Journalist, spezialisiert auf die sowjetische\/russische Raumfahrt<br \/>\nAufzeichnung: 16.07.2019<br \/>\n* Dr. Sven <a href=\"http:\/\/bit.ly\/2Z777tK\" rel=\"noopener noreferrer\" target=\"_blank\">Grampp<\/a>, Medienwissenschaftler am Institut f\u00fcr Theater- und Medienwissenschaft der Friedrich-Alexander-Universit\u00e4t Erlangen-N\u00fcrnberg<br \/>\n<a href=\"http:\/\/bit.ly\/2SyiRTI\" rel=\"noopener noreferrer\" target=\"_blank\">Aufzeichnung<\/a>: 17.07.2019<br \/>\n<span style=\"font-size: 11pt; font-family: tahoma,arial,helvetica,sans-serif;\"><br \/>\nsowie mit diversen historische O-T\u00f6nen:<br \/>\n\t\u2022 Sondersendung der &#8222;aktuellen kamera&#8220;, DFF, 21.07.1969, 10:05 Uhr<br \/>\n\t\u2022 Sondersendung der ARD, 20.-21.07.1969<br \/>\n\t\u2022 Kommentar G\u00fcnter Herlt, Mitglied der DFF-Kommentatorengruppe, DFF, 21.07.1969, 19:30 Uhr<br \/>\n<span style=\"font-size: 11pt; font-family: tahoma,arial,helvetica,sans-serif;\"><br \/>\nLive-Einspielung des Echtzeit-Funkverkehrs von Apollo 11 &#8211; Houston vor 50 Jahren<br \/>\n20.07.1969, 16:00-17:00 Uhr UTC = 18:00-19:00 Uhr MESZ<br \/>\nQuelle: <a href=\"https:\/\/apolloinrealtime.org\/11\/\" rel=\"noopener noreferrer\" target=\"_blank\">https:\/\/apolloinrealtime.org\/11\/<\/a><br \/>\n<span style=\"font-size: 11pt; font-family: tahoma,arial,helvetica,sans-serif;\"><br \/>\n<b>PodCast-Bonus<\/b>:<br \/>\n\u00b0 Outtakes der Interviews mit:<br \/>\n* Gerhard Kowalski, Autor, Publizist, ehemaliger ADN-Journalist, spezialisiert auf die sowjetische\/russische Raumfahrt<br \/>\n* Dr. Sven Grampp, Medienwissenschaftler am Institut f\u00fcr Theater- und Medienwissenschaft der Friedrich-Alexander-Universit\u00e4t Erlangen-N\u00fcrnberg<br \/>\n\u00b0 Ausschnitt aus der ARD-Sondersendung, 21.07.1969 zu den technischen Details der Fernseh\u00fcbertragung Mond < --> Erde &#8211;> ARD<br \/>\n* Ernst von Khuon, Journalist, Autor<br \/>\n* Dr. Philipp Hartl, der Leiter des Instituts f\u00fcr Satellitenelektronik der damaligen DFVLR<br \/>\n\u00b0 Outtake des Interviews mit &#8222;Mr. Apollo&#8220; G\u00fcnter Siefarth (1929-2002), WDR-Journalist<br \/>\nQuelle: radioeins-Medienmagazin vom 18.07.1999 (ORB\/SFB)<br \/>\n<span style=\"font-size: 11pt; font-family: tahoma,arial,helvetica,sans-serif;\"><br \/>\n<b>Vgl<\/b>.:<br \/>\n* Dr. G\u00fcnter Siefarth zu 30 Jahre Apollo 11, <a href=\"http:\/\/bit.ly\/2LDuKXQ\" rel=\"noopener noreferrer\" target=\"_blank\">DLR Nachrichten<\/a>, Mai 1999<br \/>\n* Die <a href=\"http:\/\/bit.ly\/2Y1GvOl\">besten Momente<\/a> aus dem WDR-Apollo-Studio in vier Clips, wdr.de<br \/>\n* 50 Jahre Mondlandungen <a href=\"http:\/\/bit.ly\/2Z78VmN\" rel=\"noopener noreferrer\" target=\"_blank\">im BR<\/a><br \/>\n* 50 Jahre erste Mondlandung, <a href=\"https:\/\/www.inforadio.de\/dossier\/2019\/50-jahre-erste-mondlandung\/50-jahre-erste-mondlandung.html\" rel=\"noopener noreferrer\" target=\"_blank\">Dossier<\/a> rbb Inforadio<br \/>\n* Mondm\u00e4nner mit Hammer und Sichel, Doku, mdr, 09.07.2019 | (in der ARD-<a href=\"http:\/\/bit.ly\/2JZ0kMn\" rel=\"noopener noreferrer\" target=\"_blank\">Mediathek<\/a>)<br \/>\nDas geheime Mondprogramm der Sowjets &#8211; eine Geschichte \u00fcber grandiose Fehlkalkulationen, Enthusiasmus, Streit und Trag\u00f6dien. Ein ganz besonderes Kapitel, erz\u00e4hlt aus der Perspektive jener Konstrukteure und &#8222;Raketschiki&#8220;.<\/p>\n<div style=\"height: 20px;\"><\/div>\n<p><a href=\"http:\/\/www.wwwagner.tv\/wp-content\/uploads\/201907120_podcast_1024\u00d7512.jpg\"><img loading=\"lazy\" decoding=\"async\" src=\"http:\/\/www.wwwagner.tv\/wp-content\/uploads\/201907120_podcast_1024\u00d7512.jpg\" alt=\"\" width=\"1024\" height=\"512\" class=\"alignnone size-full wp-image-43626\" srcset=\"https:\/\/www.wwwagner.tv\/wp-content\/uploads\/201907120_podcast_1024\u00d7512.jpg 1024w, https:\/\/www.wwwagner.tv\/wp-content\/uploads\/201907120_podcast_1024\u00d7512-300x150.jpg 300w, https:\/\/www.wwwagner.tv\/wp-content\/uploads\/201907120_podcast_1024\u00d7512-768x384.jpg 768w\" sizes=\"auto, (max-width: 1024px) 100vw, 1024px\" \/><\/a><\/p>\n<div style=\"height: 20px;\"><\/div>\n<hr \/>\n<div style=\"height: 5px;\"><\/div>\n<p><html><br \/>\n     <head><\/p>\n<style type=\"text\/css\">\n       body {\n                     background: #DADADA;\n       }\n      <\/style>\n<p>     <\/head><br \/>\n     <body><br \/>\n<\/body><br \/>\n    <\/html><br \/>\n<script src=\"https:\/\/apis.google.com\/js\/plusone.js\" type=\"text\/javascript\">\/\/ < ![CDATA[ {lang: 'de'} \/\/ ]]><\/script><br \/>\n<script src=\"http:\/\/twittercounter.com\/embed\/?username=medienmagazin&amp;style=avatar\" type=\"text\/javascript\"><\/script><\/p>\n<p><noscript><a href=\"http:\/\/twittercounter.com\/medienmagazin\">medienmagazin on Twitter Counter<\/a><\/noscript><br \/>\n<\/span><\/span><\/span><\/span><\/span><\/span><\/span><\/p>\n","protected":false},"excerpt":{"rendered":"<p>Gesamt-PodCast: No audio playback capabilities, please download the audio belowDownload Audio: Closed Format: MP3 * via radioeins.de * via ARD-Audiothek * via ALEXA: &#8222;Alexa, spiele PodCast Medienmagazin!&#8220; [00:00] INTRO: DFF-&#8222;Sonderbericht vom Mondexperiment Apollo 11&#8220; | [04:50] &#8222;Mr. Apollo&#8220; Dr. G\u00fcnter Siefarth (1999) | [17:37] Geheimniskr\u00e4merei UdSSR-Raumfahrt &#8211; Gerhard Kowalski | [32:21] Deutsch-deutsche Apollo-Berichterstattung &#8211; Dr. [&hellip;]<\/p>\n","protected":false},"author":2,"featured_media":32866,"comment_status":"open","ping_status":"open","sticky":false,"template":"","format":"standard","meta":{"_monsterinsights_skip_tracking":false,"_monsterinsights_sitenote_active":false,"_monsterinsights_sitenote_note":"","_monsterinsights_sitenote_category":0,"footnotes":""},"categories":[4],"tags":[1041,30,402,1043,1042,936],"class_list":["post-43623","post","type-post","status-publish","format-standard","has-post-thumbnail","hentry","category-medienmagazin","tag-apollo","tag-ard","tag-dff","tag-dlr","tag-mond","tag-weltraum"],"_links":{"self":[{"href":"https:\/\/www.wwwagner.tv\/index.php?rest_route=\/wp\/v2\/posts\/43623","targetHints":{"allow":["GET"]}}],"collection":[{"href":"https:\/\/www.wwwagner.tv\/index.php?rest_route=\/wp\/v2\/posts"}],"about":[{"href":"https:\/\/www.wwwagner.tv\/index.php?rest_route=\/wp\/v2\/types\/post"}],"author":[{"embeddable":true,"href":"https:\/\/www.wwwagner.tv\/index.php?rest_route=\/wp\/v2\/users\/2"}],"replies":[{"embeddable":true,"href":"https:\/\/www.wwwagner.tv\/index.php?rest_route=%2Fwp%2Fv2%2Fcomments&post=43623"}],"version-history":[{"count":41,"href":"https:\/\/www.wwwagner.tv\/index.php?rest_route=\/wp\/v2\/posts\/43623\/revisions"}],"predecessor-version":[{"id":50832,"href":"https:\/\/www.wwwagner.tv\/index.php?rest_route=\/wp\/v2\/posts\/43623\/revisions\/50832"}],"wp:featuredmedia":[{"embeddable":true,"href":"https:\/\/www.wwwagner.tv\/index.php?rest_route=\/wp\/v2\/media\/32866"}],"wp:attachment":[{"href":"https:\/\/www.wwwagner.tv\/index.php?rest_route=%2Fwp%2Fv2%2Fmedia&parent=43623"}],"wp:term":[{"taxonomy":"category","embeddable":true,"href":"https:\/\/www.wwwagner.tv\/index.php?rest_route=%2Fwp%2Fv2%2Fcategories&post=43623"},{"taxonomy":"post_tag","embeddable":true,"href":"https:\/\/www.wwwagner.tv\/index.php?rest_route=%2Fwp%2Fv2%2Ftags&post=43623"}],"curies":[{"name":"wp","href":"https:\/\/api.w.org\/{rel}","templated":true}]}}