{"id":45351,"date":"2018-04-18T12:00:33","date_gmt":"2018-04-18T10:00:33","guid":{"rendered":"http:\/\/www.wwwagner.tv\/?p=45351"},"modified":"2020-02-12T21:20:22","modified_gmt":"2020-02-12T19:20:22","slug":"demokratie-um-12-die-zukunft-demokratischer-mediensysteme","status":"publish","type":"post","link":"https:\/\/www.wwwagner.tv\/?p=45351","title":{"rendered":"Demokratie um 12 &#8211; &#8222;Die Zukunft demokratischer Mediensysteme&#8220;"},"content":{"rendered":"<figure id=\"attachment_45353\" aria-describedby=\"caption-attachment-45353\" style=\"width: 1100px\" class=\"wp-caption alignnone\"><a href=\"http:\/\/www.wwwagner.tv\/wp-content\/uploads\/20180418_DSC_4349_demokratie-um-12_1100\u00d7607.jpg\"><img loading=\"lazy\" decoding=\"async\" src=\"http:\/\/www.wwwagner.tv\/wp-content\/uploads\/20180418_DSC_4349_demokratie-um-12_1100\u00d7607.jpg\" alt=\"\" width=\"1100\" height=\"607\" class=\"size-full wp-image-45353\" srcset=\"https:\/\/www.wwwagner.tv\/wp-content\/uploads\/20180418_DSC_4349_demokratie-um-12_1100\u00d7607.jpg 1100w, https:\/\/www.wwwagner.tv\/wp-content\/uploads\/20180418_DSC_4349_demokratie-um-12_1100\u00d7607-300x166.jpg 300w, https:\/\/www.wwwagner.tv\/wp-content\/uploads\/20180418_DSC_4349_demokratie-um-12_1100\u00d7607-1024x565.jpg 1024w, https:\/\/www.wwwagner.tv\/wp-content\/uploads\/20180418_DSC_4349_demokratie-um-12_1100\u00d7607-768x424.jpg 768w\" sizes=\"auto, (max-width: 1100px) 100vw, 1100px\" \/><\/a><figcaption id=\"caption-attachment-45353\" class=\"wp-caption-text\">&#8222;Demokratie um 12&#8220;: Birgit Stark &#8211; Thorsten Faas &#8211; Heike Raab &#8211; Roger de Weck | Foto: \u00a9 J\u00f6rg Wagner<\/figcaption><\/figure>\n<div style=\"height: 30px;\"><\/div>\n <audio   controls > <source src=\"http:\/\/www.wwwagner.tv\/audio\/20180418_demokratie_um_12_96.mp3\" type='audio\/mpeg' \/> <object   type=\"application\/x-shockwave-flash\"  data=\"https:\/\/www.wwwagner.tv\/wp-content\/plugins\/wphtml5player\/inc\/flowplayer.swf\"  width=\"400\"  height=\"30\"> <param name=\"movie\" value='https:\/\/www.wwwagner.tv\/wp-content\/plugins\/wphtml5player\/inc\/flowplayer.swf' \/><param name=\"allowfullscreen\" value='false' \/><param name=\"cachebusting\" value='true' \/><param name=\"bgcolor\" value='#000000' \/><param name=\"flashvars\" value='config={\"plugins\":{\"controls\":{\"height\":30,\"autoHide\":false,\"fullscreen\":false}},\"clip\":{\"autoPlay\":false,\"url\":\"http:\\\/\\\/www.wwwagner.tv\\\/audio\\\/20180418_demokratie_um_12_96.mp3\"},\"playlist\":[{\"autoPlay\":false,\"url\":\"http:\\\/\\\/www.wwwagner.tv\\\/audio\\\/20180418_demokratie_um_12_96.mp3\"}],\"play\":{\"opacity\":0}}' \/>  No audio playback capabilities, please download the audio below<br \/><strong>Download Audio:<\/strong> Closed Format: <a href=\"http:\/\/www.wwwagner.tv\/audio\/20180418_demokratie_um_12_96.mp3\">MP3<\/a> <\/object> <!-- Generated by HTML5 Multimedia Framework (http:\/\/code.google.com\/p\/html5videoplayer) --> <\/audio>  \n<div style=\"height: 10px;\"><\/div>\n<p><u>Wer<\/u>: (v.l.n.r.)<br \/>\n* Birgit Stark, Professorin f\u00fcr Kommunikationswissenschaft (Schwerpunkt Medienkonvergenz), Institut f\u00fcr Publizistik Johannes Gutenberg-Universit\u00e4t Mainz<br \/>\n* Thorsten Faas, Professor f\u00fcr Politische Soziologie, Otto-Suhr-Institut, FU Berlin (Moderation)<br \/>\n* Heike Raab, Staatssekret\u00e4rin und Bevollm\u00e4chtigte beim Bund und in Europa, f\u00fcr Medien und Digitales, Rheinland-Pfalz<br \/>\n* Roger de Weck, ehemaliger Generaldirektor Schweizerische Radio- und Fernsehgesellschaft SRG<br \/>\n<u>Was<\/u>: <a href=\"https:\/\/www.polsoz.fu-berlin.de\/polwiss\/forschung\/systeme\/empsoz\/Dokumentation\/Demokratie-um-12\/index.html\" rel=\"noopener noreferrer\" target=\"_blank\">Demokratie um 12<\/a> &#8211; Diskussion<br \/>\n<u>Wo<\/u>: Landesvertretung Rheinland-Pfalz beim Bund, In den Ministerg\u00e4rten 6, 10117 Berlin<br \/>\n<u>Wann<\/u>: 18.04.2018, 12:05 Uhr<\/p>\n<div style=\"height: 10px;\"><\/div>\n<hr \/>\n<p>Aus der Beschreibung der Veranstalter:<\/p>\n<blockquote><p><em>&#8222;Die Zukunft demokratischer Mediensysteme \u201eMedium\u201c und \u201eFaktor\u201c \u00f6ffentlicher Meinungs- und Willensbildung soll der \u00f6ffentlich-rechtliche Rundfunk, sollen Medien in einem demokratischen System sein, so hat es das Bundesverfassungsgericht einst formuliert. Aber sind sie das auch heute noch? \u00a0Von vielen Seiten stehen klassische Massenmedien unter Druck: Da sind neue Akteure wie Facebook und Twitter, aber auch Amazon und Netflix. Daneben gibt es deutliche Friktionen zwischen \u201ealten\u201c Medien, zwischen Presse und Rundfunk, zwischen privat und \u00f6ffentlich-rechtlich. All dies bleibt nicht ohne Konsequenzen speziell f\u00fcr die \u00f6ffentlich-rechtlichen Anstalten. Ansehen und Glaubw\u00fcrdigkeit haben gelitten, die Finanzierungsgrundlage wird in Frage gestellt. \u00a0Seinen H\u00f6hepunkt fand dies j\u00fcngst in der Schweiz mit der Abstimmung \u00fcber die Finanzierung des \u00f6ffentlich-rechtlichen Rundfunks. Auch wenn die Forderung nach deren Abschaffung am 4. M\u00e4rz mit \u00fcber 70 Prozent klar zur\u00fcckgewiesen wurde, hat sie doch eine Debatte \u00fcber die Zukunft der Medienlandschaft befeuert.\u00a0Vor diesem Hintergrund wollen wir fragen: Was kann der \u00f6ffentlich-rechtliche Rundfunk der steigenden Konkurrenz insbesondere im Netz entgegensetzen? Welche Funktionen sollte er zuk\u00fcnftig erf\u00fcllen? Welche nicht? Welche Folgen hat das Schweizer Votum f\u00fcr die Diskussion in Deutschland?<\/em><\/p><\/blockquote>\n<div style=\"height: 10px;\"><\/div>\n<figure id=\"attachment_45357\" aria-describedby=\"caption-attachment-45357\" style=\"width: 500px\" class=\"wp-caption alignnone\"><a href=\"http:\/\/www.wwwagner.tv\/wp-content\/uploads\/20180418_DSC_4378_raab_heike_500x329.jpg\"><img loading=\"lazy\" decoding=\"async\" src=\"http:\/\/www.wwwagner.tv\/wp-content\/uploads\/20180418_DSC_4378_raab_heike_500x329.jpg\" alt=\"\" width=\"500\" height=\"329\" class=\"size-full wp-image-45357\" srcset=\"https:\/\/www.wwwagner.tv\/wp-content\/uploads\/20180418_DSC_4378_raab_heike_500x329.jpg 500w, https:\/\/www.wwwagner.tv\/wp-content\/uploads\/20180418_DSC_4378_raab_heike_500x329-300x197.jpg 300w\" sizes=\"auto, (max-width: 500px) 100vw, 500px\" \/><\/a><figcaption id=\"caption-attachment-45357\" class=\"wp-caption-text\">Heike Raab | Foto: \u00a9 J\u00f6rg Wagner<\/figcaption><\/figure>\n<div style=\"height: 30px;\"><\/div>\n <audio   controls > <source src=\"http:\/\/www.wwwagner.tv\/audio\/20180418_raab_heike_128.mp3\" type='audio\/mpeg' \/> <object   type=\"application\/x-shockwave-flash\"  data=\"https:\/\/www.wwwagner.tv\/wp-content\/plugins\/wphtml5player\/inc\/flowplayer.swf\"  width=\"400\"  height=\"30\"> <param name=\"movie\" value='https:\/\/www.wwwagner.tv\/wp-content\/plugins\/wphtml5player\/inc\/flowplayer.swf' \/><param name=\"allowfullscreen\" value='false' \/><param name=\"cachebusting\" value='true' \/><param name=\"bgcolor\" value='#000000' \/><param name=\"flashvars\" value='config={\"plugins\":{\"controls\":{\"height\":30,\"autoHide\":false,\"fullscreen\":false}},\"clip\":{\"autoPlay\":false,\"url\":\"http:\\\/\\\/www.wwwagner.tv\\\/audio\\\/20180418_raab_heike_128.mp3\"},\"playlist\":[{\"autoPlay\":false,\"url\":\"http:\\\/\\\/www.wwwagner.tv\\\/audio\\\/20180418_raab_heike_128.mp3\"}],\"play\":{\"opacity\":0}}' \/>  No audio playback capabilities, please download the audio below<br \/><strong>Download Audio:<\/strong> Closed Format: <a href=\"http:\/\/www.wwwagner.tv\/audio\/20180418_raab_heike_128.mp3\">MP3<\/a> <\/object> <!-- Generated by HTML5 Multimedia Framework (http:\/\/code.google.com\/p\/html5videoplayer) --> <\/audio>  \n<div style=\"height: 10px;\"><\/div>\n<p><u>Wer<\/u>:<br \/>\n* Heike Raab, Staatssekret\u00e4rin und Bevollm\u00e4chtigte beim Bund und in Europa, f\u00fcr Medien und Digitales, Rheinland-Pfalz<br \/>\n* J\u00f6rg Wagner, Freier Medienjournalist<br \/>\n<u>Was<\/u>: Interview zur aktuellen Medienpolitik<br \/>\n<u>Wo<\/u>: Landesvertretung Rheinland-Pfalz beim Bund, In den Ministerg\u00e4rten 6, 10117 Berlin<br \/>\n<u>Wann<\/u>: 18.04.2018, ca. 13:30 Uhr; ver\u00f6ffentlicht im radioeins-Medienmagazin vom <a href=\"http:\/\/bit.ly\/2UMEe76\" rel=\"noopener noreferrer\" target=\"_blank\">21.04.2018<\/a> und in gek\u00fcrzter Fassung im rbb-Inforadio 22.04.2018, 10:44\/ 15:24 Uhr<\/p>\n<div style=\"height: 10px;\"><\/div>\n<hr \/>\n<div style=\"height: 5px;\"><\/div>\n<p><html><br \/>\n     <head><\/p>\n<style type=\"text\/css\">\n       body {\n                     background: #DADADA;\n       }\n      <\/style>\n<p>     <\/head><br \/>\n     <body><br \/>\n<\/body><br \/>\n    <\/html><br \/>\n<script src=\"https:\/\/apis.google.com\/js\/plusone.js\" type=\"text\/javascript\">\/\/ < ![CDATA[ {lang: 'de'} \/\/ ]]><\/script><br \/>\n<script src=\"http:\/\/twittercounter.com\/embed\/?username=medienmagazin&amp;style=avatar\" type=\"text\/javascript\"><\/script><\/p>\n<p><noscript><a href=\"http:\/\/twittercounter.com\/medienmagazin\">medienmagazin on Twitter Counter<\/a><\/noscript><\/p>\n","protected":false},"excerpt":{"rendered":"<p>No audio playback capabilities, please download the audio belowDownload Audio: Closed Format: MP3 Wer: (v.l.n.r.) * Birgit Stark, Professorin f\u00fcr Kommunikationswissenschaft (Schwerpunkt Medienkonvergenz), Institut f\u00fcr Publizistik Johannes Gutenberg-Universit\u00e4t Mainz * Thorsten Faas, Professor f\u00fcr Politische Soziologie, Otto-Suhr-Institut, FU Berlin (Moderation) * Heike Raab, Staatssekret\u00e4rin und Bevollm\u00e4chtigte beim Bund und in Europa, f\u00fcr Medien und Digitales, [&hellip;]<\/p>\n","protected":false},"author":2,"featured_media":0,"comment_status":"closed","ping_status":"open","sticky":false,"template":"","format":"standard","meta":{"_monsterinsights_skip_tracking":false,"_monsterinsights_sitenote_active":false,"_monsterinsights_sitenote_note":"","_monsterinsights_sitenote_category":0,"footnotes":""},"categories":[53],"tags":[30,47,778,1117,1118,50],"class_list":["post-45351","post","type-post","status-publish","format-standard","hentry","category-dokument","tag-ard","tag-deutschlandradio","tag-oeffentlich-rechtlicher-rundfunk","tag-rundfunkpolitik","tag-srg","tag-zdf"],"_links":{"self":[{"href":"https:\/\/www.wwwagner.tv\/index.php?rest_route=\/wp\/v2\/posts\/45351","targetHints":{"allow":["GET"]}}],"collection":[{"href":"https:\/\/www.wwwagner.tv\/index.php?rest_route=\/wp\/v2\/posts"}],"about":[{"href":"https:\/\/www.wwwagner.tv\/index.php?rest_route=\/wp\/v2\/types\/post"}],"author":[{"embeddable":true,"href":"https:\/\/www.wwwagner.tv\/index.php?rest_route=\/wp\/v2\/users\/2"}],"replies":[{"embeddable":true,"href":"https:\/\/www.wwwagner.tv\/index.php?rest_route=%2Fwp%2Fv2%2Fcomments&post=45351"}],"version-history":[{"count":8,"href":"https:\/\/www.wwwagner.tv\/index.php?rest_route=\/wp\/v2\/posts\/45351\/revisions"}],"predecessor-version":[{"id":45362,"href":"https:\/\/www.wwwagner.tv\/index.php?rest_route=\/wp\/v2\/posts\/45351\/revisions\/45362"}],"wp:attachment":[{"href":"https:\/\/www.wwwagner.tv\/index.php?rest_route=%2Fwp%2Fv2%2Fmedia&parent=45351"}],"wp:term":[{"taxonomy":"category","embeddable":true,"href":"https:\/\/www.wwwagner.tv\/index.php?rest_route=%2Fwp%2Fv2%2Fcategories&post=45351"},{"taxonomy":"post_tag","embeddable":true,"href":"https:\/\/www.wwwagner.tv\/index.php?rest_route=%2Fwp%2Fv2%2Ftags&post=45351"}],"curies":[{"name":"wp","href":"https:\/\/api.w.org\/{rel}","templated":true}]}}