{"id":46610,"date":"2020-04-18T18:05:29","date_gmt":"2020-04-18T16:05:29","guid":{"rendered":"https:\/\/www.wwwagner.tv\/?p=46610"},"modified":"2020-04-20T23:10:44","modified_gmt":"2020-04-20T21:10:44","slug":"medienmagazin-vom-18-04-2020","status":"publish","type":"post","link":"https:\/\/www.wwwagner.tv\/?p=46610","title":{"rendered":"Medienmagazin vom 18.04.2020"},"content":{"rendered":"<div style=\"height: 10px;\"><\/div>\n<p>Gesamt-PodCast:<br \/>\n <audio   controls > <source src=\"https:\/\/rbbmediapmdp-a.akamaihd.net\/content\/89\/0b\/890b2ea8-a097-41ff-b0d1-58de0eb84ec9\/0a372f57-ca68-4c5d-9d27-09b4c4ac25f3_473e56b3-5d8d-4101-b29e-3ec8bc4fb450.mp3\" type='audio\/mpeg' \/> <object   type=\"application\/x-shockwave-flash\"  data=\"https:\/\/www.wwwagner.tv\/wp-content\/plugins\/wphtml5player\/inc\/flowplayer.swf\"  width=\"400\"  height=\"30\"> <param name=\"movie\" value='https:\/\/www.wwwagner.tv\/wp-content\/plugins\/wphtml5player\/inc\/flowplayer.swf' \/><param name=\"allowfullscreen\" value='false' \/><param name=\"cachebusting\" value='true' \/><param name=\"bgcolor\" value='#000000' \/><param name=\"flashvars\" value='config={\"plugins\":{\"controls\":{\"height\":30,\"autoHide\":false,\"fullscreen\":false}},\"clip\":{\"autoPlay\":false,\"url\":\"https:\\\/\\\/rbbmediapmdp-a.akamaihd.net\\\/content\\\/89\\\/0b\\\/890b2ea8-a097-41ff-b0d1-58de0eb84ec9\\\/0a372f57-ca68-4c5d-9d27-09b4c4ac25f3_473e56b3-5d8d-4101-b29e-3ec8bc4fb450.mp3\"},\"playlist\":[{\"autoPlay\":false,\"url\":\"https:\\\/\\\/rbbmediapmdp-a.akamaihd.net\\\/content\\\/89\\\/0b\\\/890b2ea8-a097-41ff-b0d1-58de0eb84ec9\\\/0a372f57-ca68-4c5d-9d27-09b4c4ac25f3_473e56b3-5d8d-4101-b29e-3ec8bc4fb450.mp3\"}],\"play\":{\"opacity\":0}}' \/>  No audio playback capabilities, please download the audio below<br \/><strong>Download Audio:<\/strong> Closed Format: <a href=\"https:\/\/rbbmediapmdp-a.akamaihd.net\/content\/89\/0b\/890b2ea8-a097-41ff-b0d1-58de0eb84ec9\/0a372f57-ca68-4c5d-9d27-09b4c4ac25f3_473e56b3-5d8d-4101-b29e-3ec8bc4fb450.mp3\">MP3<\/a> <\/object> <!-- Generated by HTML5 Multimedia Framework (http:\/\/code.google.com\/p\/html5videoplayer) --> <\/audio>  <br \/>\n<a href=\"https:\/\/rbbmediapmdp-a.akamaihd.net\/content\/89\/0b\/890b2ea8-a097-41ff-b0d1-58de0eb84ec9\/0a372f57-ca68-4c5d-9d27-09b4c4ac25f3_473e56b3-5d8d-4101-b29e-3ec8bc4fb450.mp3\" target=\"_blank\" rel=\"noopener noreferrer\">Download<\/a><span style=\"color: #666666;\"> (verlinkte Audio-Quelle bis zum 18.04.2021: rbb, radioeins)<\/span><br \/>\n* via <a href=\"http:\/\/bit.ly\/UiK8m2\" rel=\"noopener noreferrer\" target=\"_blank\">radioeins.de<\/a><br \/>\n* via <a href=\"http:\/\/bit.ly\/2QPyw0c\" rel=\"noopener noreferrer\" target=\"_blank\">ARD-Audiothek<\/a><br \/>\n* via ALEXA: &#8222;Alexa, spiele Medienmagazin von radioeins!&#8220;<br \/>\n* via Google Home: &#8222;Ok, Google, spiele radioeins Medienmagazin!&#8220;<\/p>\n<div style=\"height: 10px;\"><\/div>\n<p>[00:00] INTRO: Ulrich Kienzle gestorben | [03:11] Die Deutsche Welle w\u00e4hrend der Pandemie &#8211; Peter Limbourg | [19:13] Wissenschaft, Politik, PR &#8211; Die Rolle der Kommunikationsagentur Storymachine &#8211; Christian Schw\u00e4gerl | [32:08] &#8222;Buzzfeed Deutschland&#8220; steht zum Verkauf &#8211; Daniel Bouhs | [38:15] Bonus: Sendungskritik | [15:40] Bonus: <a href=\"https:\/\/www.wwwagner.tv\/?p=24230\" rel=\"noopener noreferrer\" target=\"_blank\">Peter Limbourg<\/a> 100 Tage im Amt, rec.: 05.02.2014<\/p>\n<div style=\"height: 30px;\"><\/div>\n<hr \/>\n<p><u>INTRO<\/u>: zum Tod von Ulrich Kienzle<br \/>\nO-Ton: Ulrich Kienzle, Journalist (Quelle: Medienmagazin, 17.10.2009)<\/p>\n<p><u>1. Die Deutsche Welle zwischen Fake-News-Vorw\u00fcrfen, Formatentwicklungen und Pandemie-Modus<\/u>: (2 Teile)<br \/>\nDruck aus drei Richtungen bei der Deutschen Welle. Von Au\u00dfen: China blockt den Deutschen Auslandsrundfunk, Russlands Volksvertreter beschuldigen die Deutsche Welle, Fake News zu verbreiten. Von Innen: Neue Formatentwicklungen und Ressourcenumverteilungen stie\u00dfen auf Kritik. Und drittens arbeitet man auch bei der Deutschen Welle wie jedes Medienhaus zur Zeit mit eingeschr\u00e4nkten Arbeitsm\u00f6glichkeiten und -kapazit\u00e4ten.<br \/>\nO-Ton:<br \/>\n* Peter Limbourg, Intendant, Deutsche Welle, (Quelle: Medienmagazin, 15.02.2014)<br \/>\n* Julian Reichelt, BILD-Chef, (Quelle: <a href=\"https:\/\/youtu.be\/dSG2M-rhBSA\" rel=\"noopener noreferrer\" target=\"_blank\">YouTube<\/a>, BILD, 17.04.2020)<br \/>\nTelefoninterview mit Peter Limbourg, Intendant, Deutsche Welle (live)<\/p>\n<p><u>2. Wissenschaft und PR: Die Connection Streeck, Laschet, StoryMachine<\/u>:<br \/>\n\u201eJe schneller wir erste Erkenntnisse teilen k\u00f6nnen, desto eher kehren wir in unseren gewohnten Alltag zur\u00fcck.\u201c Diese Botschaft des f\u00fchrenden Virologen Prof. Hendrik Streeck der Uni Bonn verst\u00e4rkt in den letzten Wochen eine Kommunikations-Agentur, die der ehemalige BILD-Chef, Kai Diekmann mitgegr\u00fcndet hat. &#8222;Der fr\u00fchere BILD-Chefredakteur Kai Diekmann war 2019 in einen handfesten Skandal am Universit\u00e4tsklinikum Heidelberg verwickelt, wo PR-Leute mit einem Mediziner die Story eines verhei\u00dfungsvollen Brustkrebstests kreierten und als \u201eWeltsensation\u201c in der BILD platzieren konnten \u2013 eine Story, die sich anschlie\u00dfend als substanzloser Bluff erwies und nun die Justiz besch\u00e4ftigt.\u201c, so u. a. die Recherchen des gemeinwohlorientierten Journalismusportals <a href=\"https:\/\/www.riffreporter.de\/asset\/RiffReporter-Broschure-2018_pdf.pdf\" rel=\"noopener noreferrer\" target=\"_blank\">\u201eRiffReporter&#8220;<\/a>, das die Frage aufwirft, wie Politik und Forschung miteinander verquickt sind und instrumentalisiert werden.<br \/>\nO-T\u00f6ne:<br \/>\n* Prof. Hendrik Streeck, Virologe Uniklinikum Bonn (Quelle: ZDF, Markus Lanz, <a href=\"https:\/\/www.zdf.de\/gesellschaft\/markus-lanz\/markus-lanz-vom-31-maerz-2020-100.html\" rel=\"noopener noreferrer\" target=\"_blank\">31.03.2020<\/a>)<br \/>\n* Prof. Christian Drosten, Virologe Charit\u00e9 Berlin (Quelle: NDR-PodCast, <a href=\"https:\/\/www.ndr.de\/nachrichten\/info\/31-Eine-Wiederinfektion-bleibt-unwahrscheinlich,audio667508.html\" rel=\"noopener noreferrer\" target=\"_blank\">14.04.2020<\/a>)<br \/>\nSchaltgespr\u00e4ch mit Christian Schw\u00e4gerl, Journalist, Buchautor und Mitbegr\u00fcnder von \u201e<a href=\"https:\/\/www.riffreporter.de\/\" rel=\"noopener noreferrer\" target=\"_blank\">RiffReporter<\/a> &#8211; Magazine unabh\u00e4ngiger Reporter\u201c, Gesch\u00e4ftsf\u00fchrender Gesellschafter &#8222;Riff freie Medien gGmbH&#8220; (Comrex Opal, live)<br \/>\nVgl.: <a href=\"https:\/\/www.riffreporter.de\/corona-virus\/corona-streeck-heinsberg-pandemie-exit-laschet\/\" rel=\"noopener noreferrer\" target=\"_blank\">Streeck, Laschet, StoryMachine<\/a>: Schnelle Daten, p\u00fcnktlich geliefert &#8211; Coronakrise: Wie ein Wissenschaftler zum Kronzeugen f\u00fcr einen raschen Exit wurde. Eine Rekonstruktion von Christian Schw\u00e4gerl und Joachim Budde<\/p>\n<p><u>3. Medien-Opfer der Coronakrise? &#8222;Buzzfeed Deutschland&#8220; steht zum Verkauf<\/u>:<br \/>\nVor f\u00fcnf Jahren wurde der damals neue Deutschland-Ableger des US-Dienstes Buzzfeed bel\u00e4chelt: Die Er\u00f6ffnung in einem \u201eKatzencaf\u00e9\u201c, zun\u00e4chst vor allem zusammengeschriebene LOL-Texte \u00fcber Ph\u00e4nomene im Netz. Dann folgte der Aufbau einer Investigativ-Abteilung. Sie gewann rasch Journalistenpreise. Doch in der Corona-Krise, die den Werbemarkt zum Zusammenbruch gebracht hat, r\u00e4umt die Konzernzentrale auf: Neben Brasilien soll auch Deutschland nicht fortgef\u00fchrt werden \u2013 falls nicht schnell ein &#8222;Partner&#8220; gefunden wird. Wie realistisch ist das?<br \/>\nSchaltgespr\u00e4ch mit O-T\u00f6nen von:<br \/>\n* Daniel Drepper, Chefredakteur &#8222;Buzzfeed Deutschland&#8220; (Berlin)<br \/>\n* Juliane Leopold, Ex-Chefredakteurin &#8222;Buzzfeed Deutschland\u201c, jetzt Digitalchefin der &#8222;Tagesschau&#8220; (Hamburg)<br \/>\n* Stephan Weichert, Medienwissenschaftler (Hamburg)<br \/>\nAutor: Daniel Bouhs (muPRO, live)<\/p>\n<p><u>PodCast-Bonus<\/u>:<br \/>\n4. Sendungskritik<br \/>\nJ\u00f6rg Wagner\/ Daniel Bouhs<br \/>\n5. DW-Intendant <a href=\"https:\/\/www.wwwagner.tv\/?p=24230\" rel=\"noopener noreferrer\" target=\"_blank\">Peter Limbourg<\/a> 100 Tage im Amt<br \/>\nrec.: 05.02.2014<\/p>\n<hr \/>\n<div style=\"height: 20px;\"><\/div>\n<div class=\"BorlabsCookie\"><div class=\"_brlbs-content-blocker\"> <div class=\"_brlbs-default\"> <p>Klicken Sie auf den unteren Button, um den Inhalt von www.ardaudiothek.de zu laden.<\/p> <p><a class=\"_brlbs-btn\" href=\"#\" data-borlabs-cookie-unblock role=\"button\">Inhalt laden<\/a><\/p> <\/div> <\/div><div class=\"borlabs-hide\" data-borlabs-cookie-type=\"content-blocker\" data-borlabs-cookie-id=\"default\"><script type=\"text\/template\">PHA+PGlmcmFtZSBsb2FkaW5nPSJsYXp5IiBzcmM9Imh0dHBzOi8vd3d3LmFyZGF1ZGlvdGhlay5kZS9lbWJlZD9lcGlzb2RlPTc0NjEwOTE2IiB3aWR0aD0iMzIwcHgiIGhlaWdodD0iMTIwcHgiPjwvaWZyYW1lPjwvcD4=<\/script><\/div><\/div>\n<div style=\"height: 20px;\"><\/div>\n<p><img loading=\"lazy\" decoding=\"async\" src=\"https:\/\/www.wwwagner.tv\/wp-content\/uploads\/20200418_podcast_1024\u00d7512.jpg\" alt=\"\" width=\"1024\" height=\"512\" class=\"alignnone size-full wp-image-46611\" srcset=\"https:\/\/www.wwwagner.tv\/wp-content\/uploads\/20200418_podcast_1024\u00d7512.jpg 1024w, https:\/\/www.wwwagner.tv\/wp-content\/uploads\/20200418_podcast_1024\u00d7512-300x150.jpg 300w, https:\/\/www.wwwagner.tv\/wp-content\/uploads\/20200418_podcast_1024\u00d7512-768x384.jpg 768w\" sizes=\"auto, (max-width: 1024px) 100vw, 1024px\" \/><\/p>\n<hr \/>\n<div style=\"height: 5px;\"><\/div>\n<p><html><br \/>\n     <head><\/p>\n<style type=\"text\/css\">\n       body {\n                     background: #DADADA;\n       }\n      <\/style>\n<p>     <\/head><br \/>\n     <body><br \/>\n<\/body><br \/>\n    <\/html><br \/>\n<script src=\"https:\/\/apis.google.com\/js\/plusone.js\" type=\"text\/javascript\">\/\/ < ![CDATA[ {lang: 'de'} \/\/ ]]><\/script><br \/>\n<script src=\"http:\/\/twittercounter.com\/embed\/?username=medienmagazin&amp;style=avatar\" type=\"text\/javascript\"><\/script><\/p>\n<p><noscript><a href=\"http:\/\/twittercounter.com\/medienmagazin\">medienmagazin on Twitter Counter<\/a><\/noscript><\/p>\n","protected":false},"excerpt":{"rendered":"<p>Gesamt-PodCast: No audio playback capabilities, please download the audio belowDownload Audio: Closed Format: MP3 Download (verlinkte Audio-Quelle bis zum 18.04.2021: rbb, radioeins) * via radioeins.de * via ARD-Audiothek * via ALEXA: &#8222;Alexa, spiele Medienmagazin von radioeins!&#8220; * via Google Home: &#8222;Ok, Google, spiele radioeins Medienmagazin!&#8220; [00:00] INTRO: Ulrich Kienzle gestorben | [03:11] Die Deutsche Welle [&hellip;]<\/p>\n","protected":false},"author":2,"featured_media":32866,"comment_status":"closed","ping_status":"open","sticky":false,"template":"","format":"standard","meta":{"_monsterinsights_skip_tracking":false,"_monsterinsights_sitenote_active":false,"_monsterinsights_sitenote_note":"","_monsterinsights_sitenote_category":0,"footnotes":""},"categories":[4],"tags":[605,1113,97,1151],"class_list":["post-46610","post","type-post","status-publish","format-standard","has-post-thumbnail","hentry","category-medienmagazin","tag-buzzfeed","tag-corona","tag-deutsche-welle","tag-storymachine"],"_links":{"self":[{"href":"https:\/\/www.wwwagner.tv\/index.php?rest_route=\/wp\/v2\/posts\/46610","targetHints":{"allow":["GET"]}}],"collection":[{"href":"https:\/\/www.wwwagner.tv\/index.php?rest_route=\/wp\/v2\/posts"}],"about":[{"href":"https:\/\/www.wwwagner.tv\/index.php?rest_route=\/wp\/v2\/types\/post"}],"author":[{"embeddable":true,"href":"https:\/\/www.wwwagner.tv\/index.php?rest_route=\/wp\/v2\/users\/2"}],"replies":[{"embeddable":true,"href":"https:\/\/www.wwwagner.tv\/index.php?rest_route=%2Fwp%2Fv2%2Fcomments&post=46610"}],"version-history":[{"count":13,"href":"https:\/\/www.wwwagner.tv\/index.php?rest_route=\/wp\/v2\/posts\/46610\/revisions"}],"predecessor-version":[{"id":46650,"href":"https:\/\/www.wwwagner.tv\/index.php?rest_route=\/wp\/v2\/posts\/46610\/revisions\/46650"}],"wp:featuredmedia":[{"embeddable":true,"href":"https:\/\/www.wwwagner.tv\/index.php?rest_route=\/wp\/v2\/media\/32866"}],"wp:attachment":[{"href":"https:\/\/www.wwwagner.tv\/index.php?rest_route=%2Fwp%2Fv2%2Fmedia&parent=46610"}],"wp:term":[{"taxonomy":"category","embeddable":true,"href":"https:\/\/www.wwwagner.tv\/index.php?rest_route=%2Fwp%2Fv2%2Fcategories&post=46610"},{"taxonomy":"post_tag","embeddable":true,"href":"https:\/\/www.wwwagner.tv\/index.php?rest_route=%2Fwp%2Fv2%2Ftags&post=46610"}],"curies":[{"name":"wp","href":"https:\/\/api.w.org\/{rel}","templated":true}]}}