{"id":46796,"date":"2020-04-25T18:05:16","date_gmt":"2020-04-25T16:05:16","guid":{"rendered":"https:\/\/www.wwwagner.tv\/?p=46796"},"modified":"2020-04-28T00:51:22","modified_gmt":"2020-04-27T22:51:22","slug":"medienmagazin-vom-25-04-2020","status":"publish","type":"post","link":"https:\/\/www.wwwagner.tv\/?p=46796","title":{"rendered":"Medienmagazin vom 25.04.2020"},"content":{"rendered":"<div style=\"height: 10px;\"><\/div>\n<p>Gesamt-PodCast:<br \/>\n <audio   controls > <source src=\"https:\/\/rbbmediapmdp-a.akamaihd.net\/content\/10\/d8\/10d80d00-336b-4462-92e6-008b0a040448\/851c0a5e-0b77-4148-bc27-a89c74858cfd_b065a96a-7fe1-4357-8d91-8846657162d2.mp3\" type='audio\/mpeg' \/> <object   type=\"application\/x-shockwave-flash\"  data=\"https:\/\/www.wwwagner.tv\/wp-content\/plugins\/wphtml5player\/inc\/flowplayer.swf\"  width=\"400\"  height=\"30\"> <param name=\"movie\" value='https:\/\/www.wwwagner.tv\/wp-content\/plugins\/wphtml5player\/inc\/flowplayer.swf' \/><param name=\"allowfullscreen\" value='false' \/><param name=\"cachebusting\" value='true' \/><param name=\"bgcolor\" value='#000000' \/><param name=\"flashvars\" value='config={\"plugins\":{\"controls\":{\"height\":30,\"autoHide\":false,\"fullscreen\":false}},\"clip\":{\"autoPlay\":false,\"url\":\"https:\\\/\\\/rbbmediapmdp-a.akamaihd.net\\\/content\\\/10\\\/d8\\\/10d80d00-336b-4462-92e6-008b0a040448\\\/851c0a5e-0b77-4148-bc27-a89c74858cfd_b065a96a-7fe1-4357-8d91-8846657162d2.mp3\"},\"playlist\":[{\"autoPlay\":false,\"url\":\"https:\\\/\\\/rbbmediapmdp-a.akamaihd.net\\\/content\\\/10\\\/d8\\\/10d80d00-336b-4462-92e6-008b0a040448\\\/851c0a5e-0b77-4148-bc27-a89c74858cfd_b065a96a-7fe1-4357-8d91-8846657162d2.mp3\"}],\"play\":{\"opacity\":0}}' \/>  No audio playback capabilities, please download the audio below<br \/><strong>Download Audio:<\/strong> Closed Format: <a href=\"https:\/\/rbbmediapmdp-a.akamaihd.net\/content\/10\/d8\/10d80d00-336b-4462-92e6-008b0a040448\/851c0a5e-0b77-4148-bc27-a89c74858cfd_b065a96a-7fe1-4357-8d91-8846657162d2.mp3\">MP3<\/a> <\/object> <!-- Generated by HTML5 Multimedia Framework (http:\/\/code.google.com\/p\/html5videoplayer) --> <\/audio>  <br \/>\n<a href=\"https:\/\/rbbmediapmdp-a.akamaihd.net\/content\/10\/d8\/10d80d00-336b-4462-92e6-008b0a040448\/851c0a5e-0b77-4148-bc27-a89c74858cfd_b065a96a-7fe1-4357-8d91-8846657162d2.mp3\" target=\"_blank\" rel=\"noopener noreferrer\">Download<\/a><span style=\"color: #666666;\"> (verlinkte Audio-Quelle bis zum 25.04.2021: rbb, radioeins)<\/span><br \/>\n* via <a href=\"http:\/\/bit.ly\/UiK8m2\" rel=\"noopener noreferrer\" target=\"_blank\">radioeins.de<\/a><br \/>\n* via <a href=\"http:\/\/bit.ly\/2QPyw0c\" rel=\"noopener noreferrer\" target=\"_blank\">ARD-Audiothek<\/a><br \/>\n* via ALEXA: &#8222;Alexa, spiele Medienmagazin von radioeins!&#8220;<br \/>\n* via Google Home: &#8222;Ok, Google, spiele radioeins Medienmagazin!&#8220;<\/p>\n<div style=\"height: 10px;\"><\/div>\n<p>[00:00] INTRO: Wetterkarte + \u00dcbersicht | [02:06] Folgen der Corona-Pandemie f\u00fcr die \u00d6ffentlich-Rechtlichen | [09:18] <a href=\"https:\/\/www.wwwagner.tv\/?p=46814\" rel=\"noopener noreferrer\" target=\"_blank\">100 Tage<\/a> ARD-Wetterkompetenzzentrum in Frankfurt\/Main | [27:35] Neues Pressefreiheitsranking von Reporter ohne Grenzen | [41:28] Bonus: Sendungskritik | [52:49] Bonus: #EUPressefeiheitsCheck <a href=\"https:\/\/bit.ly\/2yPVdw0\" rel=\"noopener noreferrer\" target=\"_blank\">Bulgarien<\/a>, 2017<\/p>\n<div style=\"height: 30px;\"><\/div>\n<hr \/>\n<p><u>INTRO<\/u>: Wetter in der ARD<br \/>\nO-Ton: Tagesschau-Vorspann, 1956<\/p>\n<p><u>1. Rundfunkbeitr\u00e4ge, Werbebuchungen, Orchestertickets: Welche Folgen hat Corona f\u00fcr \u00d6ffentlich-Rechtliche?<\/u><br \/>\n\u00dcber die massiven wirtschaftlichen Probleme von Verlagen und Privatsendern wurde schon viel berichtet, aber auch die ARD und teilweise auch das ZDF und das Deutschlandradio m\u00fcssen mit finanziellen Einbu\u00dfen rechnen, w\u00e4hrend ein Gro\u00dfteil ihrer Programme angenommen wird wie selten zuvor: Bei den Rundfunkbeitr\u00e4gen stehen Ausf\u00e4lle an, auch beim Ersten, dem Zweiten und einigen ARD-Radiowellen wird weniger Werbung gebucht. Dazu kommen Einnahmeausf\u00e4lle bei den Orchestern, die nicht mehr vor Publikum spielen d\u00fcrfen. Zudem kommen auf die Sender Mehrkosten zu, weil fiktionale Produktionen durch Unterbrechungen, Verschiebungen und Teilausf\u00e4lle teurer werden als geplant. Drohen neue Sparrunden? Und welche Folgen d\u00fcrfte das f\u00fcr das medienpolitische Klima haben f\u00fcr die geplante Erh\u00f6hung des Rundfunkbeitrags 2021?<br \/>\nSchaltgespr\u00e4ch mit Infos von:<br \/>\n* ARD-Vorsitz und AS&#038;S<br \/>\n* ZDF-Werbung<br \/>\n* Beitragsservice<br \/>\nAutor: Daniel Bouhs (muPRO, live)<\/p>\n<p><u>2. 100 Tage ARD-Wetterkompetenzzentrum in Frankfurt\/Main beim hr<\/u><br \/>\nSeit 01.01.2020 wird die Wetterberichterstattung neu geb\u00fcndelt. Resultat auch der Strukturreformbem\u00fchungen der ARD in der Diskussion um den Rundfunkbeitrag.<br \/>\nWas hat sich ver\u00e4ndert durch die Zentralisierung?<br \/>\nWoher kommen die Daten? Wieviel Messstationen werden wie abgerufen?<br \/>\nWie erfolgt das Runterbrechen auf regionale Ausspielwege bei Radio, TV, Online?<br \/>\nWie reagiert man auf Kritik im 22. KEF-Bericht, das Wetterkompetenzzentrum beruhe nicht auf einer &#8222;ergebnisoffenen und professionellen Standards gen\u00fcgenden Wirtschaftlichkeitsuntersuchung\u201c?<br \/>\n<a href=\"https:\/\/www.wwwagner.tv\/?p=46814\" rel=\"noopener noreferrer\" target=\"_blank\">Schaltgespr\u00e4ch<\/a> mit Silke Hansen, Leiterin des ARD-Wetterkompetenzzentrums (Leitung, live)<br \/>\nVgl.: <a href=\"https:\/\/www.hr.de\/presse\/wetter\/hr-startet-ard-wetterkompetenzzentrum-am-1-januar-2020,ard-wetterredaktion-wetterkompetenzentrum-startet-100.html\" rel=\"noopener noreferrer\" target=\"_blank\">Pressemitteilung<\/a> zum Start<br \/>\n<u>Erg\u00e4nzung<\/u>: Neuauflage im Wetterdaten-Streit<br \/>\nDer Meteorologe J\u00f6rg Kachelmann hat jetzt Wetterdaten, die \u00fcber das Inforadio ver\u00f6ffentlicht wurden, nachgemessen. Die Abweichungen w\u00fcrden bis zu 6 Grad betragen. Ein klarer Himmel w\u00e4re zudem als \u201eheiter\u201c beschrieben\u201c. Sein Vorwurf, der rbb ver\u00f6ffentlichte aktuelle Wetter-Werte von Orten, die keine Wetterstationen haben, ohne das kenntlich zu machen.<br \/>\nQuelle: <a href=\"https:\/\/twitter.com\/Kachelmann\/status\/1252141549632307201\" rel=\"noopener noreferrer\" target=\"_blank\">https:\/\/twitter.com\/Kachelmann\/status\/1252141549632307201<\/a><br \/>\nStatement Justus Demmer, rbb-Unternehmenssprecher (aufgezeichnet)<\/p>\n<blockquote class=\"twitter-tweet\">\n<p lang=\"de\" dir=\"ltr\">Neues zur gr\u00f6ssten Wetter-<a href=\"https:\/\/twitter.com\/hashtag\/FakeNews?src=hash&amp;ref_src=twsrc%5Etfw\">#FakeNews<\/a>-Schleuder <a href=\"https:\/\/twitter.com\/rbbinforadio?ref_src=twsrc%5Etfw\">@rbbinforadio<\/a>: Wie zum Beispiel fr\u00fcher schon hier<a href=\"https:\/\/t.co\/8VZBHoZta7\">https:\/\/t.co\/8VZBHoZta7<\/a><a href=\"https:\/\/t.co\/nLhEnF68YT\">https:\/\/t.co\/nLhEnF68YT<\/a><a href=\"https:\/\/t.co\/WdRBBDQqg0\">https:\/\/t.co\/WdRBBDQqg0<\/a><a href=\"https:\/\/t.co\/dEalCQaDDG\">https:\/\/t.co\/dEalCQaDDG<\/a><a href=\"https:\/\/t.co\/BBKXSlxTlJ\">https:\/\/t.co\/BBKXSlxTlJ<\/a><\/p>\n<p>und mehr. Alle tabellarischen &quot;Beobachtungen\/Temperaturen&quot;<\/p>\n<p>1\/<\/p>\n<p>&mdash; J\u00f6rg | kachelmannwetter.com&#x1f1e8;&#x1f1ed; (@Kachelmann) <a href=\"https:\/\/twitter.com\/Kachelmann\/status\/1252141549632307201?ref_src=twsrc%5Etfw\">April 20, 2020<\/a><\/p><\/blockquote>\n<p> <script async src=\"https:\/\/platform.twitter.com\/widgets.js\" charset=\"utf-8\"><\/script><\/p>\n<p><u>3. Reporter ohne Grenzen: &#8222;Journalistinnen und Journalisten unter Druck von vielen Seiten\u201c &#8211; Rangliste der Pressefreiheit 2020 erschienen<\/u><br \/>\n\u201eDie Corona-Pandemie b\u00fcndelt bestehende repressive Tendenzen weltweit wie ein Brennglas. Die aktuelle Rangliste der Pressefreiheit zeigt, dass schon vor der aktuellen Krise erschreckend viele Regierungen und politische Kr\u00e4fte in ganz unterschiedlichen L\u00e4ndern bereit waren, die Pressefreiheit ihrem Machtstreben unterzuordnen\u201c (Reporter ohne Grenzen)<br \/>\nSchaltgespr\u00e4ch mit Katja Gloger, Vorstandssprecherin von Reporter ohne Grenzen (Comrex-Opal, live)<br \/>\nVgl.: <a href=\"https:\/\/www.reporter-ohne-grenzen.de\/fileadmin\/Redaktion\/Downloads\/Ranglisten\/Rangliste_2020\/Rangliste_der_Pressefreiheit_2020_-_RSF.pdf\">Rangliste<\/a> der Pressefreiheit 2020<\/p>\n<div style=\"height: 10px;\"><\/div>\n<figure id=\"attachment_46804\" aria-describedby=\"caption-attachment-46804\" style=\"width: 300px\" class=\"wp-caption alignnone\"><img loading=\"lazy\" decoding=\"async\" src=\"https:\/\/www.wwwagner.tv\/wp-content\/uploads\/20200425_18.47.28_radioeins-studio_mikrofonmaske_300\u00d7303.jpg\" alt=\"\" width=\"300\" height=\"303\" class=\"size-full wp-image-46804\" srcset=\"https:\/\/www.wwwagner.tv\/wp-content\/uploads\/20200425_18.47.28_radioeins-studio_mikrofonmaske_300\u00d7303.jpg 300w, https:\/\/www.wwwagner.tv\/wp-content\/uploads\/20200425_18.47.28_radioeins-studio_mikrofonmaske_300\u00d7303-297x300.jpg 297w\" sizes=\"auto, (max-width: 300px) 100vw, 300px\" \/><figcaption id=\"caption-attachment-46804\" class=\"wp-caption-text\">Mikrofonschutzmaske | Foto: \u00a9 J\u00f6rg Wagner<\/figcaption><\/figure>\n<div style=\"height: 10px;\"><\/div>\n<p><u>PodCast-Bonus<\/u>:<br \/>\n4. Sendungskritik<br \/>\nJ\u00f6rg Wagner\/ Daniel Bouhs<br \/>\n5. #EUPressefreiheitsCheck <a href=\"https:\/\/bit.ly\/2yPVdw0\" rel=\"noopener noreferrer\" target=\"_blank\">Bulgarien<\/a><br \/>\nQuelle: radioeins-Medienmagazin, 22.07.2017<\/p>\n<hr \/>\n<div style=\"height: 20px;\"><\/div>\n<div class=\"BorlabsCookie\"><div class=\"_brlbs-content-blocker\"> <div class=\"_brlbs-default\"> <p>Klicken Sie auf den unteren Button, um den Inhalt von www.ardaudiothek.de zu laden.<\/p> <p><a class=\"_brlbs-btn\" href=\"#\" data-borlabs-cookie-unblock role=\"button\">Inhalt laden<\/a><\/p> <\/div> <\/div><div class=\"borlabs-hide\" data-borlabs-cookie-type=\"content-blocker\" data-borlabs-cookie-id=\"default\"><script type=\"text\/template\">PHA+PGlmcmFtZSBsb2FkaW5nPSJsYXp5IiBzcmM9Imh0dHBzOi8vd3d3LmFyZGF1ZGlvdGhlay5kZS9lbWJlZD9lcGlzb2RlPTc0ODk3NDQ4IiB3aWR0aD0iMzIwcHgiIGhlaWdodD0iMTIwcHgiPjwvaWZyYW1lPjwvcD4=<\/script><\/div><\/div>\n<div style=\"height: 20px;\"><\/div>\n<p><img loading=\"lazy\" decoding=\"async\" src=\"https:\/\/www.wwwagner.tv\/wp-content\/uploads\/20200425_podcast_1024\u00d7512.jpg\" alt=\"\" width=\"1024\" height=\"512\" class=\"alignnone size-full wp-image-46797\" srcset=\"https:\/\/www.wwwagner.tv\/wp-content\/uploads\/20200425_podcast_1024\u00d7512.jpg 1024w, https:\/\/www.wwwagner.tv\/wp-content\/uploads\/20200425_podcast_1024\u00d7512-300x150.jpg 300w, https:\/\/www.wwwagner.tv\/wp-content\/uploads\/20200425_podcast_1024\u00d7512-768x384.jpg 768w\" sizes=\"auto, (max-width: 1024px) 100vw, 1024px\" \/><\/p>\n<hr \/>\n<div style=\"height: 5px;\"><\/div>\n<p><html><br \/>\n     <head><\/p>\n<style type=\"text\/css\">\n       body {\n                     background: #DADADA;\n       }\n      <\/style>\n<p>     <\/head><br \/>\n     <body><br \/>\n<\/body><br \/>\n    <\/html><br \/>\n<script src=\"https:\/\/apis.google.com\/js\/plusone.js\" type=\"text\/javascript\">\/\/ < ![CDATA[ {lang: 'de'} \/\/ ]]><\/script><br \/>\n<script src=\"http:\/\/twittercounter.com\/embed\/?username=medienmagazin&amp;style=avatar\" type=\"text\/javascript\"><\/script><\/p>\n<p><noscript><a href=\"http:\/\/twittercounter.com\/medienmagazin\">medienmagazin on Twitter Counter<\/a><\/noscript><\/p>\n","protected":false},"excerpt":{"rendered":"<p>Gesamt-PodCast: No audio playback capabilities, please download the audio belowDownload Audio: Closed Format: MP3 Download (verlinkte Audio-Quelle bis zum 25.04.2021: rbb, radioeins) * via radioeins.de * via ARD-Audiothek * via ALEXA: &#8222;Alexa, spiele Medienmagazin von radioeins!&#8220; * via Google Home: &#8222;Ok, Google, spiele radioeins Medienmagazin!&#8220; [00:00] INTRO: Wetterkarte + \u00dcbersicht | [02:06] Folgen der Corona-Pandemie [&hellip;]<\/p>\n","protected":false},"author":2,"featured_media":32866,"comment_status":"closed","ping_status":"open","sticky":false,"template":"","format":"standard","meta":{"_monsterinsights_skip_tracking":false,"_monsterinsights_sitenote_active":false,"_monsterinsights_sitenote_note":"","_monsterinsights_sitenote_category":0,"footnotes":""},"categories":[4],"tags":[30,1113,47,667,655,50],"class_list":["post-46796","post","type-post","status-publish","format-standard","has-post-thumbnail","hentry","category-medienmagazin","tag-ard","tag-corona","tag-deutschlandradio","tag-reporter-ohne-grenzen","tag-wetter","tag-zdf"],"_links":{"self":[{"href":"https:\/\/www.wwwagner.tv\/index.php?rest_route=\/wp\/v2\/posts\/46796","targetHints":{"allow":["GET"]}}],"collection":[{"href":"https:\/\/www.wwwagner.tv\/index.php?rest_route=\/wp\/v2\/posts"}],"about":[{"href":"https:\/\/www.wwwagner.tv\/index.php?rest_route=\/wp\/v2\/types\/post"}],"author":[{"embeddable":true,"href":"https:\/\/www.wwwagner.tv\/index.php?rest_route=\/wp\/v2\/users\/2"}],"replies":[{"embeddable":true,"href":"https:\/\/www.wwwagner.tv\/index.php?rest_route=%2Fwp%2Fv2%2Fcomments&post=46796"}],"version-history":[{"count":10,"href":"https:\/\/www.wwwagner.tv\/index.php?rest_route=\/wp\/v2\/posts\/46796\/revisions"}],"predecessor-version":[{"id":46823,"href":"https:\/\/www.wwwagner.tv\/index.php?rest_route=\/wp\/v2\/posts\/46796\/revisions\/46823"}],"wp:featuredmedia":[{"embeddable":true,"href":"https:\/\/www.wwwagner.tv\/index.php?rest_route=\/wp\/v2\/media\/32866"}],"wp:attachment":[{"href":"https:\/\/www.wwwagner.tv\/index.php?rest_route=%2Fwp%2Fv2%2Fmedia&parent=46796"}],"wp:term":[{"taxonomy":"category","embeddable":true,"href":"https:\/\/www.wwwagner.tv\/index.php?rest_route=%2Fwp%2Fv2%2Fcategories&post=46796"},{"taxonomy":"post_tag","embeddable":true,"href":"https:\/\/www.wwwagner.tv\/index.php?rest_route=%2Fwp%2Fv2%2Ftags&post=46796"}],"curies":[{"name":"wp","href":"https:\/\/api.w.org\/{rel}","templated":true}]}}