{"id":46850,"date":"2020-05-02T18:05:18","date_gmt":"2020-05-02T16:05:18","guid":{"rendered":"https:\/\/www.wwwagner.tv\/?p=46850"},"modified":"2021-01-19T23:06:22","modified_gmt":"2021-01-19T21:06:22","slug":"medienmagazin-vom-02-05-2020","status":"publish","type":"post","link":"https:\/\/www.wwwagner.tv\/?p=46850","title":{"rendered":"Medienmagazin vom 02.05.2020"},"content":{"rendered":"<div style=\"height: 10px;\"><\/div>\n<p>Gesamt-PodCast:<br \/>\n <audio   controls > <source src=\"https:\/\/rbbmediapmdp-a.akamaihd.net\/content\/e5\/d2\/e5d206f9-79a4-4e6e-a050-60e49e518c24\/26b658dc-41b1-41e1-93ff-9c5ba1eaa627_dbf8ebab-2896-40a1-a36a-8955ea0add1c.mp3\" type='audio\/mpeg' \/> <object   type=\"application\/x-shockwave-flash\"  data=\"https:\/\/www.wwwagner.tv\/wp-content\/plugins\/wphtml5player\/inc\/flowplayer.swf\"  width=\"400\"  height=\"30\"> <param name=\"movie\" value='https:\/\/www.wwwagner.tv\/wp-content\/plugins\/wphtml5player\/inc\/flowplayer.swf' \/><param name=\"allowfullscreen\" value='false' \/><param name=\"cachebusting\" value='true' \/><param name=\"bgcolor\" value='#000000' \/><param name=\"flashvars\" value='config={\"plugins\":{\"controls\":{\"height\":30,\"autoHide\":false,\"fullscreen\":false}},\"clip\":{\"autoPlay\":false,\"url\":\"https:\\\/\\\/rbbmediapmdp-a.akamaihd.net\\\/content\\\/e5\\\/d2\\\/e5d206f9-79a4-4e6e-a050-60e49e518c24\\\/26b658dc-41b1-41e1-93ff-9c5ba1eaa627_dbf8ebab-2896-40a1-a36a-8955ea0add1c.mp3\"},\"playlist\":[{\"autoPlay\":false,\"url\":\"https:\\\/\\\/rbbmediapmdp-a.akamaihd.net\\\/content\\\/e5\\\/d2\\\/e5d206f9-79a4-4e6e-a050-60e49e518c24\\\/26b658dc-41b1-41e1-93ff-9c5ba1eaa627_dbf8ebab-2896-40a1-a36a-8955ea0add1c.mp3\"}],\"play\":{\"opacity\":0}}' \/>  No audio playback capabilities, please download the audio below<br \/><strong>Download Audio:<\/strong> Closed Format: <a href=\"https:\/\/rbbmediapmdp-a.akamaihd.net\/content\/e5\/d2\/e5d206f9-79a4-4e6e-a050-60e49e518c24\/26b658dc-41b1-41e1-93ff-9c5ba1eaa627_dbf8ebab-2896-40a1-a36a-8955ea0add1c.mp3\">MP3<\/a> <\/object> <!-- Generated by HTML5 Multimedia Framework (http:\/\/code.google.com\/p\/html5videoplayer) --> <\/audio>  <br \/>\n<a href=\"https:\/\/rbbmediapmdp-a.akamaihd.net\/content\/e5\/d2\/e5d206f9-79a4-4e6e-a050-60e49e518c24\/26b658dc-41b1-41e1-93ff-9c5ba1eaa627_dbf8ebab-2896-40a1-a36a-8955ea0add1c.mp3\" target=\"_blank\" rel=\"noopener noreferrer\">Download<\/a><span style=\"color: #666666;\"> (verlinkte Audio-Quelle bis zum 02.05.2021: rbb, radioeins)<\/span><br \/>\n* via <a href=\"http:\/\/bit.ly\/UiK8m2\" rel=\"noopener noreferrer\" target=\"_blank\">radioeins.de<\/a><br \/>\n* via <a href=\"http:\/\/bit.ly\/2QPyw0c\" rel=\"noopener noreferrer\" target=\"_blank\">ARD-Audiothek<\/a><br \/>\n* via ALEXA: &#8222;Alexa, spiele Medienmagazin von radioeins!&#8220;<br \/>\n* via Google Home: &#8222;Ok, Google, spiele radioeins Medienmagazin!&#8220;<\/p>\n<div style=\"height: 10px;\"><\/div>\n<p>[00:00] INTRO: ZDF-Team angegriffen | [02:23] Pressefreiheit im digitalen Raum &#8211; <a href=\"https:\/\/www.wwwagner.tv\/?p=46866\" rel=\"noopener noreferrer\" target=\"_blank\">Parkinterview<\/a> mit John Goetz (1) | [14:27] John Goetz (2) | [21:12] John Goetz (3) | [29:52] Constanze Kurz, CCC zu Corona-Apps &#8211; Jung &#038; naiv | [39:06] Bonus: Sendungskritik | [57:07] Bonus: Das Forum &#8211; zum Internationalen Tag der Pressefreiheit (\u00dcbernahme vom rbb Inforadio)<\/p>\n<div style=\"height: 50px;\"><\/div>\n<div class=\"BorlabsCookie\"><div class=\"_brlbs-content-blocker\"> <div class=\"_brlbs-default\"> <p>Klicken Sie auf den unteren Button, um den Inhalt von www.ardaudiothek.de zu laden.<\/p> <p><a class=\"_brlbs-btn\" href=\"#\" data-borlabs-cookie-unblock role=\"button\">Inhalt laden<\/a><\/p> <\/div> <\/div><div class=\"borlabs-hide\" data-borlabs-cookie-type=\"content-blocker\" data-borlabs-cookie-id=\"default\"><script type=\"text\/template\">PHA+PGlmcmFtZSBsb2FkaW5nPSJsYXp5IiBzcmM9Imh0dHBzOi8vd3d3LmFyZGF1ZGlvdGhlay5kZS9lbWJlZD9lcGlzb2RlPTc1MTY2NTQ4IiB3aWR0aD0iMzIwcHgiIGhlaWdodD0iMTIwcHgiPjwvaWZyYW1lPjwvcD4=<\/script><\/div><\/div>\n<div style=\"height: 10px;\"><\/div>\n<hr \/>\n<p>Zum Tag der Pressefreiheit (03.05.2020)<br \/>\nMedienmagazin spezial<\/p>\n<p>Ist die Pressefreiheit im digitalen Raum in Gefahr?<\/p>\n<p>W\u00e4hrend sich in der \u00f6ffentlichen Wahrnehmung Pressefreiheit daran misst, inwieweit Medienschaffende von Print- und Funkmedien ungehindert und ohne Schaden f\u00fcr das k\u00f6rperliche Wohl frei recherchieren k\u00f6nnen, ist im digitalen Raum die Sensibilit\u00e4t bei Einschr\u00e4nkungen des Journalismus nicht so stark ausgepr\u00e4gt wie bei klassischen Medien.<br \/>\nDurch technische \u00dcberwachungsm\u00f6glichkeiten und neue Gesetze wird der Informantenschutz ausgehebelt, ist das investigative Recherchieren gef\u00e4hrdet. Bei der geplanten e-Evidence-Verordnung sollen Internetdienstleister z. B. zu mehr Kooperation mit Polizei- und Justizbeh\u00f6rden gezwungen werden.<br \/>\nNachwievor politisch ungekl\u00e4rt ist, ob Whistleblower*innen wie Chelsea Manning und Edward Snowden, sowie Plattformbetreiber wie Wikileaks mit Julian Assange, nicht denselben Schutz genie\u00dfen sollten, wie Journalist*innen.<br \/>\nDaniel Bouhs (Berlin, muPro, live) und J\u00f6rg Wagner (Studio, live)<\/p>\n<p><u>INTRO<\/u>: ZDF-Team angegriffen<br \/>\nO-T\u00f6ne:<br \/>\n* Tagesschau, Das Erste, 01.05.2020, 20:00 Uhr<br \/>\n* Alexander Stock, Leiter der ZDF-Unternehmenskommunikation<\/p>\n<p>Interviews mit:<br \/>\n* <a href=\"https:\/\/www.wwwagner.tv\/?p=46866\" rel=\"noopener noreferrer\" target=\"_blank\">John Goetz<\/a>, NDR-Redakteur f\u00fcr investigative Recherche, angesiedelt im ARD-Hauptstadtstudio und freier Mitarbeiter der S\u00fcddeutschen Zeitung (aufgezeichnet, 01.05.2020, Berlin)<br \/>\n* Constanze Kurz, Sprecherin Chaos Computer Club (Quelle: jung und naiv. Ver\u00f6ffentlichung: 03.05.2020, YouTube)<\/p>\n<div class=\"BorlabsCookie\"><div class=\"_brlbs-content-blocker\"> <div class=\"_brlbs-embed _brlbs-video-youtube\"> <img class=\"_brlbs-thumbnail\" src=\"https:\/\/www.wwwagner.tv\/wp-content\/plugins\/borlabs-cookie\/images\/cb-no-thumbnail.png\" alt=\"YouTube\"> <div class=\"_brlbs-caption\"> <p>Mit dem Laden des Videos akzeptieren Sie die Datenschutzerkl\u00e4rung von YouTube.<br><a href=\"https:\/\/policies.google.com\/privacy\" target=\"_blank\" rel=\"nofollow noopener noreferrer\">Mehr erfahren<\/a><\/p> <p><a class=\"_brlbs-btn _brlbs-icon-play-white\" href=\"#\" data-borlabs-cookie-unblock role=\"button\">Video laden<\/a><\/p> <p><label><input type=\"checkbox\" name=\"unblockAll\" value=\"1\" checked> <small>YouTube immer entsperren<\/small><\/label><\/p> <\/div> <\/div> <\/div><div class=\"borlabs-hide\" data-borlabs-cookie-type=\"content-blocker\" data-borlabs-cookie-id=\"youtube\"><script type=\"text\/template\">PHA+PGlmcmFtZSBsb2FkaW5nPSJsYXp5IiB3aWR0aD0iNTYwIiBoZWlnaHQ9IjMxNSIgc3JjPSJodHRwczovL3d3dy55b3V0dWJlLW5vY29va2llLmNvbS9lbWJlZC9YdlJueXY5ZlBucyIgZnJhbWVib3JkZXI9IjAiIGFsbG93PSJhY2NlbGVyb21ldGVyOyBhdXRvcGxheTsgZW5jcnlwdGVkLW1lZGlhOyBneXJvc2NvcGU7IHBpY3R1cmUtaW4tcGljdHVyZSIgYWxsb3dmdWxsc2NyZWVuPjwvaWZyYW1lPjwvcD4=<\/script><\/div><\/div>\n<p>PS zur Sendung vom 25.04.2020<br \/>\n* rbb-Wetter, 01.05.2020, 19:27 Uhr<\/p>\n<p>+++<\/p>\n<p>PodCast-Bonus:<br \/>\n\u00b0 Sendungskritik<br \/>\n\u00b0 Das Forum &#8211; Die Corona-Krise: Ein Stresstest f\u00fcr die Pressefreiheit<br \/>\nQuelle: rbb Inforadio, 03.05.2020, 11:04\/20:04 Uhr<\/p>\n<div class=\"BorlabsCookie\"><div class=\"_brlbs-content-blocker\"> <div class=\"_brlbs-default\"> <p>Klicken Sie auf den unteren Button, um den Inhalt von www.ardaudiothek.de zu laden.<\/p> <p><a class=\"_brlbs-btn\" href=\"#\" data-borlabs-cookie-unblock role=\"button\">Inhalt laden<\/a><\/p> <\/div> <\/div><div class=\"borlabs-hide\" data-borlabs-cookie-type=\"content-blocker\" data-borlabs-cookie-id=\"default\"><script type=\"text\/template\">PHA+PGlmcmFtZSBsb2FkaW5nPSJsYXp5IiBzcmM9Imh0dHBzOi8vd3d3LmFyZGF1ZGlvdGhlay5kZS9lbWJlZD9lcGlzb2RlPTc1MTQ2OTE4IiB3aWR0aD0iMzIwcHgiIGhlaWdodD0iMTIwcHgiPjwvaWZyYW1lPjwvcD4=<\/script><\/div><\/div>\n<hr \/>\n<div style=\"height: 20px;\"><\/div>\n<p><img loading=\"lazy\" decoding=\"async\" src=\"https:\/\/www.wwwagner.tv\/wp-content\/uploads\/20200502_podcast_1024\u00d7512.jpg\" alt=\"\" width=\"1024\" height=\"512\" class=\"alignnone size-full wp-image-46852\" srcset=\"https:\/\/www.wwwagner.tv\/wp-content\/uploads\/20200502_podcast_1024\u00d7512.jpg 1024w, https:\/\/www.wwwagner.tv\/wp-content\/uploads\/20200502_podcast_1024\u00d7512-300x150.jpg 300w, https:\/\/www.wwwagner.tv\/wp-content\/uploads\/20200502_podcast_1024\u00d7512-768x384.jpg 768w\" sizes=\"auto, (max-width: 1024px) 100vw, 1024px\" \/><\/p>\n<hr \/>\n<div style=\"height: 5px;\"><\/div>\n<p><html><br \/>\n     <head><\/p>\n<style type=\"text\/css\">\n       body {\n                     background: #DADADA;\n       }\n      <\/style>\n<p>     <\/head><br \/>\n     <body><br \/>\n<\/body><br \/>\n    <\/html><br \/>\n<script src=\"https:\/\/apis.google.com\/js\/plusone.js\" type=\"text\/javascript\">\/\/ < ![CDATA[ {lang: 'de'} \/\/ ]]><\/script><br \/>\n<script src=\"http:\/\/twittercounter.com\/embed\/?username=medienmagazin&amp;style=avatar\" type=\"text\/javascript\"><\/script><\/p>\n<p><noscript><a href=\"http:\/\/twittercounter.com\/medienmagazin\">medienmagazin on Twitter Counter<\/a><\/noscript><\/p>\n","protected":false},"excerpt":{"rendered":"<p>Gesamt-PodCast: No audio playback capabilities, please download the audio belowDownload Audio: Closed Format: MP3 Download (verlinkte Audio-Quelle bis zum 02.05.2021: rbb, radioeins) * via radioeins.de * via ARD-Audiothek * via ALEXA: &#8222;Alexa, spiele Medienmagazin von radioeins!&#8220; * via Google Home: &#8222;Ok, Google, spiele radioeins Medienmagazin!&#8220; [00:00] INTRO: ZDF-Team angegriffen | [02:23] Pressefreiheit im digitalen Raum [&hellip;]<\/p>\n","protected":false},"author":2,"featured_media":32866,"comment_status":"closed","ping_status":"open","sticky":false,"template":"","format":"standard","meta":{"_monsterinsights_skip_tracking":false,"_monsterinsights_sitenote_active":false,"_monsterinsights_sitenote_note":"","_monsterinsights_sitenote_category":0,"footnotes":""},"categories":[4],"tags":[1152,230,1113,27,1153],"class_list":["post-46850","post","type-post","status-publish","format-standard","has-post-thumbnail","hentry","category-medienmagazin","tag-assange","tag-ccc","tag-corona","tag-pressefreiheit","tag-snowden"],"_links":{"self":[{"href":"https:\/\/www.wwwagner.tv\/index.php?rest_route=\/wp\/v2\/posts\/46850","targetHints":{"allow":["GET"]}}],"collection":[{"href":"https:\/\/www.wwwagner.tv\/index.php?rest_route=\/wp\/v2\/posts"}],"about":[{"href":"https:\/\/www.wwwagner.tv\/index.php?rest_route=\/wp\/v2\/types\/post"}],"author":[{"embeddable":true,"href":"https:\/\/www.wwwagner.tv\/index.php?rest_route=\/wp\/v2\/users\/2"}],"replies":[{"embeddable":true,"href":"https:\/\/www.wwwagner.tv\/index.php?rest_route=%2Fwp%2Fv2%2Fcomments&post=46850"}],"version-history":[{"count":14,"href":"https:\/\/www.wwwagner.tv\/index.php?rest_route=\/wp\/v2\/posts\/46850\/revisions"}],"predecessor-version":[{"id":48851,"href":"https:\/\/www.wwwagner.tv\/index.php?rest_route=\/wp\/v2\/posts\/46850\/revisions\/48851"}],"wp:featuredmedia":[{"embeddable":true,"href":"https:\/\/www.wwwagner.tv\/index.php?rest_route=\/wp\/v2\/media\/32866"}],"wp:attachment":[{"href":"https:\/\/www.wwwagner.tv\/index.php?rest_route=%2Fwp%2Fv2%2Fmedia&parent=46850"}],"wp:term":[{"taxonomy":"category","embeddable":true,"href":"https:\/\/www.wwwagner.tv\/index.php?rest_route=%2Fwp%2Fv2%2Fcategories&post=46850"},{"taxonomy":"post_tag","embeddable":true,"href":"https:\/\/www.wwwagner.tv\/index.php?rest_route=%2Fwp%2Fv2%2Ftags&post=46850"}],"curies":[{"name":"wp","href":"https:\/\/api.w.org\/{rel}","templated":true}]}}