{"id":46888,"date":"2020-05-09T18:05:42","date_gmt":"2020-05-09T16:05:42","guid":{"rendered":"https:\/\/www.wwwagner.tv\/?p=46888"},"modified":"2020-05-12T13:10:34","modified_gmt":"2020-05-12T11:10:34","slug":"medienmagazin-vom-09-05-2020","status":"publish","type":"post","link":"https:\/\/www.wwwagner.tv\/?p=46888","title":{"rendered":"Medienmagazin vom 09.05.2020"},"content":{"rendered":"<div style=\"height: 10px;\"><\/div>\n<p>Gesamt-PodCast:<br \/>\n <audio   controls > <source src=\"https:\/\/rbbmediapmdp-a.akamaihd.net\/content\/e3\/c5\/e3c5a9fa-f6d8-4011-9053-e66c39ff1891\/e1c7fb03-2fc2-4bc6-adde-1dece28d5c19_d53bc55d-2c48-41a6-8e5e-8137102ab1a8.mp3\" type='audio\/mpeg' \/> <object   type=\"application\/x-shockwave-flash\"  data=\"https:\/\/www.wwwagner.tv\/wp-content\/plugins\/wphtml5player\/inc\/flowplayer.swf\"  width=\"400\"  height=\"30\"> <param name=\"movie\" value='https:\/\/www.wwwagner.tv\/wp-content\/plugins\/wphtml5player\/inc\/flowplayer.swf' \/><param name=\"allowfullscreen\" value='false' \/><param name=\"cachebusting\" value='true' \/><param name=\"bgcolor\" value='#000000' \/><param name=\"flashvars\" value='config={\"plugins\":{\"controls\":{\"height\":30,\"autoHide\":false,\"fullscreen\":false}},\"clip\":{\"autoPlay\":false,\"url\":\"https:\\\/\\\/rbbmediapmdp-a.akamaihd.net\\\/content\\\/e3\\\/c5\\\/e3c5a9fa-f6d8-4011-9053-e66c39ff1891\\\/e1c7fb03-2fc2-4bc6-adde-1dece28d5c19_d53bc55d-2c48-41a6-8e5e-8137102ab1a8.mp3\"},\"playlist\":[{\"autoPlay\":false,\"url\":\"https:\\\/\\\/rbbmediapmdp-a.akamaihd.net\\\/content\\\/e3\\\/c5\\\/e3c5a9fa-f6d8-4011-9053-e66c39ff1891\\\/e1c7fb03-2fc2-4bc6-adde-1dece28d5c19_d53bc55d-2c48-41a6-8e5e-8137102ab1a8.mp3\"}],\"play\":{\"opacity\":0}}' \/>  No audio playback capabilities, please download the audio below<br \/><strong>Download Audio:<\/strong> Closed Format: <a href=\"https:\/\/rbbmediapmdp-a.akamaihd.net\/content\/e3\/c5\/e3c5a9fa-f6d8-4011-9053-e66c39ff1891\/e1c7fb03-2fc2-4bc6-adde-1dece28d5c19_d53bc55d-2c48-41a6-8e5e-8137102ab1a8.mp3\">MP3<\/a> <\/object> <!-- Generated by HTML5 Multimedia Framework (http:\/\/code.google.com\/p\/html5videoplayer) --> <\/audio>  <br \/>\n<a href=\"https:\/\/rbbmediapmdp-a.akamaihd.net\/content\/e3\/c5\/e3c5a9fa-f6d8-4011-9053-e66c39ff1891\/e1c7fb03-2fc2-4bc6-adde-1dece28d5c19_d53bc55d-2c48-41a6-8e5e-8137102ab1a8.mp3\" target=\"_blank\" rel=\"noopener noreferrer\">Download<\/a><span style=\"color: #666666;\"> (verlinkte Audio-Quelle bis zum 09.05.2021: rbb, radioeins)<\/span><br \/>\n* via <a href=\"http:\/\/bit.ly\/UiK8m2\" rel=\"noopener noreferrer\" target=\"_blank\">radioeins.de<\/a><br \/>\n* via <a href=\"http:\/\/bit.ly\/2QPyw0c\" rel=\"noopener noreferrer\" target=\"_blank\">ARD-Audiothek<\/a><br \/>\n* via ALEXA: &#8222;Alexa, spiele Medienmagazin von radioeins!&#8220;<br \/>\n* via Google Home: &#8222;Ok, Google, spiele radioeins Medienmagazin!&#8220;<\/p>\n<div style=\"height: 10px;\"><\/div>\n<p>[00:00] INTRO: Reichssender Flensburg | [01:17] Erneuter Angriff auf Kamerateam &#8211; Felix Huesmann | [12:49] Making of &#8211; ARD-Doku \u201cKinder des Krieges\u201d &#8211; Olaf Jacobs\/ Elfie Walther | [25:44] Weltraumjournalismus und die russische Raumfahrt 75 Jahre nach Kriegsende &#8211; Gerhard Kowalski | [35:20] Corona und Kriegsrhetorik &#8211; Markus Reiter | [42:07] Bonus: Fortsetzung <a href=\"https:\/\/bit.ly\/2YZA65B\" rel=\"noopener noreferrer\" target=\"_blank\">Interview<\/a> mit Weltraumjournalist Gerhard Kowalski <\/p>\n<div style=\"height: 30px;\"><\/div>\n<hr \/>\n<p><u>INTRO Kapitulation<\/u><br \/>\nO-Ton: Reichssender Flensburg, 09.05.1945, 20:03 Uhr<\/p>\n<p><u>1. Erneuter Angriff auf Kamerateam<\/u><br \/>\nIn Berlin ist am 06.05.2020 ein Kamerateam bei Dreharbeiten \u00fcber eine Demonstration am Reichstag angegriffen worden. Mehrere Hundert Menschen hatten sich versammelt, um gegen das geplante neue Infektionsschutzgesetz zu protestieren. Nach \u201eL\u00fcgenpresse\u201c-Rufen griff ein Demonstrant ein Kamerateam der ARD an. Der Mann wurde von der Polizei \u00fcberw\u00e4ltigt und festgenommen. Am 1. Mai wurde bereits ein ZDF-Team von Demonstranten schwer attackiert.<br \/>\nSchaltgespr\u00e4ch mit O-T\u00f6nen:<br \/>\n* tagesschau24, 07.05.2020<br \/>\n* Attila Hildmann, Autor von Kochb\u00fcchern<br \/>\n* Demonstranten \u201cWir sind das Volk\u201d<br \/>\n* Demonstranten \u201cLasst ihn los!\u201d<br \/>\nAutor: Felix Huesmann (Comrex Opal, live)<\/p>\n<p><u>2. Making of &#8211; ARD-Doku \u201cKinder des Krieges\u201d<\/u><br \/>\nAm 8. Mai 1945 trat die bedingungslose Kapitulation Deutschlands im Zweiten Weltkrieg in Kraft. Noch leben Angeh\u00f6rige der Generation, die den Krieg miterlebten. Das multimediale ARD-Projekt &#8222;Kinder des Krieges&#8220; erz\u00e4hlt das Schl\u00fcsseljahr 1945 aus der Sicht der Kinder.<br \/>\nO-Ton: Ausschnitt Dokfilm \u201cKinder des Krieges\u201d<br \/>\nInterview mit Protagonistin Elfie Walther aus Delmenhorst, die am Kriegsende 17 Jahre alt war und Dokfilm-Produzent Olaf Jacobs (aufgezeichnet am 26.02.2020 w\u00e4hrend der Berlinale)<br \/>\nVgl.: <a href=\"https:\/\/www.daserste.de\/information\/reportage-dokumentation\/geschichte-im-ersten\/sendung\/kinder-des-krieges-100.html\" rel=\"noopener noreferrer\" target=\"_blank\">&#8222;Kinder des Krieges&#8220;<\/a><\/p>\n<p><u>3. Weltraumjournalismus und die russische Raumfahrt 75 Jahre nach Kriegsende<\/u><br \/>\nDie Siegesfeier Russlands am 9. Mai auf dem Roten Platz f\u00e4llt pandemiebedingt aus. Die russische Raumfahrt nutzte propagandistisch den Tag des Sieges mit der Namensnennung einer Rakete und dem Hochschicken einer Kopie der Siegesflagge, die auf dem Reichstag wehte. Allerdings ist die russische Raumfahrt von der Corona-Pandemie betroffen. Damit gehen die russischen Medien souver\u00e4n um.<br \/>\n<a href=\"https:\/\/bit.ly\/2YZA65B\" rel=\"noopener noreferrer\" target=\"_blank\">Interview<\/a> mit dem Weltraumjournalisten <a href=\"http:\/\/www.gerhardkowalski.com\/\" rel=\"noopener noreferrer\" target=\"_blank\">Gerhard Kowalski<\/a> (aufgezeichnet am 08.05.2020)<\/p>\n<p><u>4. Corona und Kriegsrhetorik<\/u><br \/>\nBegriffe wie &#8222;Krieg gegen das Virus&#8220; und &#8222;Dunkelziffer\u201c sind aus neurowissenschaftlicher Sicht problematisch. Auch Formulierungen wie \u201cDie neue Normalit\u00e4t\u201d sind nach Auffassung des Journalisten-Lehrers <a href=\"https:\/\/www.klardeutsch.de\/\" rel=\"noopener noreferrer\" target=\"_blank\">Markus Reiter<\/a> (u. a. ARD-ZDF-Medienakademie) und Experten f\u00fcr Neuro-Linguistik kritikw\u00fcrdig. Er kritisiert die emotionale Wirkung der journalistischen Sprache in Zeiten von Corona.<br \/>\nSchaltgespr\u00e4ch mit O-T\u00f6nen (Comrex Opal, live):<br \/>\n* Stefan Fries, mediasres, DLF, <a href=\"https:\/\/www.deutschlandfunk.de\/sagen-meinen-warum-ausgangsbeschraenkungen-kein-lockdown.2907.de.html?dram:article_id=476062\" rel=\"noopener noreferrer\" target=\"_blank\">29.04.2020<\/a><br \/>\n* Emmanuel Macron: &#8222;Nous sommes en guerre&#8220; contre le coronavirus &#8211; Covid-19<\/p>\n<div class=\"BorlabsCookie\">\n<div class=\"_brlbs-content-blocker\">\n<div class=\"_brlbs-embed _brlbs-video-youtube\"> <img decoding=\"async\" class=\"_brlbs-thumbnail\" src=\"https:\/\/www.wwwagner.tv\/wp-content\/plugins\/borlabs-cookie\/images\/cb-no-thumbnail.png\" alt=\"YouTube\"> <\/p>\n<div class=\"_brlbs-caption\">\n<p>Mit dem Laden des Videos akzeptieren Sie die Datenschutzerkl\u00e4rung von YouTube.<br \/><a href=\"https:\/\/policies.google.com\/privacy\" target=\"_blank\" rel=\"nofollow noopener noreferrer\">Mehr erfahren<\/a><\/p>\n<p><a class=\"_brlbs-btn _brlbs-icon-play-white\" href=\"#\" data-borlabs-cookie-unblock role=\"button\">Video laden<\/a><\/p>\n<p><label><input type=\"checkbox\" name=\"unblockAll\" value=\"1\" checked> <small>YouTube immer entsperren<\/small><\/label><\/p>\n<\/p><\/div>\n<\/p><\/div>\n<\/p><\/div>\n<div class=\"borlabs-hide\" data-borlabs-cookie-type=\"content-blocker\" data-borlabs-cookie-id=\"youtube\"><script type=\"text\/template\">PGlmcmFtZSB0aXRsZT0iRW1tYW51ZWwgTWFjcm9uIDogJnF1b3Q7Tm91cyBzb21tZXMgZW4gZ3VlcnJlJnF1b3Q7IGNvbnRyZSBsZSBjb3JvbmF2aXJ1cyAtIENvdmlkLTE5IiB3aWR0aD0iNjQwIiBoZWlnaHQ9IjM2MCIgc3JjPSJodHRwczovL3d3dy55b3V0dWJlLW5vY29va2llLmNvbS9lbWJlZC81d1l5SmNrR3JkYz9mZWF0dXJlPW9lbWJlZCIgZnJhbWVib3JkZXI9IjAiIGFsbG93PSJhY2NlbGVyb21ldGVyOyBhdXRvcGxheTsgY2xpcGJvYXJkLXdyaXRlOyBlbmNyeXB0ZWQtbWVkaWE7IGd5cm9zY29wZTsgcGljdHVyZS1pbi1waWN0dXJlOyB3ZWItc2hhcmUiIHJlZmVycmVycG9saWN5PSJzdHJpY3Qtb3JpZ2luLXdoZW4tY3Jvc3Mtb3JpZ2luIiBhbGxvd2Z1bGxzY3JlZW4+PC9pZnJhbWU+<\/script><\/div>\n<\/div>\n<p>* Weltbilder, NDR, <a href=\"https:\/\/www.ndr.de\/fernsehen\/sendungen\/weltbilder\/Weltbilder,sendung1020148.html\" rel=\"noopener noreferrer\" target=\"_blank\">28.04.2020<\/a><br \/>\n* Andrew Mark <a href=\"https:\/\/www.syracuse.com\/coronavirus\/2020\/03\/cuomo-were-going-to-kick-coronaviruss-ass.html\" rel=\"noopener noreferrer\" target=\"_blank\">Cuomo<\/a>, New Yorker Gouverneur <\/p>\n<p><u>PodCast-Bonus<\/u>:<br \/>\nFortsetzung: Interview mit dem Weltraumjournalisten Gerhard Kowalski (aufgezeichnet am 08.05.2020)<\/p>\n<hr \/>\n<div style=\"height: 20px;\"><\/div>\n<div class=\"BorlabsCookie\"><div class=\"_brlbs-content-blocker\"> <div class=\"_brlbs-default\"> <p>Klicken Sie auf den unteren Button, um den Inhalt von www.ardaudiothek.de zu laden.<\/p> <p><a class=\"_brlbs-btn\" href=\"#\" data-borlabs-cookie-unblock role=\"button\">Inhalt laden<\/a><\/p> <\/div> <\/div><div class=\"borlabs-hide\" data-borlabs-cookie-type=\"content-blocker\" data-borlabs-cookie-id=\"default\"><script type=\"text\/template\">PHA+PGlmcmFtZSBsb2FkaW5nPSJsYXp5IiBzcmM9Imh0dHBzOi8vd3d3LmFyZGF1ZGlvdGhlay5kZS9lbWJlZD9lcGlzb2RlPTc1NDY4NTA0IiB3aWR0aD0iMzIwcHgiIGhlaWdodD0iMTIwcHgiPjwvaWZyYW1lPjwvcD4=<\/script><\/div><\/div>\n<div style=\"height: 20px;\"><\/div>\n<p><img loading=\"lazy\" decoding=\"async\" src=\"https:\/\/www.wwwagner.tv\/wp-content\/uploads\/20200509_podcast_1024\u00d7512.jpg\" alt=\"\" width=\"1024\" height=\"512\" class=\"alignnone size-full wp-image-46887\" srcset=\"https:\/\/www.wwwagner.tv\/wp-content\/uploads\/20200509_podcast_1024\u00d7512.jpg 1024w, https:\/\/www.wwwagner.tv\/wp-content\/uploads\/20200509_podcast_1024\u00d7512-300x150.jpg 300w, https:\/\/www.wwwagner.tv\/wp-content\/uploads\/20200509_podcast_1024\u00d7512-768x384.jpg 768w\" sizes=\"auto, (max-width: 1024px) 100vw, 1024px\" \/><\/p>\n<hr \/>\n<div style=\"height: 5px;\"><\/div>\n<p><html><br \/>\n     <head><\/p>\n<style type=\"text\/css\">\n       body {\n                     background: #DADADA;\n       }\n      <\/style>\n<p>     <\/head><br \/>\n     <body><br \/>\n<\/body><br \/>\n    <\/html><br \/>\n<script src=\"https:\/\/apis.google.com\/js\/plusone.js\" type=\"text\/javascript\">\/\/ < ![CDATA[ {lang: 'de'} \/\/ ]]><\/script><br \/>\n<script src=\"http:\/\/twittercounter.com\/embed\/?username=medienmagazin&amp;style=avatar\" type=\"text\/javascript\"><\/script><\/p>\n<p><noscript><a href=\"http:\/\/twittercounter.com\/medienmagazin\">medienmagazin on Twitter Counter<\/a><\/noscript><\/p>\n","protected":false},"excerpt":{"rendered":"<p>Gesamt-PodCast: No audio playback capabilities, please download the audio belowDownload Audio: Closed Format: MP3 Download (verlinkte Audio-Quelle bis zum 09.05.2021: rbb, radioeins) * via radioeins.de * via ARD-Audiothek * via ALEXA: &#8222;Alexa, spiele Medienmagazin von radioeins!&#8220; * via Google Home: &#8222;Ok, Google, spiele radioeins Medienmagazin!&#8220; [00:00] INTRO: Reichssender Flensburg | [01:17] Erneuter Angriff auf Kamerateam [&hellip;]<\/p>\n","protected":false},"author":2,"featured_media":32866,"comment_status":"closed","ping_status":"open","sticky":false,"template":"","format":"standard","meta":{"_monsterinsights_skip_tracking":false,"_monsterinsights_sitenote_active":false,"_monsterinsights_sitenote_note":"","_monsterinsights_sitenote_category":0,"footnotes":""},"categories":[4],"tags":[1113,670,1157,113,1155,1158,1156,936],"class_list":["post-46888","post","type-post","status-publish","format-standard","has-post-thumbnail","hentry","category-medienmagazin","tag-corona","tag-gewalt","tag-grundrechte","tag-krieg","tag-rhetorik","tag-verschwoerungstheorie","tag-weltkrieg","tag-weltraum"],"_links":{"self":[{"href":"https:\/\/www.wwwagner.tv\/index.php?rest_route=\/wp\/v2\/posts\/46888","targetHints":{"allow":["GET"]}}],"collection":[{"href":"https:\/\/www.wwwagner.tv\/index.php?rest_route=\/wp\/v2\/posts"}],"about":[{"href":"https:\/\/www.wwwagner.tv\/index.php?rest_route=\/wp\/v2\/types\/post"}],"author":[{"embeddable":true,"href":"https:\/\/www.wwwagner.tv\/index.php?rest_route=\/wp\/v2\/users\/2"}],"replies":[{"embeddable":true,"href":"https:\/\/www.wwwagner.tv\/index.php?rest_route=%2Fwp%2Fv2%2Fcomments&post=46888"}],"version-history":[{"count":7,"href":"https:\/\/www.wwwagner.tv\/index.php?rest_route=\/wp\/v2\/posts\/46888\/revisions"}],"predecessor-version":[{"id":46909,"href":"https:\/\/www.wwwagner.tv\/index.php?rest_route=\/wp\/v2\/posts\/46888\/revisions\/46909"}],"wp:featuredmedia":[{"embeddable":true,"href":"https:\/\/www.wwwagner.tv\/index.php?rest_route=\/wp\/v2\/media\/32866"}],"wp:attachment":[{"href":"https:\/\/www.wwwagner.tv\/index.php?rest_route=%2Fwp%2Fv2%2Fmedia&parent=46888"}],"wp:term":[{"taxonomy":"category","embeddable":true,"href":"https:\/\/www.wwwagner.tv\/index.php?rest_route=%2Fwp%2Fv2%2Fcategories&post=46888"},{"taxonomy":"post_tag","embeddable":true,"href":"https:\/\/www.wwwagner.tv\/index.php?rest_route=%2Fwp%2Fv2%2Ftags&post=46888"}],"curies":[{"name":"wp","href":"https:\/\/api.w.org\/{rel}","templated":true}]}}