{"id":46936,"date":"2020-05-18T03:26:14","date_gmt":"2020-05-18T01:26:14","guid":{"rendered":"https:\/\/www.wwwagner.tv\/?p=46936"},"modified":"2020-05-19T03:01:05","modified_gmt":"2020-05-19T01:01:05","slug":"medienmagazin-vom-16-05-2020","status":"publish","type":"post","link":"https:\/\/www.wwwagner.tv\/?p=46936","title":{"rendered":"Medienmagazin vom 16.05.2020"},"content":{"rendered":"<div style=\"height: 10px;\"><\/div>\n<p>Gesamt-PodCast:<br \/>\n <audio   controls > <source src=\"https:\/\/rbbmediapmdp-a.akamaihd.net\/content\/28\/bc\/28bc98b0-492b-459d-bd23-bc6d171ef5b4\/8b822209-0232-4fac-ab48-936261d62065_9aaf6aba-ae63-4895-b9ee-f3054e8e7faa.mp3\" type='audio\/mpeg' \/> <object   type=\"application\/x-shockwave-flash\"  data=\"https:\/\/www.wwwagner.tv\/wp-content\/plugins\/wphtml5player\/inc\/flowplayer.swf\"  width=\"400\"  height=\"30\"> <param name=\"movie\" value='https:\/\/www.wwwagner.tv\/wp-content\/plugins\/wphtml5player\/inc\/flowplayer.swf' \/><param name=\"allowfullscreen\" value='false' \/><param name=\"cachebusting\" value='true' \/><param name=\"bgcolor\" value='#000000' \/><param name=\"flashvars\" value='config={\"plugins\":{\"controls\":{\"height\":30,\"autoHide\":false,\"fullscreen\":false}},\"clip\":{\"autoPlay\":false,\"url\":\"https:\\\/\\\/rbbmediapmdp-a.akamaihd.net\\\/content\\\/28\\\/bc\\\/28bc98b0-492b-459d-bd23-bc6d171ef5b4\\\/8b822209-0232-4fac-ab48-936261d62065_9aaf6aba-ae63-4895-b9ee-f3054e8e7faa.mp3\"},\"playlist\":[{\"autoPlay\":false,\"url\":\"https:\\\/\\\/rbbmediapmdp-a.akamaihd.net\\\/content\\\/28\\\/bc\\\/28bc98b0-492b-459d-bd23-bc6d171ef5b4\\\/8b822209-0232-4fac-ab48-936261d62065_9aaf6aba-ae63-4895-b9ee-f3054e8e7faa.mp3\"}],\"play\":{\"opacity\":0}}' \/>  No audio playback capabilities, please download the audio below<br \/><strong>Download Audio:<\/strong> Closed Format: <a href=\"https:\/\/rbbmediapmdp-a.akamaihd.net\/content\/28\/bc\/28bc98b0-492b-459d-bd23-bc6d171ef5b4\/8b822209-0232-4fac-ab48-936261d62065_9aaf6aba-ae63-4895-b9ee-f3054e8e7faa.mp3\">MP3<\/a> <\/object> <!-- Generated by HTML5 Multimedia Framework (http:\/\/code.google.com\/p\/html5videoplayer) --> <\/audio>  <br \/>\n<a href=\"https:\/\/rbbmediapmdp-a.akamaihd.net\/content\/28\/bc\/28bc98b0-492b-459d-bd23-bc6d171ef5b4\/8b822209-0232-4fac-ab48-936261d62065_9aaf6aba-ae63-4895-b9ee-f3054e8e7faa.mp3\" target=\"_blank\" rel=\"noopener noreferrer\">Download<\/a><span style=\"color: #666666;\"> (verlinkte Audio-Quelle bis zum 16.05.2021: rbb, radioeins)<\/span><br \/>\n* via <a href=\"http:\/\/bit.ly\/UiK8m2\" rel=\"noopener noreferrer\" target=\"_blank\">radioeins.de<\/a><br \/>\n* via <a href=\"http:\/\/bit.ly\/2QPyw0c\" rel=\"noopener noreferrer\" target=\"_blank\">ARD-Audiothek<\/a><br \/>\n* via ALEXA: &#8222;Alexa, spiele Medienmagazin von radioeins!&#8220;<br \/>\n* via Google Home: &#8222;Ok, Google, spiele radioeins Medienmagazin!&#8220;<\/p>\n<div style=\"height: 10px;\"><\/div>\n<p>[00:00] INTRO: Programmbeginn vom Berliner Rundfunk am 13.05.1945 | [01:49] Erh\u00f6hung des Rundfunkbeitrags vor dem Aus? | [09:30] Sparprogramm beim NDR | [22:08] Vor 75 Jahren &#8211; Berliner Rundfunk ging als erstes deutsches Radioprogramm im Nachkriegsdeutschland auf Sendung | [33:37] Demontage des Senders in Tegel | [40:44] Bonus: Hans Mahle \u00fcber seine <a href=\"https:\/\/www.wwwagner.tv\/?p=46951\" rel=\"noopener noreferrer\" target=\"_blank\">Absetzung<\/a>  als Generalintendant 1947 | [1:04:48] Bonus: welle370 vom 17.05.2020 zum Sender Tegel  <\/p>\n<div style=\"height: 30px;\"><\/div>\n<hr \/>\n<p><u>INTRO: \u201cHier spricht Berlin!\u201d<\/u><br \/>\nO-Ton: Berliner Rundfunk, 13.05.1945, 20 Uhr<br \/>\nQuelle: DRA<\/p>\n<p><u>1. Erh\u00f6hung des Rundfunkbeitrags vor dem Aus?<\/u><br \/>\n\u201eAufstand gegen Geb\u00fchren-Hammer\u201c schlagzeilt \u201eBild\u201c, aber auch die FAZ meldet: &#8222;CDU in drei L\u00e4ndern stellt sich gegen Erh\u00f6hung des Rundfunkbeitrags\u201c. Die Unionsfraktionen in drei Landtagen seien dagegen, den Rundfunkbeitrag von 17,50 Euro auf 18,36 Euro im Monat steigen zu lassen, wie das die unabh\u00e4ngige Finanzkommission KEF vorgeschlagen hatte. Die Sender sollten lieber st\u00e4rker sparen &#8211; gerade jetzt in Zeiten der Corona-Krise, in der B\u00fcrgerinnen und B\u00fcrger teils um ihre Existenz f\u00fcrchteten. Wie agiert die ARD?<br \/>\nSchaltgespr\u00e4ch mit O-T\u00f6nen von:<br \/>\n* Reiner Haseloff, Ministerpr\u00e4sident Sachsen-Anhalt, CDU<br \/>\n(Quelle: <a href=\"https:\/\/www.wwwagner.tv\/?p=45401\" rel=\"noopener noreferrer\" target=\"_blank\">rbb-Medienmagazin<\/a>, 22.02.2020)<br \/>\n* Tom Buhrow, ARD-Vorsitzender, WDR-Intendant<br \/>\nAutor: Daniel Bouhs (muPRO, live)<\/p>\n<p><u>2. Auswirkungen auch f\u00fcr die ARD: Sparprogramm beim NDR<\/u><br \/>\nSelbst eine Erh\u00f6hung des Rundfunkbeitrags reiche nicht, um alle Kosten zu decken, hei\u00dft es in Hamburg. Nach anderen Sendern legt auch der NDR ein umfassendes Sparpaket vor: 300 Millionen Euro will er in den n\u00e4chsten vier Jahren sparen und 200 Stellen in den n\u00e4chsten acht. Das hat auch Folgen f\u00fcrs Programm, im Dritten, aber auch im Ersten.<br \/>\nSchaltgespr\u00e4ch mit O-T\u00f6nen von:<br \/>\n* Ulrike Deike, NDR-Verwaltungsdirektorin NDR<br \/>\n* Bj\u00f6rn Siebke Ver.di, Gruppe NDR Hamburg<br \/>\n* Joachim Knuth, NDR-Intendant NDR<br \/>\nAutor: Daniel Bouhs (muPRO, live)<\/p>\n<p><u>3. Vor 75 Jahren &#8211; Berliner Rundfunk ging als erstes deutsches Radioprogramm im Nachkriegsdeutschland auf Sendung (1)<\/u><br \/>\n<a href=\"https:\/\/www.wwwagner.tv\/?p=46951\" rel=\"noopener noreferrer\" target=\"_blank\">Collage<\/a> mit O-T\u00f6nen von:<br \/>\n* Matth\u00e4us Klein (1911-1988), erster Sprecher des Berliner Rundfunks, Leiter der Personalabteilung, sp\u00e4terer Mitbegr\u00fcnder der Urania und langj\u00e4hriger Vizepr\u00e4sident<br \/>\n(Quelle: Privatarchiv, Aufnahme 1985)<br \/>\n* Hans Mahle (1911-1999), erster Nachkriegsintendant des Berliner Rundfunks zu den Anf\u00e4ngen des Berliner Rundfunk am 13.05.1945<br \/>\n(Quelle: Privatarchiv, Aufnahme 22.05.1997)<br \/>\n* Programmausschnitte, Berliner Rundfunk, 13.05.1945, 20 Uhr (Quelle: DRA)<br \/>\nAutor: J\u00f6rg Wagner<\/p>\n<p><u>4. Vor 75 Jahren &#8211; Berliner Rundfunk ging als erstes deutsches Radioprogramm im Nachkriegsdeutschland auf Sendung (2)<\/u><br \/>\nDa der Berliner Rundfunk seine anf\u00e4nglich propagierte Position, unabh\u00e4ngig zu sein, aufgab, die SED stark auf das Programm Einfluss nahm, kam es zum Konflikt mit den westlichen Besatzungsm\u00e4chten. Sender und Antenne standen im franz\u00f6sischen Sektor. Das Funkhaus in der Berliner Masurenallee lag im britischen Sektor und wurde von britischen Soldaten 1952 abgeriegelt. Bereits am 16.12.1948 eskalierte der Streit mit der franz\u00f6sischen Besatzungsmacht, die die zum Sender zugeh\u00f6rige Antenne in Tegel sprengen lie\u00df. Sowjetische und deutsche Techniker aus der SBZ demontierten den Mittelwellensender und verbrachten ihn nach K\u00f6nigs Wusterhausen, wo er auf dem Funkerberg im Senderhaus 2 wieder aufgebaut wurde. Er \u00fcbernahm dort drei Monate sp\u00e4ter als \u201eSender 21\u201c die Rundfunkverbreitung.<br \/>\nSchaltgespr\u00e4ch mit Rainer Suckow, Vorsitzender des F\u00f6rdervereins \u201eSender K\u00f6nigs Wusterhausen\u201c e.V. \u00fcber die Geschichte und Aufbewahrung des Originalsenders (Comrex Opal, live)<br \/>\nVgl.: <a href=\"https:\/\/100jahrerundfunk.de\/sender-21\/\" rel=\"noopener noreferrer\" target=\"_blank\">https:\/\/100jahrerundfunk.de\/sender-21\/<\/a><\/p>\n<p><u>PodCast-Bonus<\/u>:<br \/>\n* Hans Mahle zu seiner <a href=\"https:\/\/www.wwwagner.tv\/?p=46951\" rel=\"noopener noreferrer\" target=\"_blank\">Absetzung<\/a> als Generalintendant des Rundfunk in der SBZ, 1947<br \/>\n(Quelle: Privatarchiv, Aufnahme 22.05.1997)<br \/>\n* <a href=\"http:\/\/welle370.de\/\" rel=\"noopener noreferrer\" target=\"_blank\">welle370<\/a>, Ausgabe vom 17.05.2020, 14:00 Uhr zur Demontage des Senders in Tegel und Aufbau in K\u00f6nigs Wusterhausen<br \/>\n(mit freundlicher Genehmigung des F\u00f6rdervereins \u201eSender K\u00f6nigs Wusterhausen\u201c e.V.)<\/p>\n<hr \/>\n<div style=\"height: 20px;\"><\/div>\n<div class=\"BorlabsCookie\"><div class=\"_brlbs-content-blocker\"> <div class=\"_brlbs-default\"> <p>Klicken Sie auf den unteren Button, um den Inhalt von www.ardaudiothek.de zu laden.<\/p> <p><a class=\"_brlbs-btn\" href=\"#\" data-borlabs-cookie-unblock role=\"button\">Inhalt laden<\/a><\/p> <\/div> <\/div><div class=\"borlabs-hide\" data-borlabs-cookie-type=\"content-blocker\" data-borlabs-cookie-id=\"default\"><script type=\"text\/template\">PHA+PGlmcmFtZSBsb2FkaW5nPSJsYXp5IiBzcmM9Imh0dHBzOi8vd3d3LmFyZGF1ZGlvdGhlay5kZS9lbWJlZD9lcGlzb2RlPTc1NzMzMjgyIiB3aWR0aD0iMzIwcHgiIGhlaWdodD0iMTIwcHgiPjwvaWZyYW1lPjwvcD4=<\/script><\/div><\/div>\n<div style=\"height: 20px;\"><\/div>\n<p><img loading=\"lazy\" decoding=\"async\" src=\"https:\/\/www.wwwagner.tv\/wp-content\/uploads\/20200516_podcast_1024\u00d7512.jpg\" alt=\"\" width=\"1024\" height=\"512\" class=\"alignnone size-full wp-image-46937\" srcset=\"https:\/\/www.wwwagner.tv\/wp-content\/uploads\/20200516_podcast_1024\u00d7512.jpg 1024w, https:\/\/www.wwwagner.tv\/wp-content\/uploads\/20200516_podcast_1024\u00d7512-300x150.jpg 300w, https:\/\/www.wwwagner.tv\/wp-content\/uploads\/20200516_podcast_1024\u00d7512-768x384.jpg 768w\" sizes=\"auto, (max-width: 1024px) 100vw, 1024px\" \/><\/p>\n<hr \/>\n<div style=\"height: 5px;\"><\/div>\n<p><html><br \/>\n     <head><\/p>\n<style type=\"text\/css\">\n       body {\n                     background: #DADADA;\n       }\n      <\/style>\n<p>     <\/head><br \/>\n     <body><br \/>\n<\/body><br \/>\n    <\/html><br \/>\n<script src=\"https:\/\/apis.google.com\/js\/plusone.js\" type=\"text\/javascript\">\/\/ < ![CDATA[ {lang: 'de'} \/\/ ]]><\/script><br \/>\n<script src=\"http:\/\/twittercounter.com\/embed\/?username=medienmagazin&amp;style=avatar\" type=\"text\/javascript\"><\/script><\/p>\n<p><noscript><a href=\"http:\/\/twittercounter.com\/medienmagazin\">medienmagazin on Twitter Counter<\/a><\/noscript><\/p>\n","protected":false},"excerpt":{"rendered":"<p>Gesamt-PodCast: No audio playback capabilities, please download the audio belowDownload Audio: Closed Format: MP3 Download (verlinkte Audio-Quelle bis zum 16.05.2021: rbb, radioeins) * via radioeins.de * via ARD-Audiothek * via ALEXA: &#8222;Alexa, spiele Medienmagazin von radioeins!&#8220; * via Google Home: &#8222;Ok, Google, spiele radioeins Medienmagazin!&#8220; [00:00] INTRO: Programmbeginn vom Berliner Rundfunk am 13.05.1945 | [01:49] [&hellip;]<\/p>\n","protected":false},"author":2,"featured_media":32866,"comment_status":"closed","ping_status":"open","sticky":false,"template":"","format":"standard","meta":{"_monsterinsights_skip_tracking":false,"_monsterinsights_sitenote_active":false,"_monsterinsights_sitenote_note":"","_monsterinsights_sitenote_category":0,"footnotes":""},"categories":[4],"tags":[30,446,423],"class_list":["post-46936","post","type-post","status-publish","format-standard","has-post-thumbnail","hentry","category-medienmagazin","tag-ard","tag-ndr","tag-rundfunkbeitrag"],"_links":{"self":[{"href":"https:\/\/www.wwwagner.tv\/index.php?rest_route=\/wp\/v2\/posts\/46936","targetHints":{"allow":["GET"]}}],"collection":[{"href":"https:\/\/www.wwwagner.tv\/index.php?rest_route=\/wp\/v2\/posts"}],"about":[{"href":"https:\/\/www.wwwagner.tv\/index.php?rest_route=\/wp\/v2\/types\/post"}],"author":[{"embeddable":true,"href":"https:\/\/www.wwwagner.tv\/index.php?rest_route=\/wp\/v2\/users\/2"}],"replies":[{"embeddable":true,"href":"https:\/\/www.wwwagner.tv\/index.php?rest_route=%2Fwp%2Fv2%2Fcomments&post=46936"}],"version-history":[{"count":16,"href":"https:\/\/www.wwwagner.tv\/index.php?rest_route=\/wp\/v2\/posts\/46936\/revisions"}],"predecessor-version":[{"id":46971,"href":"https:\/\/www.wwwagner.tv\/index.php?rest_route=\/wp\/v2\/posts\/46936\/revisions\/46971"}],"wp:featuredmedia":[{"embeddable":true,"href":"https:\/\/www.wwwagner.tv\/index.php?rest_route=\/wp\/v2\/media\/32866"}],"wp:attachment":[{"href":"https:\/\/www.wwwagner.tv\/index.php?rest_route=%2Fwp%2Fv2%2Fmedia&parent=46936"}],"wp:term":[{"taxonomy":"category","embeddable":true,"href":"https:\/\/www.wwwagner.tv\/index.php?rest_route=%2Fwp%2Fv2%2Fcategories&post=46936"},{"taxonomy":"post_tag","embeddable":true,"href":"https:\/\/www.wwwagner.tv\/index.php?rest_route=%2Fwp%2Fv2%2Ftags&post=46936"}],"curies":[{"name":"wp","href":"https:\/\/api.w.org\/{rel}","templated":true}]}}