{"id":47685,"date":"2020-07-25T18:23:56","date_gmt":"2020-07-25T16:23:56","guid":{"rendered":"https:\/\/www.wwwagner.tv\/?p=47685"},"modified":"2023-05-31T00:44:53","modified_gmt":"2023-05-30T22:44:53","slug":"buch-tipp-power-to-the-people-wie-technologie-die-demokratie-veraendert-georg-diez-emanuel-heisenberg","status":"publish","type":"post","link":"https:\/\/www.wwwagner.tv\/?p=47685","title":{"rendered":"Buch-Tipp: &#8222;Power to the People\u201c &#8211; Wie Technologie die Demokratie ver\u00e4ndert | Georg Diez, Emanuel Heisenberg"},"content":{"rendered":"<p><figure id=\"attachment_47686\" aria-describedby=\"caption-attachment-47686\" style=\"width: 1100px\" class=\"wp-caption alignnone\"><img loading=\"lazy\" decoding=\"async\" src=\"https:\/\/www.wwwagner.tv\/wp-content\/uploads\/20200725_linss_vera_buch_technologie_1100\u00d7546.jpg\" alt=\"\" width=\"1100\" height=\"546\" class=\"size-full wp-image-47686\" srcset=\"https:\/\/www.wwwagner.tv\/wp-content\/uploads\/20200725_linss_vera_buch_technologie_1100\u00d7546.jpg 1100w, https:\/\/www.wwwagner.tv\/wp-content\/uploads\/20200725_linss_vera_buch_technologie_1100\u00d7546-300x149.jpg 300w, https:\/\/www.wwwagner.tv\/wp-content\/uploads\/20200725_linss_vera_buch_technologie_1100\u00d7546-768x381.jpg 768w\" sizes=\"auto, (max-width: 1100px) 100vw, 1100px\" \/><figcaption id=\"caption-attachment-47686\" class=\"wp-caption-text\">Vera Lin\u00df | Foto: \u00a9 J\u00f6rg Wagner<\/figcaption><\/figure><br \/>\n<span style=\"font-size: 11pt; font-family: tahoma,arial,helvetica,sans-serif;\"><\/p>\n<div style=\"height:20px;\"><\/div>\n<p>&#8222;<a href=\"https:\/\/www.hanser-literaturverlage.de\/buch\/power-to-the-people\/978-3-446-26417-5\/\" rel=\"noopener noreferrer\" target=\"_blank\">Power To The People<\/a>. Wie wir mit Technologie die Demokratie neu erfinden\u201c<br \/>\nVon Georg Diez, Emanuel Heisenberg<br \/>\n176 Seiten | 18 Euro | 13,99 (eBook)<br \/>\nVerlag: Hanser, Berlin 2020<br \/>\nISBN-13: 978-3-446-26417-5<br \/>\nErscheinungstag: 09.03.2020<\/p>\n<div style=\"height:10px;\"><\/div>\n<p><span style=\"font-size: 11pt; font-family: tahoma,arial,helvetica,sans-serif;\"><br \/>\nTechnologische Revolutionen haben Auswirkungen auf das gesellschaftliche Zusammenleben. Das gilt nat\u00fcrlich auch f\u00fcr die Digitalisierung. Damit die Demokratie gerettet werden kann, m\u00fcssen sich ihre Institutionen aber auf die ver\u00e4nderte Situation einstellen, fordern die Autoren. Und machen Vorschl\u00e4ge, wie es gelingen kann.<\/p>\n<p><\/span><\/p>\n<div style=\"height:20px;\"><\/div>\n <audio   controls > <source src=\"https:\/\/www.wwwagner.tv\/audio\/mm20200725_2.mp3\" type='audio\/mpeg' \/> <object   type=\"application\/x-shockwave-flash\"  data=\"https:\/\/www.wwwagner.tv\/wp-content\/plugins\/wphtml5player\/inc\/flowplayer.swf\"  width=\"400\"  height=\"30\"> <param name=\"movie\" value='https:\/\/www.wwwagner.tv\/wp-content\/plugins\/wphtml5player\/inc\/flowplayer.swf' \/><param name=\"allowfullscreen\" value='false' \/><param name=\"cachebusting\" value='true' \/><param name=\"bgcolor\" value='#000000' \/><param name=\"flashvars\" value='config={\"plugins\":{\"controls\":{\"height\":30,\"autoHide\":false,\"fullscreen\":false}},\"clip\":{\"autoPlay\":false,\"url\":\"https:\\\/\\\/www.wwwagner.tv\\\/audio\\\/mm20200725_2.mp3\"},\"playlist\":[{\"autoPlay\":false,\"url\":\"https:\\\/\\\/www.wwwagner.tv\\\/audio\\\/mm20200725_2.mp3\"}],\"play\":{\"opacity\":0}}' \/>  No audio playback capabilities, please download the audio below<br \/><strong>Download Audio:<\/strong> Closed Format: <a href=\"https:\/\/www.wwwagner.tv\/audio\/mm20200725_2.mp3\">MP3<\/a> <\/object> <!-- Generated by HTML5 Multimedia Framework (http:\/\/code.google.com\/p\/html5videoplayer) --> <\/audio>  \n<div style=\"height:20px;\"><\/div>\n<p><span style=\"font-size: 11pt; font-family: tahoma,arial,helvetica,sans-serif;\"><br \/>\n<u>Wer<\/u>:<br \/>\n* <a href=\"https:\/\/twitter.com\/verali\" target=\"_blank\" rel=\"noopener noreferrer\">Vera Lin\u00df<\/a>, freie Medienjournalistin<br \/>\n* J\u00f6rg Wagner (Moderation)<br \/>\n<u>Was<\/u>: Gespr\u00e4ch zum <a href=\"https:\/\/www.hanser-literaturverlage.de\/buch\/power-to-the-people\/978-3-446-26417-5\/\">Buch<\/a><br \/>\n<u>Wann<\/u>: <a href=\"https:\/\/www.wwwagner.tv\/?p=47680\" rel=\"noopener noreferrer\" target=\"_blank\">25.07.2020<\/a>, 18:23 Uhr im radioeins-Medienmagazin und im rbb Inforadio, 26.07.2020, 10:44\/17:44\/22:44 Uhr in einer gek\u00fcrzten Fassung<\/p>\n<div style=\"height:10px;\"><\/div>\n<p><span style=\"font-size: 11pt; font-family: tahoma,arial,helvetica,sans-serif;\"><br \/>\n<u>Vgl<\/u>.: Tilo Jung im radioeins-Medienmagazin vom <a href=\"https:\/\/www.wwwagner.tv\/?p=11852\" rel=\"noopener noreferrer\" target=\"_blank\">21.01.2012<\/a><\/p>\n<div style=\"height:30px;\"><\/div>\n<hr \/>\n<div style=\"height: 5px;\"><\/div>\n<p><html><br \/>\n     <head><\/p>\n<style type=\"text\/css\">\n       body {\n                     background: #DADADA;\n       }\n      <\/style>\n<p>     <\/head><br \/>\n     <body><br \/>\n<\/body><br \/>\n    <\/html><br \/>\n<script src=\"https:\/\/apis.google.com\/js\/plusone.js\" type=\"text\/javascript\">\/\/ < ![CDATA[ {lang: 'de'} \/\/ ]]><\/script><br \/>\n<script src=\"http:\/\/twittercounter.com\/embed\/?username=medienmagazin&amp;style=avatar\" type=\"text\/javascript\"><\/script><\/p>\n<p><noscript><a href=\"http:\/\/twittercounter.com\/medienmagazin\">medienmagazin on Twitter Counter<\/a><\/noscript><\/span><\/span><\/span><\/p>\n","protected":false},"excerpt":{"rendered":"<p>&#8222;Power To The People. Wie wir mit Technologie die Demokratie neu erfinden\u201c Von Georg Diez, Emanuel Heisenberg 176 Seiten | 18 Euro | 13,99 (eBook) Verlag: Hanser, Berlin 2020 ISBN-13: 978-3-446-26417-5 Erscheinungstag: 09.03.2020 Technologische Revolutionen haben Auswirkungen auf das gesellschaftliche Zusammenleben. Das gilt nat\u00fcrlich auch f\u00fcr die Digitalisierung. Damit die Demokratie gerettet werden kann, m\u00fcssen [&hellip;]<\/p>\n","protected":false},"author":2,"featured_media":0,"comment_status":"closed","ping_status":"open","sticky":false,"template":"","format":"standard","meta":{"_monsterinsights_skip_tracking":false,"_monsterinsights_sitenote_active":false,"_monsterinsights_sitenote_note":"","_monsterinsights_sitenote_category":0,"footnotes":""},"categories":[17],"tags":[660,220,1187],"class_list":["post-47685","post","type-post","status-publish","format-standard","hentry","category-aktuell","tag-demokratie","tag-digitale-gesellschaft","tag-technologie"],"_links":{"self":[{"href":"https:\/\/www.wwwagner.tv\/index.php?rest_route=\/wp\/v2\/posts\/47685","targetHints":{"allow":["GET"]}}],"collection":[{"href":"https:\/\/www.wwwagner.tv\/index.php?rest_route=\/wp\/v2\/posts"}],"about":[{"href":"https:\/\/www.wwwagner.tv\/index.php?rest_route=\/wp\/v2\/types\/post"}],"author":[{"embeddable":true,"href":"https:\/\/www.wwwagner.tv\/index.php?rest_route=\/wp\/v2\/users\/2"}],"replies":[{"embeddable":true,"href":"https:\/\/www.wwwagner.tv\/index.php?rest_route=%2Fwp%2Fv2%2Fcomments&post=47685"}],"version-history":[{"count":8,"href":"https:\/\/www.wwwagner.tv\/index.php?rest_route=\/wp\/v2\/posts\/47685\/revisions"}],"predecessor-version":[{"id":52985,"href":"https:\/\/www.wwwagner.tv\/index.php?rest_route=\/wp\/v2\/posts\/47685\/revisions\/52985"}],"wp:attachment":[{"href":"https:\/\/www.wwwagner.tv\/index.php?rest_route=%2Fwp%2Fv2%2Fmedia&parent=47685"}],"wp:term":[{"taxonomy":"category","embeddable":true,"href":"https:\/\/www.wwwagner.tv\/index.php?rest_route=%2Fwp%2Fv2%2Fcategories&post=47685"},{"taxonomy":"post_tag","embeddable":true,"href":"https:\/\/www.wwwagner.tv\/index.php?rest_route=%2Fwp%2Fv2%2Ftags&post=47685"}],"curies":[{"name":"wp","href":"https:\/\/api.w.org\/{rel}","templated":true}]}}