{"id":47746,"date":"2020-08-01T18:05:17","date_gmt":"2020-08-01T16:05:17","guid":{"rendered":"https:\/\/www.wwwagner.tv\/?p=47746"},"modified":"2020-11-09T22:56:23","modified_gmt":"2020-11-09T20:56:23","slug":"medienmagazin-vom-01-08-2020","status":"publish","type":"post","link":"https:\/\/www.wwwagner.tv\/?p=47746","title":{"rendered":"Medienmagazin vom 01.08.2020"},"content":{"rendered":"<div style=\"height: 10px;\"><\/div>\n<p>Gesamt-PodCast:<br \/>\n <audio   controls > <source src=\"https:\/\/rbbmediapmdp-a.akamaihd.net\/content\/25\/2f\/252ffa6e-6a43-43be-ae3e-7f0e405d7ded\/213a5ce6-ea73-4c41-80a5-11c4d0658573_12cf842f-ab01-444b-99f5-74b846dd7e64.mp3\" type='audio\/mpeg' \/> <object   type=\"application\/x-shockwave-flash\"  data=\"https:\/\/www.wwwagner.tv\/wp-content\/plugins\/wphtml5player\/inc\/flowplayer.swf\"  width=\"400\"  height=\"30\"> <param name=\"movie\" value='https:\/\/www.wwwagner.tv\/wp-content\/plugins\/wphtml5player\/inc\/flowplayer.swf' \/><param name=\"allowfullscreen\" value='false' \/><param name=\"cachebusting\" value='true' \/><param name=\"bgcolor\" value='#000000' \/><param name=\"flashvars\" value='config={\"plugins\":{\"controls\":{\"height\":30,\"autoHide\":false,\"fullscreen\":false}},\"clip\":{\"autoPlay\":false,\"url\":\"https:\\\/\\\/rbbmediapmdp-a.akamaihd.net\\\/content\\\/25\\\/2f\\\/252ffa6e-6a43-43be-ae3e-7f0e405d7ded\\\/213a5ce6-ea73-4c41-80a5-11c4d0658573_12cf842f-ab01-444b-99f5-74b846dd7e64.mp3\"},\"playlist\":[{\"autoPlay\":false,\"url\":\"https:\\\/\\\/rbbmediapmdp-a.akamaihd.net\\\/content\\\/25\\\/2f\\\/252ffa6e-6a43-43be-ae3e-7f0e405d7ded\\\/213a5ce6-ea73-4c41-80a5-11c4d0658573_12cf842f-ab01-444b-99f5-74b846dd7e64.mp3\"}],\"play\":{\"opacity\":0}}' \/>  No audio playback capabilities, please download the audio below<br \/><strong>Download Audio:<\/strong> Closed Format: <a href=\"https:\/\/rbbmediapmdp-a.akamaihd.net\/content\/25\/2f\/252ffa6e-6a43-43be-ae3e-7f0e405d7ded\/213a5ce6-ea73-4c41-80a5-11c4d0658573_12cf842f-ab01-444b-99f5-74b846dd7e64.mp3\">MP3<\/a> <\/object> <!-- Generated by HTML5 Multimedia Framework (http:\/\/code.google.com\/p\/html5videoplayer) --> <\/audio>  <br \/>\n<a href=\"https:\/\/rbbmediapmdp-a.akamaihd.net\/content\/25\/2f\/252ffa6e-6a43-43be-ae3e-7f0e405d7ded\/213a5ce6-ea73-4c41-80a5-11c4d0658573_12cf842f-ab01-444b-99f5-74b846dd7e64.mp3\" target=\"_blank\" rel=\"noopener noreferrer\">Download<\/a><span style=\"color: #666666;\"> (verlinkte Audio-Quelle bis zum 01.08.2021: rbb, radioeins)<\/span><br \/>\n* via <a href=\"http:\/\/bit.ly\/UiK8m2\" rel=\"noopener noreferrer\" target=\"_blank\">radioeins.de<\/a><br \/>\n* via <a href=\"http:\/\/bit.ly\/2QPyw0c\" rel=\"noopener noreferrer\" target=\"_blank\">ARD-Audiothek<\/a><br \/>\n* via ALEXA: &#8222;Alexa, spiele Medienmagazin von radioeins!&#8220;<br \/>\n* via Google Home: &#8222;Ok, Google, spiele radioeins Medienmagazin!&#8220;<\/p>\n<div style=\"height: 10px;\"><\/div>\n<p>[00:00] INTRO: Trump und \u201cTikTok\u201d | [02:39] <a href=\"https:\/\/www.wwwagner.tv\/?p=47800\" rel=\"noopener noreferrer\" target=\"_blank\">R\u00fccktritt<\/a> \u201cDJV Berlin-JVBB\u201d-Vorstand nach Leak | [23:17] Leak <a href=\"https:\/\/www.wwwagner.tv\/?p=47767\" rel=\"noopener noreferrer\" target=\"_blank\">\u201cSTRG_F\u201d<\/a> | [35:40] \u201cInas Nacht\u201d | [43:32] Bonus: #r1MM 26.06.2004 Michael Konken | [50:08] Bonus: #r1MM 10.07.2004 Manfred Volkmar | [56:34] Bonus: #r1MM 17.07.2004 Ulrike Kaiser | [1:02:34] Bonus: #r1MM 06.10.2007 JVBB-Gr\u00fcndung | [1:10:26] Bonus: #r1MM 12.02.2011 rbb-Rundfunkrat  | [1:20:52] Bonus: #r1MM 01.10.2011 DJV Berlin wird DJV Berlin-Brandenburg<\/p>\n<div style=\"height: 30px;\"><\/div>\n<hr \/>\n<p><u>INTRO<\/u>: Trump will TikTok verbieten<br \/>\nO-Ton-Collage: ZDF- und ARD-Nachrichten, 01.08.2020<\/p>\n<p><u>1. Krise nach Kalbitz-Interview: Vorstand des DJV Berlin-JVBB trat zur\u00fcck (1)<\/u>:<br \/>\nNach einer Pressever\u00f6ffentlichung der Berliner Zeitung zum Berliner Journalistenverband, die einen Konflikt innerhalb des Verbands zur Bewertung des rbb-Politik-am-See-Interviews mit dem AfD-Politiker Andreas Kalbitz ausmachte, erkl\u00e4rte in dieser Woche der Vorstand des DJV Berlin-JVBB seinen kollektiven R\u00fccktritt zum 01.09.2020 und entschied, f\u00fcr den Herbst Neuwahlen anzustreben. Ursache sei die Weitergabe eines internen Post- und Mailverkehrs, sowie von Gespr\u00e4chsinhalten aus DJV-Berlin-JVBB-Vorstandssitzungen an die Berliner Zeitung.<br \/>\n<a href=\"https:\/\/www.wwwagner.tv\/?p=47800\" rel=\"noopener noreferrer\" target=\"_blank\">Schaltgespr\u00e4ch<\/a> mit Christian Walther, Vorsitzender DJV-Berlin-JVBB (Comrex-Opal, live)<br \/>\nVgl.: Pressemitteilung vom DJV Berlin-JVBB, <a href=\"https:\/\/www.djv-berlin.de\/startseite\/info\/news\/aktuelles\/details\/news-vorstand-des-djv-berlin-jvbb-tritt-zurueck\" rel=\"noopener noreferrer\" target=\"_blank\">28.07.2020<\/a><\/p>\n<p><u>2. Verantwortung bei geleakten eMails &#8211; Vorstand des DJV Berlin-JVBB trat zur\u00fcck (2)<\/u>:<br \/>\n<a href=\"https:\/\/www.wwwagner.tv\/?p=47800\" rel=\"noopener noreferrer\" target=\"_blank\">Telefoninterview<\/a> mit Kai-Hinrich Renner, Medienjournalist, Berliner Zeitung (live)<br \/>\n* Berliner Zeitung, <a href=\"https:\/\/www.berliner-zeitung.de\/kultur-vergnuegen\/wie-das-kalbitz-interview-des-rbb-den-djv-berlin-jvbb-entzweite-li.93496\" rel=\"noopener noreferrer\" target=\"_blank\">16.07.2020<\/a>, 22:17<\/p>\n<p><u>3. Verantwortung und investigativer Journalismus: Funk-Format &#8222;STRG_F&#8220; mit Prozessbeeinflussung?<\/u>:<br \/>\nAuf YouTube hat das ARD-Funk-Format &#8222;STRG_F&#8220; Ausschnitte aus Vernehmungsvideos mit dem mutma\u00dflichen L\u00fcbcke-M\u00f6rder Stephan Ernst ver\u00f6ffentlicht. Welche Grundrechte sind h\u00f6her zu bewerten? Hat die \u00d6ffentlichkeit Anspruch auf diese Dokumente oder beeinflussen diese nicht f\u00fcr die \u00d6ffentlichkeit festgehaltenen Gespr\u00e4che die Wahrheitsfindung im gerade laufenden Prozess bzw. werden sogar Pers\u00f6nlichkeitsrechte verletzt?<br \/>\n<a href=\"https:\/\/www.wwwagner.tv\/?p=47767\" rel=\"noopener noreferrer\" target=\"_blank\">Telefoninterviews<\/a> mit:<br \/>\n* Prof. Dr. Christian Schertz, Medienanwalt<br \/>\n* Dietmar Schifferm\u00fcller, Redaktionsleiter &#8222;STRG_F&#8220;<br \/>\nO-T\u00f6ne mit:<br \/>\nHeike Borufka, Gerichtsreporterin des Hessischen Rundfunks<br \/>\nAusschnitt: &#8222;STRG_F&#8220;<br \/>\nAutor: Daniel Bouhs (Studio, live)<br \/>\nVgl.:<br \/>\n<div class=\"BorlabsCookie\"><div class=\"_brlbs-content-blocker\"> <div class=\"_brlbs-embed _brlbs-video-youtube\"> <img class=\"_brlbs-thumbnail\" src=\"https:\/\/www.wwwagner.tv\/wp-content\/plugins\/borlabs-cookie\/images\/cb-no-thumbnail.png\" alt=\"YouTube\"> <div class=\"_brlbs-caption\"> <p>Mit dem Laden des Videos akzeptieren Sie die Datenschutzerkl\u00e4rung von YouTube.<br><a href=\"https:\/\/policies.google.com\/privacy\" target=\"_blank\" rel=\"nofollow noopener noreferrer\">Mehr erfahren<\/a><\/p> <p><a class=\"_brlbs-btn _brlbs-icon-play-white\" href=\"#\" data-borlabs-cookie-unblock role=\"button\">Video laden<\/a><\/p> <p><label><input type=\"checkbox\" name=\"unblockAll\" value=\"1\" checked> <small>YouTube immer entsperren<\/small><\/label><\/p> <\/div> <\/div> <\/div><div class=\"borlabs-hide\" data-borlabs-cookie-type=\"content-blocker\" data-borlabs-cookie-id=\"youtube\"><script type=\"text\/template\">PGlmcmFtZSBsb2FkaW5nPSJsYXp5IiB3aWR0aD0iNTYwIiBoZWlnaHQ9IjMxNSIgc3JjPSJodHRwczovL3d3dy55b3V0dWJlLW5vY29va2llLmNvbS9lbWJlZC9sRjZfOHNBSFBaUSIgZnJhbWVib3JkZXI9IjAiIGFsbG93PSJhY2NlbGVyb21ldGVyOyBhdXRvcGxheTsgZW5jcnlwdGVkLW1lZGlhOyBneXJvc2NvcGU7IHBpY3R1cmUtaW4tcGljdHVyZSIgYWxsb3dmdWxsc2NyZWVuPjwvaWZyYW1lPjwvcD4=<\/script><\/div><\/div>\n<p><u>4. Enge und Intimit\u00e4t in der Pandemie -\u201eInas Nacht\u201c mit neuen Folgen<\/u>:<br \/>\nAb Ende Juli 2020 meldet sich &#8222;Inas Nacht\u201c-Moderatorin Ina M\u00fcller zur\u00fcck mit neuen G\u00e4sten und einem neuen Sendeplatz: Die Folgen laufen erstmals am Donnerstag und werden am Samstag zur gewohnten Zeit ebenfalls gesendet. Wie gelingt ein auf Enge und Intimit\u00e4t ausgerichtetes Konzept mit Hygiene-Regeln?<br \/>\nO-T\u00f6ne aus der aktuellen Folge (DasErste, ARD, 01.08.2020, 23:40 Uhr)<br \/>\nTelefoninterview mit Marcus Foag, Gesch\u00e4ftsf\u00fchrer und Corona-Beauftragter \u201cbeckground TV\u201d, Produktionsfirma von \u201cInas Nacht\u201d (live)<br \/>\nVgl.:<br \/>\n* &#8222;Inas Nacht&#8220; <a href=\"https:\/\/daserste.ndr.de\/inas_nacht\/sendetermine\/index.html\" rel=\"noopener noreferrer\" target=\"_blank\">Sendetermine<\/a><br \/>\n* &#8222;Inas Nacht&#8220; vom 30.07\/01.08.2020 in der ARD-<a href=\"https:\/\/www.ardmediathek.de\/ard\/video\/inas-nacht\/inas-nacht-mit-tim-maelzer-und-justin-leone\/das-erste\/Y3JpZDovL25kci5kZS9kMzIyOTBmYi00MWM2LTRlZjEtYmExMC00OGEyYjhiMDY2ZmE\/\" rel=\"noopener noreferrer\" target=\"_blank\">Mediathek<\/a><\/p>\n<div style=\"height: 10px;\"><\/div>\n<div style=\"height: 10px;\"><\/div>\n<p><u>PodCast-Bonus<\/u>:<br \/>\n\u00b0 Skandal um Berliner und Brandenburger DJV hat Konsequenzen: Ausschluss beider<br \/>\nLandesverb\u00e4nde und Neugr\u00fcndung<br \/>\nTelefoninterview mit Michael Konken, Bundesvorsitzender des Deutschen Journalistenverbands (DJV)<br \/>\nQuelle: Medienmagazin, radioeins, 26.06.2004 <\/p>\n<p>\u00b0 Zukunft der Berliner Journalistenschule ungewi\u00df &#8211; Im Streit des<br \/>\nDJV-Bundesvorstands mit seinen Landesverb\u00e4nden Berlin und Brandenburg scheint<br \/>\ndie Berliner Journalistenschule wegen Imageschaden und ausgehender Finanzen das<br \/>\nerste Opfer.<br \/>\nTelefoninterview mit Manfred Volkmar, Leiter der Schule<br \/>\nQuelle: Medienmagazin, radioeins, 10.07.2004<\/p>\n<p>\u00b0 Die Entscheidung und wie weiter? &#8211; au\u00dferordentlicher DJV-Verbandstag zum<br \/>\nAusschlu\u00df der Landesverb\u00e4nde Berlin und Brandenburg<br \/>\nTelefoninterview mit Ulrike Kaiser, Chefredakteurin &#8222;journalist&#8220;<br \/>\nQuelle: Medienmagazin, radioeins, 17.07.2004<\/p>\n<p>\u00b0 Aus vier mach drei &#8211; zwei Landesverb\u00e4nde des DJV in Berlin und Brandenburg vereinigt<br \/>\nInterview mit den Vorsitzenden Thomas Mensinger (Brandenburger Journalisten-Verband), Gerhard Kothy (Verein Berliner Journalisten) und Michael Konken, DJV-Vorsitzender<br \/>\nQuelle: Medienmagazin, radioeins, 06.10.2007<\/p>\n<p>\u00b0 rbb hat neuen Rundfunkrat &#8211; ein Gremienstuhl bleibt leer<br \/>\nInterview mit dem alten und neuen rbb-Rundfunkratsvorsitzenden Hans Helmut Prinzler, Filmhistoriker<br \/>\nStatements:<br \/>\n* Bernd Lammel, stellv. Vorsitzender DJV Berlin<br \/>\n* Hans Werner Conen, Vorsitzender DJV Brandenburg<br \/>\n* Michael Rediske, stellv. Vorsitzender JVBB<br \/>\nQuelle: Medienmagazin, radioeins, Inforadio, 12.\/13.02.2011<\/p>\n<p>\u00b0 DJV Berlin mit Namens\u00e4nderung in DJV Berlin-Brandenburg und Fusionsw\u00fcnschen<br \/>\nDer DJV Berlin bekennt sich zu einer Fusion mit dem Journalistenverband Berlin Brandenburg im DJV (JVBB) und w\u00e4hlte einen neuen Vorsitzenden.<br \/>\nDer DJV Brandenburg existiert weiter.<br \/>\nIm Studio: Steffen Grimberg, taz-Medienjournalist<br \/>\nInterview mit Bernd Lammel, neuer Vorsitzender des DJV Berlin-Brandenburg<br \/>\nQuelle: Medienmagazin, radioeins, 01.10.2011<\/p>\n<hr \/>\n<div style=\"height: 20px;\"><\/div>\n<div class=\"BorlabsCookie\"><div class=\"_brlbs-content-blocker\"> <div class=\"_brlbs-default\"> <p>Klicken Sie auf den unteren Button, um den Inhalt von www.ardaudiothek.de zu laden.<\/p> <p><a class=\"_brlbs-btn\" href=\"#\" data-borlabs-cookie-unblock role=\"button\">Inhalt laden<\/a><\/p> <\/div> <\/div><div class=\"borlabs-hide\" data-borlabs-cookie-type=\"content-blocker\" data-borlabs-cookie-id=\"default\"><script type=\"text\/template\">PHA+PGlmcmFtZSBsb2FkaW5nPSJsYXp5IiBzcmM9Imh0dHBzOi8vd3d3LmFyZGF1ZGlvdGhlay5kZS9lbWJlZD9lcGlzb2RlPTc4NDU2MDg2IiB3aWR0aD0iMzIwcHgiIGhlaWdodD0iMTIwcHgiPjwvaWZyYW1lPjwvcD4=<\/script><\/div><\/div>\n<div style=\"height: 20px;\"><\/div>\n<p><img loading=\"lazy\" decoding=\"async\" src=\"https:\/\/www.wwwagner.tv\/wp-content\/uploads\/20200801_podcast_1024\u00d7512.jpg\" alt=\"\" width=\"1024\" height=\"512\" class=\"alignnone size-full wp-image-47761\" srcset=\"https:\/\/www.wwwagner.tv\/wp-content\/uploads\/20200801_podcast_1024\u00d7512.jpg 1024w, https:\/\/www.wwwagner.tv\/wp-content\/uploads\/20200801_podcast_1024\u00d7512-300x150.jpg 300w, https:\/\/www.wwwagner.tv\/wp-content\/uploads\/20200801_podcast_1024\u00d7512-768x384.jpg 768w\" sizes=\"auto, (max-width: 1024px) 100vw, 1024px\" \/><\/p>\n<hr \/>\n<div style=\"height: 5px;\"><\/div>\n<p><html><br \/>\n     <head><\/p>\n<style type=\"text\/css\">\n       body {\n                     background: #DADADA;\n       }\n      <\/style>\n<p>     <\/head><br \/>\n     <body><br \/>\n<\/body><br \/>\n    <\/html><br \/>\n<script src=\"https:\/\/apis.google.com\/js\/plusone.js\" type=\"text\/javascript\">\/\/ < ![CDATA[ {lang: 'de'} \/\/ ]]><\/script><br \/>\n<script src=\"http:\/\/twittercounter.com\/embed\/?username=medienmagazin&amp;style=avatar\" type=\"text\/javascript\"><\/script><\/p>\n<p><noscript><a href=\"http:\/\/twittercounter.com\/medienmagazin\">medienmagazin on Twitter Counter<\/a><\/noscript><\/p>\n","protected":false},"excerpt":{"rendered":"<p>Gesamt-PodCast: No audio playback capabilities, please download the audio belowDownload Audio: Closed Format: MP3 Download (verlinkte Audio-Quelle bis zum 01.08.2021: rbb, radioeins) * via radioeins.de * via ARD-Audiothek * via ALEXA: &#8222;Alexa, spiele Medienmagazin von radioeins!&#8220; * via Google Home: &#8222;Ok, Google, spiele radioeins Medienmagazin!&#8220; [00:00] INTRO: Trump und \u201cTikTok\u201d | [02:39] R\u00fccktritt \u201cDJV Berlin-JVBB\u201d-Vorstand [&hellip;]<\/p>\n","protected":false},"author":2,"featured_media":32866,"comment_status":"closed","ping_status":"open","sticky":false,"template":"","format":"standard","meta":{"_monsterinsights_skip_tracking":false,"_monsterinsights_sitenote_active":false,"_monsterinsights_sitenote_note":"","_monsterinsights_sitenote_category":0,"footnotes":""},"categories":[4],"tags":[1113,269,1189],"class_list":["post-47746","post","type-post","status-publish","format-standard","has-post-thumbnail","hentry","category-medienmagazin","tag-corona","tag-djv","tag-strg_f"],"_links":{"self":[{"href":"https:\/\/www.wwwagner.tv\/index.php?rest_route=\/wp\/v2\/posts\/47746","targetHints":{"allow":["GET"]}}],"collection":[{"href":"https:\/\/www.wwwagner.tv\/index.php?rest_route=\/wp\/v2\/posts"}],"about":[{"href":"https:\/\/www.wwwagner.tv\/index.php?rest_route=\/wp\/v2\/types\/post"}],"author":[{"embeddable":true,"href":"https:\/\/www.wwwagner.tv\/index.php?rest_route=\/wp\/v2\/users\/2"}],"replies":[{"embeddable":true,"href":"https:\/\/www.wwwagner.tv\/index.php?rest_route=%2Fwp%2Fv2%2Fcomments&post=47746"}],"version-history":[{"count":20,"href":"https:\/\/www.wwwagner.tv\/index.php?rest_route=\/wp\/v2\/posts\/47746\/revisions"}],"predecessor-version":[{"id":48387,"href":"https:\/\/www.wwwagner.tv\/index.php?rest_route=\/wp\/v2\/posts\/47746\/revisions\/48387"}],"wp:featuredmedia":[{"embeddable":true,"href":"https:\/\/www.wwwagner.tv\/index.php?rest_route=\/wp\/v2\/media\/32866"}],"wp:attachment":[{"href":"https:\/\/www.wwwagner.tv\/index.php?rest_route=%2Fwp%2Fv2%2Fmedia&parent=47746"}],"wp:term":[{"taxonomy":"category","embeddable":true,"href":"https:\/\/www.wwwagner.tv\/index.php?rest_route=%2Fwp%2Fv2%2Fcategories&post=47746"},{"taxonomy":"post_tag","embeddable":true,"href":"https:\/\/www.wwwagner.tv\/index.php?rest_route=%2Fwp%2Fv2%2Ftags&post=47746"}],"curies":[{"name":"wp","href":"https:\/\/api.w.org\/{rel}","templated":true}]}}