{"id":47965,"date":"2020-09-05T18:05:06","date_gmt":"2020-09-05T16:05:06","guid":{"rendered":"https:\/\/www.wwwagner.tv\/?p=47965"},"modified":"2020-09-07T06:34:01","modified_gmt":"2020-09-07T04:34:01","slug":"medienmagazin-vom-05-09-2020","status":"publish","type":"post","link":"https:\/\/www.wwwagner.tv\/?p=47965","title":{"rendered":"Medienmagazin vom 05.09.2020"},"content":{"rendered":"<div style=\"height: 10px;\"><\/div>\n<p>Gesamt-PodCast:<br \/>\n <audio   controls > <source src=\"https:\/\/rbbmediapmdp-a.akamaihd.net\/content\/dd\/2f\/dd2f5c07-1f2a-4497-9847-fe6b4dcf1e03\/2c5a907d-0923-4f4b-a566-1dc8a54a4c89_bc6ce10d-9f5b-4978-b4aa-04a9abfe9db1.mp3\" type='audio\/mpeg' \/> <object   type=\"application\/x-shockwave-flash\"  data=\"https:\/\/www.wwwagner.tv\/wp-content\/plugins\/wphtml5player\/inc\/flowplayer.swf\"  width=\"400\"  height=\"30\"> <param name=\"movie\" value='https:\/\/www.wwwagner.tv\/wp-content\/plugins\/wphtml5player\/inc\/flowplayer.swf' \/><param name=\"allowfullscreen\" value='false' \/><param name=\"cachebusting\" value='true' \/><param name=\"bgcolor\" value='#000000' \/><param name=\"flashvars\" value='config={\"plugins\":{\"controls\":{\"height\":30,\"autoHide\":false,\"fullscreen\":false}},\"clip\":{\"autoPlay\":false,\"url\":\"https:\\\/\\\/rbbmediapmdp-a.akamaihd.net\\\/content\\\/dd\\\/2f\\\/dd2f5c07-1f2a-4497-9847-fe6b4dcf1e03\\\/2c5a907d-0923-4f4b-a566-1dc8a54a4c89_bc6ce10d-9f5b-4978-b4aa-04a9abfe9db1.mp3\"},\"playlist\":[{\"autoPlay\":false,\"url\":\"https:\\\/\\\/rbbmediapmdp-a.akamaihd.net\\\/content\\\/dd\\\/2f\\\/dd2f5c07-1f2a-4497-9847-fe6b4dcf1e03\\\/2c5a907d-0923-4f4b-a566-1dc8a54a4c89_bc6ce10d-9f5b-4978-b4aa-04a9abfe9db1.mp3\"}],\"play\":{\"opacity\":0}}' \/>  No audio playback capabilities, please download the audio below<br \/><strong>Download Audio:<\/strong> Closed Format: <a href=\"https:\/\/rbbmediapmdp-a.akamaihd.net\/content\/dd\/2f\/dd2f5c07-1f2a-4497-9847-fe6b4dcf1e03\/2c5a907d-0923-4f4b-a566-1dc8a54a4c89_bc6ce10d-9f5b-4978-b4aa-04a9abfe9db1.mp3\">MP3<\/a> <\/object> <!-- Generated by HTML5 Multimedia Framework (http:\/\/code.google.com\/p\/html5videoplayer) --> <\/audio>  <br \/>\n<a href=\"https:\/\/rbbmediapmdp-a.akamaihd.net\/content\/dd\/2f\/dd2f5c07-1f2a-4497-9847-fe6b4dcf1e03\/2c5a907d-0923-4f4b-a566-1dc8a54a4c89_bc6ce10d-9f5b-4978-b4aa-04a9abfe9db1.mp3\" target=\"_blank\" rel=\"noopener noreferrer\">Download<\/a><span style=\"color: #666666;\"> (verlinkte Audio-Quelle bis zum 05.09.2021: rbb, radioeins)<\/span><br \/>\n* via <a href=\"http:\/\/bit.ly\/UiK8m2\" rel=\"noopener noreferrer\" target=\"_blank\">radioeins.de<\/a><br \/>\n* via <a href=\"http:\/\/bit.ly\/2QPyw0c\" rel=\"noopener noreferrer\" target=\"_blank\">ARD-Audiothek<\/a><br \/>\n* via ALEXA: &#8222;Alexa, spiele Medienmagazin von radioeins!&#8220;<br \/>\n* via Google Home: &#8222;Ok, Google, spiele radioeins Medienmagazin!&#8220;<\/p>\n<div style=\"height: 10px;\"><\/div>\n<p>[00:00] INTRO: Meinung statt Kommentar | [01:38] tagesthemen mit Ver\u00e4nderungen &#8211; <a href=\"https:\/\/www.wwwagner.tv\/?p=47946\" rel=\"noopener noreferrer\" target=\"_blank\">Marcus Bornheim<\/a> | [12:13] IFA mit Maske (1) &#8211; IFA-Direktoren Jens Heithecker und Dirk Koslowski | [19:34] IFA mit Maske (2) &#8211; Messerundgang | [55:11] Tour de France mit Abstand | [1:02:53] OUTRO | [1:04:40] Bonus: Interview IFA-Direktor Dirk Koslowski<\/p>\n<div style=\"height: 10px;\"><\/div>\n<div style=\"height: 20px;\"><\/div>\n<div style=\"height: 20px;\"><\/div>\n<div style=\"height: 20px;\"><\/div>\n<hr \/>\n<div style=\"height:20px;\"><\/div>\n<p><span style=\"font-size: 11pt; font-family: tahoma,arial,helvetica,sans-serif;\"><br \/>\n<u>INTRO: Meinung statt Kommentar<\/u><br \/>\nO-Ton: Caren Miosga, DasErste\/ARD, tagesthemen, 01.09.2020<\/p>\n<div style=\"height: 10px;\"><\/div>\n<p><span style=\"font-size: 11pt; font-family: tahoma,arial,helvetica,sans-serif;\"><br \/>\n<u>1. tagesthemen mit neuer Kennzeichnung f\u00fcr den Kommentar als \u201eMeinung\u201c<\/u><br \/>\n<a href=\"https:\/\/www.wwwagner.tv\/?p=47946\" rel=\"noopener noreferrer\" target=\"_blank\">Schaltgespr\u00e4ch<\/a> mit Marcus Bornheim (muPro, live), Erster Chefredakteur ARD aktuell<br \/>\nAutoren: Daniel Bouhs\/J\u00f6rg Wagner (live)<\/p>\n<div style=\"height: 10px;\"><\/div>\n<p><span style=\"font-size: 11pt; font-family: tahoma,arial,helvetica,sans-serif;\"><br \/>\n<u>2. IFA mit Maske &#8211; Innovationen vor ausgew\u00e4hltem Publikum<\/u><br \/>\nDie diesj\u00e4hrige IFA pr\u00e4sentiert vor Fachpublikum und einigen Pressevertretern eine Pandemie-Ausgabe der IFA<br \/>\nInterviews mit<br \/>\n* Jens Heithecker, \u200eExecutive Vice President Messe Berlin Group, IFA Executive Director<br \/>\n* Dirk Koslowski, IFA-Director<br \/>\n* Nick Sohnemann, Future Candy<br \/>\n* Huawei<br \/>\n* Martin Schaarschmidt, ReSound<br \/>\n* Peter Radl, Marketing JVCKenwood Deutschland GmbH<br \/>\n* Jeanne Trommer, Zentrum f\u00fcr geistiges Eigentum, TU Berlin<br \/>\nAutor: J\u00f6rg Wagner<\/p>\n<div style=\"height: 10px;\"><\/div>\n<p><span style=\"font-size: 11pt; font-family: tahoma,arial,helvetica,sans-serif;\"><br \/>\n<u>3. Tour de France: Sportjournalismus auf Abstand<\/u><br \/>\nDer Radsport geh\u00f6rt eigentlich zu den wenigen Sportarten, bei denen sich Journalist*innen noch frei bewegen k\u00f6nnen. Das ist jetzt auch bei der Tour de France anders: Die Radteams leben in eigenen Blasen. Kontakt zu Medien haben sie nur noch sehr eingeschr\u00e4nkt. Alle wollen sicher bis nach Paris kommen. Was hei\u00dft das f\u00fcr die Berichterstattung?<br \/>\nStudiogespr\u00e4ch mit O-T\u00f6nen von:<br \/>\n* Christian Prudhomme, Direktor Tour de France<br \/>\n* Moritz Cassalette, Tour-Reporter ARD<br \/>\n* Johannes Aum\u00fcller, &#8222;S\u00fcddeutsche Zeitung&#8220;<br \/>\n* Emanuel Reinke, Sportinformationsdienst (SID)<br \/>\nAutor: Daniel Bouhs (live)<\/p>\n<div style=\"height: 10px;\"><\/div>\n<p><span style=\"font-size: 11pt; font-family: tahoma,arial,helvetica,sans-serif;\"><br \/>\n<u>PodCast-Bonus<\/u>:<br \/>\nInterview mit Dirk Koslowski, IFA-Direktor, 04.09.2020<\/p>\n<div style=\"height:10px;\"><\/div>\n<div class=\"BorlabsCookie\"><div class=\"_brlbs-content-blocker\"> <div class=\"_brlbs-embed _brlbs-video-youtube\"> <img class=\"_brlbs-thumbnail\" src=\"https:\/\/www.wwwagner.tv\/wp-content\/plugins\/borlabs-cookie\/images\/cb-no-thumbnail.png\" alt=\"YouTube\"> <div class=\"_brlbs-caption\"> <p>Mit dem Laden des Videos akzeptieren Sie die Datenschutzerkl\u00e4rung von YouTube.<br><a href=\"https:\/\/policies.google.com\/privacy\" target=\"_blank\" rel=\"nofollow noopener noreferrer\">Mehr erfahren<\/a><\/p> <p><a class=\"_brlbs-btn _brlbs-icon-play-white\" href=\"#\" data-borlabs-cookie-unblock role=\"button\">Video laden<\/a><\/p> <p><label><input type=\"checkbox\" name=\"unblockAll\" value=\"1\" checked> <small>YouTube immer entsperren<\/small><\/label><\/p> <\/div> <\/div> <\/div><div class=\"borlabs-hide\" data-borlabs-cookie-type=\"content-blocker\" data-borlabs-cookie-id=\"youtube\"><script type=\"text\/template\">PHA+PGlmcmFtZSBsb2FkaW5nPSJsYXp5IiB3aWR0aD0iNTYwIiBoZWlnaHQ9IjMxNSIgc3JjPSJodHRwczovL3d3dy55b3V0dWJlLW5vY29va2llLmNvbS9lbWJlZC9ILUc1a1BTaFBwNCIgZnJhbWVib3JkZXI9IjAiIGFsbG93PSJhY2NlbGVyb21ldGVyOyBhdXRvcGxheTsgZW5jcnlwdGVkLW1lZGlhOyBneXJvc2NvcGU7IHBpY3R1cmUtaW4tcGljdHVyZSIgYWxsb3dmdWxsc2NyZWVuPjwvaWZyYW1lPjwvcD4=<\/script><\/div><\/div>\n<div style=\"height:10px;\"><\/div>\n<hr \/>\n<p><img loading=\"lazy\" decoding=\"async\" src=\"https:\/\/www.wwwagner.tv\/wp-content\/uploads\/20200905_podcast_1024\u00d7512.jpg\" alt=\"\" width=\"1024\" height=\"512\" class=\"alignnone size-full wp-image-47966\" srcset=\"https:\/\/www.wwwagner.tv\/wp-content\/uploads\/20200905_podcast_1024\u00d7512.jpg 1024w, https:\/\/www.wwwagner.tv\/wp-content\/uploads\/20200905_podcast_1024\u00d7512-300x150.jpg 300w, https:\/\/www.wwwagner.tv\/wp-content\/uploads\/20200905_podcast_1024\u00d7512-768x384.jpg 768w\" sizes=\"auto, (max-width: 1024px) 100vw, 1024px\" \/><\/p>\n<div style=\"height: 5px;\"><\/div>\n<p><html><br \/>\n     <head><\/p>\n<style type=\"text\/css\">\n       body {\n                     background: #DADADA;\n       }\n      <\/style>\n<p>     <\/head><br \/>\n     <body><br \/>\n<\/body><br \/>\n    <\/html><br \/>\n<script src=\"https:\/\/apis.google.com\/js\/plusone.js\" type=\"text\/javascript\">\/\/ < ![CDATA[ {lang: 'de'} \/\/ ]]><\/script><br \/>\n<script src=\"http:\/\/twittercounter.com\/embed\/?username=medienmagazin&amp;style=avatar\" type=\"text\/javascript\"><\/script><\/p>\n<p><noscript><a href=\"http:\/\/twittercounter.com\/medienmagazin\">medienmagazin on Twitter Counter<\/a><\/noscript><\/span><\/span><\/span><\/span><\/span><\/p>\n","protected":false},"excerpt":{"rendered":"<p>Gesamt-PodCast: No audio playback capabilities, please download the audio belowDownload Audio: Closed Format: MP3 Download (verlinkte Audio-Quelle bis zum 05.09.2021: rbb, radioeins) * via radioeins.de * via ARD-Audiothek * via ALEXA: &#8222;Alexa, spiele Medienmagazin von radioeins!&#8220; * via Google Home: &#8222;Ok, Google, spiele radioeins Medienmagazin!&#8220; [00:00] INTRO: Meinung statt Kommentar | [01:38] tagesthemen mit Ver\u00e4nderungen [&hellip;]<\/p>\n","protected":false},"author":2,"featured_media":32866,"comment_status":"closed","ping_status":"open","sticky":false,"template":"","format":"standard","meta":{"_monsterinsights_skip_tracking":false,"_monsterinsights_sitenote_active":false,"_monsterinsights_sitenote_note":"","_monsterinsights_sitenote_category":0,"footnotes":""},"categories":[4],"tags":[241,544,556],"class_list":["post-47965","post","type-post","status-publish","format-standard","has-post-thumbnail","hentry","category-medienmagazin","tag-ifa","tag-tagesthemen","tag-tour-de-france"],"_links":{"self":[{"href":"https:\/\/www.wwwagner.tv\/index.php?rest_route=\/wp\/v2\/posts\/47965","targetHints":{"allow":["GET"]}}],"collection":[{"href":"https:\/\/www.wwwagner.tv\/index.php?rest_route=\/wp\/v2\/posts"}],"about":[{"href":"https:\/\/www.wwwagner.tv\/index.php?rest_route=\/wp\/v2\/types\/post"}],"author":[{"embeddable":true,"href":"https:\/\/www.wwwagner.tv\/index.php?rest_route=\/wp\/v2\/users\/2"}],"replies":[{"embeddable":true,"href":"https:\/\/www.wwwagner.tv\/index.php?rest_route=%2Fwp%2Fv2%2Fcomments&post=47965"}],"version-history":[{"count":8,"href":"https:\/\/www.wwwagner.tv\/index.php?rest_route=\/wp\/v2\/posts\/47965\/revisions"}],"predecessor-version":[{"id":47974,"href":"https:\/\/www.wwwagner.tv\/index.php?rest_route=\/wp\/v2\/posts\/47965\/revisions\/47974"}],"wp:featuredmedia":[{"embeddable":true,"href":"https:\/\/www.wwwagner.tv\/index.php?rest_route=\/wp\/v2\/media\/32866"}],"wp:attachment":[{"href":"https:\/\/www.wwwagner.tv\/index.php?rest_route=%2Fwp%2Fv2%2Fmedia&parent=47965"}],"wp:term":[{"taxonomy":"category","embeddable":true,"href":"https:\/\/www.wwwagner.tv\/index.php?rest_route=%2Fwp%2Fv2%2Fcategories&post=47965"},{"taxonomy":"post_tag","embeddable":true,"href":"https:\/\/www.wwwagner.tv\/index.php?rest_route=%2Fwp%2Fv2%2Ftags&post=47965"}],"curies":[{"name":"wp","href":"https:\/\/api.w.org\/{rel}","templated":true}]}}