{"id":48046,"date":"2020-09-16T11:00:17","date_gmt":"2020-09-16T09:00:17","guid":{"rendered":"https:\/\/www.wwwagner.tv\/?p=48046"},"modified":"2020-09-23T00:20:37","modified_gmt":"2020-09-22T22:20:37","slug":"m100-media-award-2020-an-szabolcs-dull","status":"publish","type":"post","link":"https:\/\/www.wwwagner.tv\/?p=48046","title":{"rendered":"M100 Media Award 2020 an Szabolcs Dull"},"content":{"rendered":"<p><figure id=\"attachment_48047\" aria-describedby=\"caption-attachment-48047\" style=\"width: 1100px\" class=\"wp-caption alignnone\"><img loading=\"lazy\" decoding=\"async\" src=\"https:\/\/www.wwwagner.tv\/wp-content\/uploads\/20200917_DSC5526_dull_szabolcs_1100\u00d7618.jpg\" alt=\"\" width=\"1100\" height=\"618\" class=\"size-full wp-image-48047\" srcset=\"https:\/\/www.wwwagner.tv\/wp-content\/uploads\/20200917_DSC5526_dull_szabolcs_1100\u00d7618.jpg 1100w, https:\/\/www.wwwagner.tv\/wp-content\/uploads\/20200917_DSC5526_dull_szabolcs_1100\u00d7618-300x169.jpg 300w, https:\/\/www.wwwagner.tv\/wp-content\/uploads\/20200917_DSC5526_dull_szabolcs_1100\u00d7618-768x431.jpg 768w\" sizes=\"auto, (max-width: 1100px) 100vw, 1100px\" \/><figcaption id=\"caption-attachment-48047\" class=\"wp-caption-text\">Szabolcs Dull | Foto: \u00a9 J\u00f6rg Wagner<\/figcaption><\/figure><br \/>\n<span style=\"font-size: 11pt; font-family: tahoma,arial,helvetica,sans-serif;\"><br \/>\nDie internationale Medienkonferenz M100 Sanssouci Colloquium solidarisierte sich \u201eausdr\u00fccklich&#8220; mit dem vor wenigen Wochen entlassenen Chefredakteur des gr\u00f6\u00dften ungarischen Nachrichtenportals index.hu, Szabolcs Dull, und w\u00fcrdigte mit dem diesj\u00e4hrigen M100 Media Award (17.09.2020) sein Eintreten f\u00fcr das Grundrecht der Pressefreiheit und seinen Kampf gegen au\u00dferredaktionelle Einmischung. Inzwischen gibt es den Aufbau eines neuen Portals <a href=\"https:\/\/tamogatas.telex.hu\/\" rel=\"noopener noreferrer\" target=\"_blank\">TELEX<\/a>.<\/p>\n<div style=\"height: 20px;\"><\/div>\n <audio   controls > <source src=\"https:\/\/www.wwwagner.tv\/audio\/20200917_1105_dull_szabolcs_bouhs_daniel_wagner_joerg_M100.mp3\" type='audio\/mpeg' \/> <object   type=\"application\/x-shockwave-flash\"  data=\"https:\/\/www.wwwagner.tv\/wp-content\/plugins\/wphtml5player\/inc\/flowplayer.swf\"  width=\"400\"  height=\"30\"> <param name=\"movie\" value='https:\/\/www.wwwagner.tv\/wp-content\/plugins\/wphtml5player\/inc\/flowplayer.swf' \/><param name=\"allowfullscreen\" value='false' \/><param name=\"cachebusting\" value='true' \/><param name=\"bgcolor\" value='#000000' \/><param name=\"flashvars\" value='config={\"plugins\":{\"controls\":{\"height\":30,\"autoHide\":false,\"fullscreen\":false}},\"clip\":{\"autoPlay\":false,\"url\":\"https:\\\/\\\/www.wwwagner.tv\\\/audio\\\/20200917_1105_dull_szabolcs_bouhs_daniel_wagner_joerg_M100.mp3\"},\"playlist\":[{\"autoPlay\":false,\"url\":\"https:\\\/\\\/www.wwwagner.tv\\\/audio\\\/20200917_1105_dull_szabolcs_bouhs_daniel_wagner_joerg_M100.mp3\"}],\"play\":{\"opacity\":0}}' \/>  No audio playback capabilities, please download the audio below<br \/><strong>Download Audio:<\/strong> Closed Format: <a href=\"https:\/\/www.wwwagner.tv\/audio\/20200917_1105_dull_szabolcs_bouhs_daniel_wagner_joerg_M100.mp3\">MP3<\/a> <\/object> <!-- Generated by HTML5 Multimedia Framework (http:\/\/code.google.com\/p\/html5videoplayer) --> <\/audio>  \n<div style=\"height: 10px;\"><\/div>\n<p><u>Wer<\/u>:<br \/>\n* Szabolcs Dull, entlassener Chefredakteur von index.hu<br \/>\n* Julia Mate, Simultandolmetscherin<br \/>\n* Daniel Bouhs, Freier Medienjournalist<br \/>\n* J\u00f6rg Wagner, Freier Medienjournalist<br \/>\n<u>Was<\/u>: Interview \u00fcber die Situation der Pressefreiheit in Ungarn<br \/>\n<u>Wann<\/u>: rec.: 17.09.2020\/ 11:05 Uhr, ver\u00f6ffentlicht in einer 5:57-Fassung am <a href=\"https:\/\/www.wwwagner.tv\/?p=48033\" rel=\"noopener noreferrer\" target=\"_blank\">19.09.2020<\/a>, 18:35 Uhr im radioeins-Medienmagazin, rbb<\/p>\n<div style=\"height: 10px;\"><\/div>\n<p><u>Vgl<\/u>.:<br \/>\n* #EUPressefreiheitsCheck Ungarn 2019, <a href=\"https:\/\/www.wwwagner.tv\/?p=44970\" rel=\"noopener noreferrer\" target=\"_blank\">12.12.2019<\/a><br \/>\n* #EUPressefreiheitsCheck Ungarn 2017, <a href=\"https:\/\/www.wwwagner.tv\/?p=36715\" rel=\"noopener noreferrer\" target=\"_blank\">15.07.2017<\/a><br \/>\n* Dr. G\u00e1bor Poly\u00e1k: Die Mediensituation in Ungarn, <a href=\"https:\/\/www.wwwagner.tv\/?p=33893\" rel=\"noopener noreferrer\" target=\"_blank\">03.02.2017<\/a><br \/>\n* Ungarisches Mediengesetz \u2013 die Schere im Kopf, <a href=\"https:\/\/www.wwwagner.tv\/?p=36640\" rel=\"noopener noreferrer\" target=\"_blank\">21.01.2011<\/a>  <\/p>\n<div style=\"height: 20px;\"><\/div>\n<hr \/>\n<div style=\"height: 5px;\"><\/div>\n<p><html><br \/>\n     <head><\/p>\n<style type=\"text\/css\">\n       body {\n                     background: #DADADA;\n       }\n      <\/style>\n<p>     <\/head><br \/>\n     <body><br \/>\n<\/body><br \/>\n    <\/html><br \/>\n<script src=\"https:\/\/apis.google.com\/js\/plusone.js\" type=\"text\/javascript\">\/\/ < ![CDATA[ {lang: 'de'} \/\/ ]]><\/script><br \/>\n<script src=\"http:\/\/twittercounter.com\/embed\/?username=medienmagazin&amp;style=avatar\" type=\"text\/javascript\"><\/script><\/span><\/p>\n","protected":false},"excerpt":{"rendered":"<p>Die internationale Medienkonferenz M100 Sanssouci Colloquium solidarisierte sich \u201eausdr\u00fccklich&#8220; mit dem vor wenigen Wochen entlassenen Chefredakteur des gr\u00f6\u00dften ungarischen Nachrichtenportals index.hu, Szabolcs Dull, und w\u00fcrdigte mit dem diesj\u00e4hrigen M100 Media Award (17.09.2020) sein Eintreten f\u00fcr das Grundrecht der Pressefreiheit und seinen Kampf gegen au\u00dferredaktionelle Einmischung. Inzwischen gibt es den Aufbau eines neuen Portals TELEX. No [&hellip;]<\/p>\n","protected":false},"author":2,"featured_media":0,"comment_status":"closed","ping_status":"open","sticky":false,"template":"","format":"standard","meta":{"_monsterinsights_skip_tracking":false,"_monsterinsights_sitenote_active":false,"_monsterinsights_sitenote_note":"","_monsterinsights_sitenote_category":0,"footnotes":""},"categories":[17],"tags":[27,514],"class_list":["post-48046","post","type-post","status-publish","format-standard","hentry","category-aktuell","tag-pressefreiheit","tag-ungarn"],"_links":{"self":[{"href":"https:\/\/www.wwwagner.tv\/index.php?rest_route=\/wp\/v2\/posts\/48046","targetHints":{"allow":["GET"]}}],"collection":[{"href":"https:\/\/www.wwwagner.tv\/index.php?rest_route=\/wp\/v2\/posts"}],"about":[{"href":"https:\/\/www.wwwagner.tv\/index.php?rest_route=\/wp\/v2\/types\/post"}],"author":[{"embeddable":true,"href":"https:\/\/www.wwwagner.tv\/index.php?rest_route=\/wp\/v2\/users\/2"}],"replies":[{"embeddable":true,"href":"https:\/\/www.wwwagner.tv\/index.php?rest_route=%2Fwp%2Fv2%2Fcomments&post=48046"}],"version-history":[{"count":17,"href":"https:\/\/www.wwwagner.tv\/index.php?rest_route=\/wp\/v2\/posts\/48046\/revisions"}],"predecessor-version":[{"id":48067,"href":"https:\/\/www.wwwagner.tv\/index.php?rest_route=\/wp\/v2\/posts\/48046\/revisions\/48067"}],"wp:attachment":[{"href":"https:\/\/www.wwwagner.tv\/index.php?rest_route=%2Fwp%2Fv2%2Fmedia&parent=48046"}],"wp:term":[{"taxonomy":"category","embeddable":true,"href":"https:\/\/www.wwwagner.tv\/index.php?rest_route=%2Fwp%2Fv2%2Fcategories&post=48046"},{"taxonomy":"post_tag","embeddable":true,"href":"https:\/\/www.wwwagner.tv\/index.php?rest_route=%2Fwp%2Fv2%2Ftags&post=48046"}],"curies":[{"name":"wp","href":"https:\/\/api.w.org\/{rel}","templated":true}]}}