{"id":48419,"date":"2020-11-14T18:05:44","date_gmt":"2020-11-14T16:05:44","guid":{"rendered":"https:\/\/www.wwwagner.tv\/?p=48419"},"modified":"2020-11-30T04:08:36","modified_gmt":"2020-11-30T02:08:36","slug":"medienmagazin-vom-14-11-2020","status":"publish","type":"post","link":"https:\/\/www.wwwagner.tv\/?p=48419","title":{"rendered":"Medienmagazin vom 14.11.2020"},"content":{"rendered":"<div style=\"height: 10px;\"><\/div>\n<p>Gesamt-PodCast:<br \/>\n <audio   controls > <source src=\"https:\/\/rbbmediapmdp-a.akamaihd.net\/content\/c2\/b6\/c2b6cc3d-a12b-46dc-8fce-a60878fd7948\/4d8c3e86-0164-4f24-b223-9f64833ad9db_1f6d6d94-2fc7-432e-8764-812b0ecf6695.mp3\" type='audio\/mpeg' \/> <object   type=\"application\/x-shockwave-flash\"  data=\"https:\/\/www.wwwagner.tv\/wp-content\/plugins\/wphtml5player\/inc\/flowplayer.swf\"  width=\"400\"  height=\"30\"> <param name=\"movie\" value='https:\/\/www.wwwagner.tv\/wp-content\/plugins\/wphtml5player\/inc\/flowplayer.swf' \/><param name=\"allowfullscreen\" value='false' \/><param name=\"cachebusting\" value='true' \/><param name=\"bgcolor\" value='#000000' \/><param name=\"flashvars\" value='config={\"plugins\":{\"controls\":{\"height\":30,\"autoHide\":false,\"fullscreen\":false}},\"clip\":{\"autoPlay\":false,\"url\":\"https:\\\/\\\/rbbmediapmdp-a.akamaihd.net\\\/content\\\/c2\\\/b6\\\/c2b6cc3d-a12b-46dc-8fce-a60878fd7948\\\/4d8c3e86-0164-4f24-b223-9f64833ad9db_1f6d6d94-2fc7-432e-8764-812b0ecf6695.mp3\"},\"playlist\":[{\"autoPlay\":false,\"url\":\"https:\\\/\\\/rbbmediapmdp-a.akamaihd.net\\\/content\\\/c2\\\/b6\\\/c2b6cc3d-a12b-46dc-8fce-a60878fd7948\\\/4d8c3e86-0164-4f24-b223-9f64833ad9db_1f6d6d94-2fc7-432e-8764-812b0ecf6695.mp3\"}],\"play\":{\"opacity\":0}}' \/>  No audio playback capabilities, please download the audio below<br \/><strong>Download Audio:<\/strong> Closed Format: <a href=\"https:\/\/rbbmediapmdp-a.akamaihd.net\/content\/c2\/b6\/c2b6cc3d-a12b-46dc-8fce-a60878fd7948\/4d8c3e86-0164-4f24-b223-9f64833ad9db_1f6d6d94-2fc7-432e-8764-812b0ecf6695.mp3\">MP3<\/a> <\/object> <!-- Generated by HTML5 Multimedia Framework (http:\/\/code.google.com\/p\/html5videoplayer) --> <\/audio>  <br \/>\n<a href=\"https:\/\/rbbmediapmdp-a.akamaihd.net\/content\/c2\/b6\/c2b6cc3d-a12b-46dc-8fce-a60878fd7948\/4d8c3e86-0164-4f24-b223-9f64833ad9db_1f6d6d94-2fc7-432e-8764-812b0ecf6695.mp3\" target=\"_blank\" rel=\"noopener noreferrer\">Download<\/a><span style=\"color: #666666;\"> (verlinkte Audio-Quelle bis zum 14.11.2021: rbb, radioeins)<\/span><br \/>\n* via <a href=\"http:\/\/bit.ly\/UiK8m2\" rel=\"noopener noreferrer\" target=\"_blank\">radioeins.de<\/a><br \/>\n* via <a href=\"http:\/\/bit.ly\/2QPyw0c\" rel=\"noopener noreferrer\" target=\"_blank\">ARD-Audiothek<\/a><br \/>\n* via ALEXA: &#8222;Alexa, spiele Medienmagazin von radioeins!&#8220;<br \/>\n* via Google Home: &#8222;Ok, Google, spiele radioeins Medienmagazin!&#8220;<\/p>\n<div style=\"height: 20px;\"><\/div>\n<p>[00:00] INTRO: mdr Sachsen-Anhalt gestern | [02:39] Rundfunkbeitrag: Anh\u00f6rung in Magdeburg | [17:50] Themenwoche: \u201cIch bin Greta\u201d &#8211; Interview Nathan Grossman | [31:17] Themenwoche: \u201cAufschrei der Jugend\u201d &#8211; <a href=\"https:\/\/www.wwwagner.tv\/?p=48433\" rel=\"noopener noreferrer\" target=\"_blank\">Interview<\/a> Kathrin Pitterling | [43:51] Bonus: \u201eKlimawandel und die Medien\u201c #r1MM 26.06.2010 | [55:13] Bonus: Nathan Grossman &#8211; Interview, englische Originalfassung | [1:05:40] Bonus: Anh\u00f6rung Sachsen #r1MM 05.02.2005 | [1:19:37] Bonus: \u201cDie Kunst des SPIEGEL\u201d #r1MM 05.02.2005 <\/p>\n<div style=\"height: 40px;\"><\/div>\n<div style=\"height: 10px;\"><\/div>\n<hr \/>\n<p><span style=\"font-size: 11pt; font-family: tahoma,arial,helvetica,sans-serif;\"><br \/>\n<u>INTRO: Rundfunkbeitrag: Vor der Entscheidung in Magdeburg<\/u><br \/>\nO-Ton: &#8222;Sachsen-Anhalt heute\u201c, mdr, 13.11.2020<\/p>\n<p><span style=\"font-size: 11pt; font-family: tahoma,arial,helvetica,sans-serif;\"><br \/>\n<u>1. Rundfunkbeitrag: Vor der Entscheidung in Magdeburg<\/u><br \/>\nAm Freitag (13.11.2020) lud der Ausschuss f\u00fcr &#8222;Bundes- und Europaangelegenheiten sowie Medien&#8220; im Magdeburger Landesparlament zu einer Anh\u00f6rung auch Intendantinnen und Intendanten von ARD, ZDF und Deutschlandradio. Die Abgeordneten in Sachsen-Anhalt stimmen voraussichtlich am 15.12.2020 \u00fcber die KEF-Empfehlung, der Erh\u00f6hung des Rundfunkbeitrags auf 18,36 \u20ac ab.<br \/>\nBericht mit O-T\u00f6nen aus Magdeburg<br \/>\n* Tom Buhrow, WDR-Intendant, ARD-Vorsitzender<br \/>\n* Stefan Gebhardt, MdL, Die Linke, medienpolitische Sprecher<br \/>\n* Tobias Rausch, MdL, AfD<br \/>\n* Markus Kurze, MdL, CDU, medienpolitischer Sprecher<br \/>\nAutor: Daniel Bouhs (live)<\/p>\n<p><span style=\"font-size: 11pt; font-family: tahoma,arial,helvetica,sans-serif;\"><br \/>\n<strong>#WIELEBEN \u2013 BLEIBT ALLES ANDERS | ARD-Themenwoche 15. bis 21.11.2020<\/strong><br \/>\n<span style=\"font-size: 11pt; font-family: tahoma,arial,helvetica,sans-serif;\"><br \/>\n<u>2. ARD-Themenwoche 1: \u201cIch bin Greta\u201d<\/u><br \/>\n\u201eIch bin Greta\u201c erz\u00e4hlt die Geschichte der schwedischen Klimaaktivistin Greta Thunberg von Beginn ihres Schulstreiks vor dem schwedischen Parlament bis zur Entwicklung einer weltweiten Bewegung. Regisseur Nathan Grossmann folgt ihr auf dem Weg von Stockholm zur UNO, zum Weltwirtschaftsgipfel in Davos und in den Vatikan zu Papst Franziskus.<br \/>\nAusstrahlung: 16.11.2020, 23:20 Uhr im Ersten der ARD, sowie in der Mediathek.<br \/>\nProduktion: WDR, SWR, RBB, BBC, HULU<br \/>\nO-T\u00f6ne aus der Doku<br \/>\nVoIP-Gespr\u00e4ch mit Nathan Grossman, Regisseur, Schweden<br \/>\nAutor: Daniel Bouhs (aufgezeichnet, 11.11.2020, 17:30 Uhr mit Overvoice)<br \/>\nVgl.: Transkript auf <a href=\"https:\/\/daniel-bouhs.de\/2020\/11\/15\/ich-bin-greta-exklusiver-zugang-zu-greta-thunberg-interview-mit-nathan-grossman\/\" rel=\"noopener noreferrer\" target=\"_blank\">daniel-bouhs.de<\/a><\/p>\n<div class=\"BorlabsCookie\"><div class=\"_brlbs-content-blocker\"> <div class=\"_brlbs-embed _brlbs-video-youtube\"> <img class=\"_brlbs-thumbnail\" src=\"https:\/\/www.wwwagner.tv\/wp-content\/plugins\/borlabs-cookie\/images\/cb-no-thumbnail.png\" alt=\"YouTube\"> <div class=\"_brlbs-caption\"> <p>Mit dem Laden des Videos akzeptieren Sie die Datenschutzerkl\u00e4rung von YouTube.<br><a href=\"https:\/\/policies.google.com\/privacy\" target=\"_blank\" rel=\"nofollow noopener noreferrer\">Mehr erfahren<\/a><\/p> <p><a class=\"_brlbs-btn _brlbs-icon-play-white\" href=\"#\" data-borlabs-cookie-unblock role=\"button\">Video laden<\/a><\/p> <p><label><input type=\"checkbox\" name=\"unblockAll\" value=\"1\" checked> <small>YouTube immer entsperren<\/small><\/label><\/p> <\/div> <\/div> <\/div><div class=\"borlabs-hide\" data-borlabs-cookie-type=\"content-blocker\" data-borlabs-cookie-id=\"youtube\"><script type=\"text\/template\">PHA+PGlmcmFtZSBsb2FkaW5nPSJsYXp5IiB3aWR0aD0iNjAwIiBoZWlnaHQ9IjMzOCIgc3JjPSJodHRwczovL3d3dy55b3V0dWJlLW5vY29va2llLmNvbS9lbWJlZC9qc3h2ODVjYkV4RSIgZnJhbWVib3JkZXI9IjAiIGFsbG93PSJhY2NlbGVyb21ldGVyOyBhdXRvcGxheTsgY2xpcGJvYXJkLXdyaXRlOyBlbmNyeXB0ZWQtbWVkaWE7IGd5cm9zY29wZTsgcGljdHVyZS1pbi1waWN0dXJlIiBhbGxvd2Z1bGxzY3JlZW4+PC9pZnJhbWU+PC9wPg==<\/script><\/div><\/div>\n<p><span style=\"font-size: 11pt; font-family: tahoma,arial,helvetica,sans-serif;\"><br \/>\n<u>3. ARD-Themenwoche 2: \u201cAufschrei der Jugend\u201d<\/u><br \/>\nWer sind die jungen Menschen, die f\u00fcr &#8222;Fridays for Future\u201c auf die Stra\u00dfe gehen? Die Regisseurin Kathrin Pitterling begleitete sie f\u00fcr ein Dokfilm-Projekt seit M\u00e4rz 2019 bis in die Gegenwart unter Corona-Bedingungen und zeigt, wie vielf\u00e4ltig, sch\u00f6pferisch und kr\u00e4ftezehrend die Protestarbeit ist. Aus dem Portrait Einzelner wie u. a. Luisa Neubauer wird das Portrait einer engagierten Generation. Das Filmprojekt ist der Gewinner 2020 des ARD-Dokumentarfilm-Wettbewerbs &#8222;Top of the Docs&#8220;. &#8222;Aufschrei der Jugend&#8220; ist eine Produktion der Magis TV im Auftrag von rbb, WDR, BR, NDR, MDR und SWR.<br \/>\nAusstrahlung: 18.11.2020, 23:20 Uhr im Ersten der ARD und bereits jetzt in der Mediathek.<br \/>\nO-T\u00f6ne aus der Doku<br \/>\n<a href=\"https:\/\/www.wwwagner.tv\/?p=48433\" rel=\"noopener noreferrer\" target=\"_blank\">Schaltgespr\u00e4ch<\/a> mit Kathrin Pitterling, Regisseurin (live, muPRO)<br \/>\nAutoren: J\u00f6rg Wagner\/Daniel Bouhs\t<\/p>\n<p><span style=\"font-size: 11pt; font-family: tahoma,arial,helvetica,sans-serif;\"><br \/>\n<u>PodCast-Bonustrack<\/u><br \/>\n\u00b0 Medien und Umwelt &#8211; Deutsche Welle Global Media Forum<br \/>\nMehr als 1500 Teilnehmer aus 95 L\u00e4ndern haben im World Conference Center Bonn drei Tage lang \u00fcber \u201eKlimawandel und die Medien\u201c diskutiert. Fazit: \u201eWir m\u00fcssen gesicherte und verl\u00e4ssliche Informationen zur Verf\u00fcgung zu stellen. Wir m\u00fcssen in der Lage sein, in der Flut von Informationen die unterschiedlichen Quellen zu beurteilen.\u201c<br \/>\nInterview mit Christoph Lanz, Direktor DW-TV + Videofassung<br \/>\n<a href=\"http:\/\/www.dw-gmf.de\/\" rel=\"noopener noreferrer\" target=\"_blank\">http:\/\/www.dw-gmf.de\/<\/a><br \/>\nQuelle: Medienmagazin vom 26.06.2010<\/p>\n<p><span style=\"font-size: 11pt; font-family: tahoma,arial,helvetica,sans-serif;\"><br \/>\n\u00b0 Nathan Grossman &#8211; Interview, englische Originalfassung<\/p>\n<p><span style=\"font-size: 11pt; font-family: tahoma,arial,helvetica,sans-serif;\"><br \/>\n\u00b0 Anh\u00f6rung vor dem S\u00e4chsischen Landtag<br \/>\nO-Ton: J\u00fcrgen Doetz, VPRT-Pr\u00e4sident<br \/>\nGeb\u00fchrenanh\u00f6rung vor dem S\u00e4chsischen Landtag<br \/>\nO-T\u00f6ne:<br \/>\n* Udo Reiter, mdr-Intendant<br \/>\n* G\u00fcnter Struve, ARD-Programmdirektor<br \/>\nInterview mit Markus Sch\u00e4chter, ZDF-Intendant<br \/>\nAutor: Werner Lange<br \/>\nQuelle: Medienmagazin vom 05.02.2005<\/p>\n<p><span style=\"font-size: 11pt; font-family: tahoma,arial,helvetica,sans-serif;\"><br \/>\n\u00b0 EU und das \u00f6ffentlich-rechtliche System<br \/>\nInterview mit Ruth Hieronymi, Vorsitzende des Medienausschusses im Europa-Parlament<br \/>\nAutor: Werner Lange<br \/>\nQuelle: Medienmagazin vom 05.02.2005<\/p>\n<p><span style=\"font-size: 11pt; font-family: tahoma,arial,helvetica,sans-serif;\"><br \/>\n\u00b0 Die Kunst des SPIEGEL &#8211; Spiegel mit Ausstellung der Titelbilder<br \/>\nO-T\u00f6ne: Emerson, Lake and Palmer \u2013 Bilder einer Ausstellung<br \/>\nInterviews mit:<br \/>\n* Stefan Aust, Spiegel-Chefredakteur<br \/>\n* Jean-Pierre Kunkel, Illustrator<br \/>\n* Ludvik Glazer-Naude, Illustrator<br \/>\n* Stefan Kiefer, Ressortleiter Titelbild Spiegel<br \/>\nQuelle: Medienmagazin vom 05.02.2005<\/p>\n<p><span style=\"font-size: 11pt; font-family: tahoma,arial,helvetica,sans-serif;\"><\/p>\n<div style=\"height:10px;\"><\/div>\n<p><img loading=\"lazy\" decoding=\"async\" src=\"https:\/\/www.wwwagner.tv\/wp-content\/uploads\/20201114_podcast_1024\u00d7512.jpg\" alt=\"\" width=\"1024\" height=\"512\" class=\"alignnone size-full wp-image-48422\" srcset=\"https:\/\/www.wwwagner.tv\/wp-content\/uploads\/20201114_podcast_1024\u00d7512.jpg 1024w, https:\/\/www.wwwagner.tv\/wp-content\/uploads\/20201114_podcast_1024\u00d7512-300x150.jpg 300w, https:\/\/www.wwwagner.tv\/wp-content\/uploads\/20201114_podcast_1024\u00d7512-768x384.jpg 768w\" sizes=\"auto, (max-width: 1024px) 100vw, 1024px\" \/><\/p>\n<hr \/>\n<div style=\"height: 5px;\"><\/div>\n<p><html><br \/>\n     <head><\/p>\n<style type=\"text\/css\">\n       body {\n                     background: #DADADA;\n       }\n      <\/style>\n<p>     <\/head><br \/>\n     <body><br \/>\n<\/body><br \/>\n    <\/html><br \/>\n<script src=\"https:\/\/apis.google.com\/js\/plusone.js\" type=\"text\/javascript\">\/\/ < ![CDATA[ {lang: 'de'} \/\/ ]]><\/script><br \/>\n<script src=\"http:\/\/twittercounter.com\/embed\/?username=medienmagazin&amp;style=avatar\" type=\"text\/javascript\"><\/script><\/p>\n<p><noscript><a href=\"http:\/\/twittercounter.com\/medienmagazin\">medienmagazin on Twitter Counter<\/a><\/noscript><\/span><\/span><\/span><\/span><\/span><\/span><\/span><\/span><\/span><\/span><\/span><\/p>\n","protected":false},"excerpt":{"rendered":"<p>Gesamt-PodCast: No audio playback capabilities, please download the audio belowDownload Audio: Closed Format: MP3 Download (verlinkte Audio-Quelle bis zum 14.11.2021: rbb, radioeins) * via radioeins.de * via ARD-Audiothek * via ALEXA: &#8222;Alexa, spiele Medienmagazin von radioeins!&#8220; * via Google Home: &#8222;Ok, Google, spiele radioeins Medienmagazin!&#8220; [00:00] INTRO: mdr Sachsen-Anhalt gestern | [02:39] Rundfunkbeitrag: Anh\u00f6rung in [&hellip;]<\/p>\n","protected":false},"author":2,"featured_media":32866,"comment_status":"closed","ping_status":"open","sticky":false,"template":"","format":"standard","meta":{"_monsterinsights_skip_tracking":false,"_monsterinsights_sitenote_active":false,"_monsterinsights_sitenote_note":"","_monsterinsights_sitenote_category":0,"footnotes":""},"categories":[4],"tags":[930,423],"class_list":["post-48419","post","type-post","status-publish","format-standard","has-post-thumbnail","hentry","category-medienmagazin","tag-klima","tag-rundfunkbeitrag"],"_links":{"self":[{"href":"https:\/\/www.wwwagner.tv\/index.php?rest_route=\/wp\/v2\/posts\/48419","targetHints":{"allow":["GET"]}}],"collection":[{"href":"https:\/\/www.wwwagner.tv\/index.php?rest_route=\/wp\/v2\/posts"}],"about":[{"href":"https:\/\/www.wwwagner.tv\/index.php?rest_route=\/wp\/v2\/types\/post"}],"author":[{"embeddable":true,"href":"https:\/\/www.wwwagner.tv\/index.php?rest_route=\/wp\/v2\/users\/2"}],"replies":[{"embeddable":true,"href":"https:\/\/www.wwwagner.tv\/index.php?rest_route=%2Fwp%2Fv2%2Fcomments&post=48419"}],"version-history":[{"count":12,"href":"https:\/\/www.wwwagner.tv\/index.php?rest_route=\/wp\/v2\/posts\/48419\/revisions"}],"predecessor-version":[{"id":48447,"href":"https:\/\/www.wwwagner.tv\/index.php?rest_route=\/wp\/v2\/posts\/48419\/revisions\/48447"}],"wp:featuredmedia":[{"embeddable":true,"href":"https:\/\/www.wwwagner.tv\/index.php?rest_route=\/wp\/v2\/media\/32866"}],"wp:attachment":[{"href":"https:\/\/www.wwwagner.tv\/index.php?rest_route=%2Fwp%2Fv2%2Fmedia&parent=48419"}],"wp:term":[{"taxonomy":"category","embeddable":true,"href":"https:\/\/www.wwwagner.tv\/index.php?rest_route=%2Fwp%2Fv2%2Fcategories&post=48419"},{"taxonomy":"post_tag","embeddable":true,"href":"https:\/\/www.wwwagner.tv\/index.php?rest_route=%2Fwp%2Fv2%2Ftags&post=48419"}],"curies":[{"name":"wp","href":"https:\/\/api.w.org\/{rel}","templated":true}]}}