{"id":49026,"date":"2021-01-30T18:05:32","date_gmt":"2021-01-30T16:05:32","guid":{"rendered":"https:\/\/www.wwwagner.tv\/?p=49026"},"modified":"2021-02-05T02:11:10","modified_gmt":"2021-02-05T00:11:10","slug":"medienmagazin-vom-30-01-2021","status":"publish","type":"post","link":"https:\/\/www.wwwagner.tv\/?p=49026","title":{"rendered":"Medienmagazin vom 30.01.2021"},"content":{"rendered":"<div style=\"height: 10px;\"><\/div>\n<p>Gesamt-PodCast:<br \/>\n <audio   controls > <source src=\"https:\/\/rbbmediapmdp-a.akamaihd.net\/content\/34\/58\/34589d7c-28da-4388-9446-dde83813007c\/be76d8a7-9488-43a0-b82d-c57f6651e155_8332a560-f863-456d-864f-4f3b71d5b934.mp3\" type='audio\/mpeg' \/> <object   type=\"application\/x-shockwave-flash\"  data=\"https:\/\/www.wwwagner.tv\/wp-content\/plugins\/wphtml5player\/inc\/flowplayer.swf\"  width=\"400\"  height=\"30\"> <param name=\"movie\" value='https:\/\/www.wwwagner.tv\/wp-content\/plugins\/wphtml5player\/inc\/flowplayer.swf' \/><param name=\"allowfullscreen\" value='false' \/><param name=\"cachebusting\" value='true' \/><param name=\"bgcolor\" value='#000000' \/><param name=\"flashvars\" value='config={\"plugins\":{\"controls\":{\"height\":30,\"autoHide\":false,\"fullscreen\":false}},\"clip\":{\"autoPlay\":false,\"url\":\"https:\\\/\\\/rbbmediapmdp-a.akamaihd.net\\\/content\\\/34\\\/58\\\/34589d7c-28da-4388-9446-dde83813007c\\\/be76d8a7-9488-43a0-b82d-c57f6651e155_8332a560-f863-456d-864f-4f3b71d5b934.mp3\"},\"playlist\":[{\"autoPlay\":false,\"url\":\"https:\\\/\\\/rbbmediapmdp-a.akamaihd.net\\\/content\\\/34\\\/58\\\/34589d7c-28da-4388-9446-dde83813007c\\\/be76d8a7-9488-43a0-b82d-c57f6651e155_8332a560-f863-456d-864f-4f3b71d5b934.mp3\"}],\"play\":{\"opacity\":0}}' \/>  No audio playback capabilities, please download the audio below<br \/><strong>Download Audio:<\/strong> Closed Format: <a href=\"https:\/\/rbbmediapmdp-a.akamaihd.net\/content\/34\/58\/34589d7c-28da-4388-9446-dde83813007c\/be76d8a7-9488-43a0-b82d-c57f6651e155_8332a560-f863-456d-864f-4f3b71d5b934.mp3\">MP3<\/a> <\/object> <!-- Generated by HTML5 Multimedia Framework (http:\/\/code.google.com\/p\/html5videoplayer) --> <\/audio>  <br \/>\n<a href=\"https:\/\/rbbmediapmdp-a.akamaihd.net\/content\/34\/58\/34589d7c-28da-4388-9446-dde83813007c\/be76d8a7-9488-43a0-b82d-c57f6651e155_8332a560-f863-456d-864f-4f3b71d5b934.mp3\" target=\"_blank\" rel=\"noopener noreferrer\">Download<\/a><span style=\"color: #666666;\"> (verlinkte Audio-Quelle bis zum 30.01.2022: rbb, radioeins)<\/span><br \/>\n* via <a href=\"http:\/\/bit.ly\/UiK8m2\" rel=\"noopener noreferrer\" target=\"_blank\">radioeins.de<\/a><br \/>\n* via <a href=\"http:\/\/bit.ly\/2QPyw0c\" rel=\"noopener noreferrer\" target=\"_blank\">ARD-Audiothek<\/a><br \/>\n* via ALEXA: &#8222;Alexa, spiele Medienmagazin von radioeins!&#8220;<br \/>\n* via Google Home: &#8222;Ok, Google, spiele radioeins Medienmagazin!&#8220;<\/p>\n<div style=\"height: 20px;\"><\/div>\n<p>[00:00] INTRO: Coronavirus-Update | [01:38] 1 Jahr Corona-Berichterstattung (1) &#8211; Korinna Hennig | [12:56] 1 Jahr Corona-Berichterstattung (2) &#8211; Korinna Hennig | [24:23] Warten auf Karlsruhe &#8211; DJV Thementag Rundfunk | [31:57] 28.01.1986 &#8211; Challenger-Explosion live im Radio &#8211; Columbia-Ungl\u00fcck #r1MM 01.02.2003 | [41:30] Bonus: Corona-Berichterstattung vor einem Jahr &#8211; #r1MM 01.02.2020 | [1:04:00] Bonus: Weltraumberichterstattung im Zeitalter von Internet und All-Routine #r1MM <a href=\"https:\/\/www.wwwagner.tv\/?p=15967\" rel=\"noopener\" target=\"_blank\">11.08.2012<\/a><\/p>\n<div style=\"height: 40px;\"><\/div>\n<hr \/>\n<div style=\"height: 10px;\"><\/div>\n<div class=\"BorlabsCookie\"><div class=\"_brlbs-content-blocker\"> <div class=\"_brlbs-default\"> <p>Klicken Sie auf den unteren Button, um den Inhalt von www.ardaudiothek.de zu laden.<\/p> <p><a class=\"_brlbs-btn\" href=\"#\" data-borlabs-cookie-unblock role=\"button\">Inhalt laden<\/a><\/p> <\/div> <\/div><div class=\"borlabs-hide\" data-borlabs-cookie-type=\"content-blocker\" data-borlabs-cookie-id=\"default\"><script type=\"text\/template\">PHA+PGlmcmFtZSBsb2FkaW5nPSJsYXp5IiBzcmM9Imh0dHBzOi8vd3d3LmFyZGF1ZGlvdGhlay5kZS9lbWJlZD9lcGlzb2RlPTg1Nzg1Mzk0IiB3aWR0aD0iMzIwcHgiIGhlaWdodD0iMTIwcHgiPjwvaWZyYW1lPjwvcD4=<\/script><\/div><\/div>\n<div style=\"height: 10px;\"><\/div>\n<hr \/>\n<p><span style=\"font-size: 11pt; font-family: tahoma,arial,helvetica,sans-serif;\"><br \/>\n<u>INTRO: Coronavirus-Update<\/u><br \/>\nO-Ton: Korinna Hennig &#8211; Beginn der Episode #73 vom Coronavirus-Update<br \/>\n<span style=\"font-size: 11pt; font-family: tahoma,arial,helvetica,sans-serif;\"><br \/>\n<u>1. Ein Jahr Corona-Berichterstattung<\/u><br \/>\nDas Medienmagazin besch\u00e4ftigte sich vor einem Jahr zum ersten Mal mit den Herausforderungen bei<br \/>\nder Corona-Berichterstattung. Wie f\u00e4llt die Bilanz aus?<br \/>\nKorinna Hennig startete am 26.02.2020 mit der ersten PodCast-Folge <a href=\"https:\/\/audiothek.ardmediathek.de\/programsets\/72451786\" rel=\"noopener\" target=\"_blank\">&#8222;Coronavirus Update&#8220;<\/a>.<br \/>\nIn Gespr\u00e4chsform sortierte sie anf\u00e4nglich werkt\u00e4glich mit dem<br \/>\nChef-Virologen der Berliner Charit\u00e9 Christian Drosten die aktuelle Lage \u00fcber<br \/>\nwissenschaftliche Erkenntnisse zum SARS-CoV-2-Erreger und der weltweiten<br \/>\nVerbreitung. Inzwischen gibt es 73 Episoden und passend dazu Texttranskripte<br \/>\nzum Nachlesen. 2020 wurde diese PodCast-Reihe rund 81 Millionen Mal abgerufen.<br \/>\nSchaltgespr\u00e4ch mit Korinna Hennig, NDR-Wissenschaftsjournalistin<br \/>\nDaniel Bouhs\/ J\u00f6rg Wagner<br \/>\n<div class=\"BorlabsCookie\"><div class=\"_brlbs-content-blocker\"> <div class=\"_brlbs-default\"> <p>Klicken Sie auf den unteren Button, um den Inhalt von www.ardaudiothek.de zu laden.<\/p> <p><a class=\"_brlbs-btn\" href=\"#\" data-borlabs-cookie-unblock role=\"button\">Inhalt laden<\/a><\/p> <\/div> <\/div><div class=\"borlabs-hide\" data-borlabs-cookie-type=\"content-blocker\" data-borlabs-cookie-id=\"default\"><script type=\"text\/template\">PGlmcmFtZSBsb2FkaW5nPSJsYXp5IiBzcmM9Imh0dHBzOi8vd3d3LmFyZGF1ZGlvdGhlay5kZS9lbWJlZD9lcGlzb2RlPTg1ODQzNTEwIiB3aWR0aD0iMzIwcHgiIGhlaWdodD0iMTIwcHgiPjwvaWZyYW1lPg==<\/script><\/div><\/div><br \/>\n<span style=\"font-size: 11pt; font-family: tahoma,arial,helvetica,sans-serif;\"><br \/>\n<u>2. Warten auf Karlsruhe<\/u><br \/>\nDer Deutsche Journalisten Verband (DJV) lud an seinem Thementag \u201cRundfunk\u201d (27.01.2021) zu einem<br \/>\nZoom-Gespr\u00e4ch mit:<br \/>\n* Dr. Yvette Gerner, Intendantin von radiobremen<br \/>\n* Dr. Frank \u00dcberall, DJV-Vorsitzender<br \/>\n* Dr. Heinz Fischer-Heidlberger, KEF-Vorsitzender.<br \/>\nO-Tonausz\u00fcge aus dem Gespr\u00e4ch<br \/>\nDaniel Bouhs<br \/>\n<span style=\"font-size: 11pt; font-family: tahoma,arial,helvetica,sans-serif;\"><br \/>\n<u>3. Medien historisch: 28.01.1986 &#8211; Explosion der US-Raumf\u00e4hre Challenger beim Start<\/u><br \/>\nTelefoninterview mit Harro Zimmer, Weltraumexperte und Rias-Live-Reporter bei der Challenger-Katastrophe.<br \/>\nO-Ton: Ausschnitt aus der Reportage von Harro Zimmer am 28.01.1986, Rias Berlin<br \/>\n(Quelle: Medienmagazin vom 01.02.2003, am Tag als die Columbia-Raumf\u00e4hre beim Landeanflug explodierte)<br \/>\nJ\u00f6rg Wagner<br \/>\n<span style=\"font-size: 11pt; font-family: tahoma,arial,helvetica,sans-serif;\"><br \/>\n<u>PodCast-Bonus<\/u>:<br \/>\n\u00b0 Corona-Virus: Panikmache oder Transparenz?<br \/>\nInwieweitgelingt es in der medialen Berichterstattung bei einem Pandemie-Fall, den<br \/>\nmaximalen Schutz der Bev\u00f6lkerung zu gew\u00e4hrleisten, ohne dabei Panik und<br \/>\nHysterie zu verbreiten? Sind da Eil-Meldungen \u00fcber jeden Verdachtsfall in<br \/>\nKrankenh\u00e4usern meiner Umgebung hilfreich? Ver\u00e4ngstigen Fotos von Menschen unter<br \/>\nVollschutz oder st\u00e4rken sie die Sensibilit\u00e4t f\u00fcr das Thema? Sind Berichte \u00fcber<br \/>\nleergekaufte Apotheken sinnvoll? Ist der Zustand eines Patienten wichtiger als<br \/>\ndie Holocaust-Gedenkveranstaltung im Bundestag im Ranking von<br \/>\nNachrichtensendungen? Fragen \u00e4hnlicher Art stellen sich immer wieder<br \/>\n(Vogelgrippe, Schweinepest, SARS, Ebola). Welche Erfahrungen gibt es \u00fcber die<br \/>\nrichtige mediale Ausgewogenheit?<br \/>\nO-Ton: WHO-Trailer<br \/>\nTelefoninterview mit Volker Stollorz, Wissenschaftsjournalist, Redaktionsleiter, Gesch\u00e4ftsf\u00fchrer Science Media Center Germany (live)<br \/>\nDaniel Bouhs\/ J\u00f6rg Wagner<br \/>\n(Quelle: radioeins-Medienmagazin vom 01.02.2020)<br \/>\n<span style=\"font-size: 11pt; font-family: tahoma,arial,helvetica,sans-serif;\"><br \/>\n\u00b0 China: Zwischen Aufkl\u00e4rung und Desinformation<br \/>\nF\u00fcr Aufsehen sorgten in dieser Woche Online-Postings staatlicher chinesischer<br \/>\nZeitungen. Sie ver\u00f6ffentlichten ein Foto, das angeblich ein neu gebautes<br \/>\nSpezialkrankenhaus in Wuhan zeigen soll. Sehr schnell wurde aber klar: Das Foto<br \/>\nist eine F\u00e4lschung, es wurde aus einem Katalog kopiert. Die Postings wurden<br \/>\ninzwischen gel\u00f6scht. Angesichts solcher L\u00fcgen der Staatsmedien fragen sich<br \/>\nviele Chinesinnen und Chinesen aber, welchen Informationen sie noch glauben<br \/>\nsollen und welchen besser nicht.<br \/>\nSchaltgespr\u00e4ch mit Steffen Wurzel, ARD-Studio Shanghai (aufgezeichnet)<br \/>\nJ\u00f6rg Wagner<br \/>\n(Quelle: radioeins-Medienmagazin vom 01.02.2020)<br \/>\n<span style=\"font-size: 11pt; font-family: tahoma,arial,helvetica,sans-serif;\"><br \/>\n\u00b0 Marslandung im Hobbyprojekt &#8211; Weltraumberichterstattung im Zeitalter von Internet und All-Routine<br \/>\nO-Ton: Klaus Donath und Thomas Wehr von spacelivecast.de, 06.08.2012, 07:31 Uhr<br \/>\nAm 06.08.2012, landete um 7:32 Uhr ein Rover auf dem Mars. Aus wissenschaftlicher Sicht ein bedeutendes Ereignis. Vor 40 Jahren w\u00e4ren sicher Sondersendungen im Fernsehen zu sehen gewesen. Bei der ersten Mondlandung war die ARD 28h nonstop auf Sendung. Diesmal gab es einen kurzen Bericht im MoMa.<br \/>\nIst Weltraumerforschung medial uninteressant geworden? Doch es gibt Alternativen. Die Macher von Spacelivecast.de kommentierten die NASA-Bilder live im Netz.<br \/>\nO-Ton:<br \/>\n* G\u00fcnter <a href=\"https:\/\/www.wwwagner.tv\/?p=15939\" rel=\"noopener\" target=\"_blank\">Siefarth<\/a>, &#8222;Mr. Apollo&#8220;, ARD-Journalist<br \/>\n(Quelle: radioeins-Medienmagazin vom 18.07.1999)<br \/>\n* Ausschnitt: Spacelivecast vom 06.08.2012<br \/>\n<a href=\"https:\/\/www.wwwagner.tv\/?p=15967\" rel=\"noopener\" target=\"_blank\">Schaltkonferenz<\/a> per skype und Telefon \u00fcber Weltraumjournalismus mit Klaus Donath und Thomas Wehr, Betreiber von <a href=\"https:\/\/spacelivecast.de\/myportal\/\" rel=\"noopener\" target=\"_blank\">spacelivecast.de<\/a><br \/>\nJ\u00f6rg Wagner<\/p>\n<div style=\"height:10px;\"><\/div>\n<p><img loading=\"lazy\" decoding=\"async\" src=\"https:\/\/www.wwwagner.tv\/wp-content\/uploads\/20210130_podcast_1024\u00d7512.jpg\" alt=\"\" width=\"1024\" height=\"512\" class=\"alignnone size-full wp-image-49027\" srcset=\"https:\/\/www.wwwagner.tv\/wp-content\/uploads\/20210130_podcast_1024\u00d7512.jpg 1024w, https:\/\/www.wwwagner.tv\/wp-content\/uploads\/20210130_podcast_1024\u00d7512-300x150.jpg 300w, https:\/\/www.wwwagner.tv\/wp-content\/uploads\/20210130_podcast_1024\u00d7512-768x384.jpg 768w\" sizes=\"auto, (max-width: 1024px) 100vw, 1024px\" \/><\/p>\n<hr \/>\n<div style=\"height: 5px;\"><\/div>\n<p><html><br \/>\n     <head><\/p>\n<style type=\"text\/css\"> \n       body {\n                     background: #DADADA;\n       }\n      <\/style>\n<p>     <\/head><br \/>\n     <body><br \/>\n<\/body><br \/>\n    <\/html><br \/>\n<\/span><\/span><\/span><\/span><\/span><\/span><\/span><\/p>\n","protected":false},"excerpt":{"rendered":"<p>Gesamt-PodCast: No audio playback capabilities, please download the audio belowDownload Audio: Closed Format: MP3 Download (verlinkte Audio-Quelle bis zum 30.01.2022: rbb, radioeins) * via radioeins.de * via ARD-Audiothek * via ALEXA: &#8222;Alexa, spiele Medienmagazin von radioeins!&#8220; * via Google Home: &#8222;Ok, Google, spiele radioeins Medienmagazin!&#8220; [00:00] INTRO: Coronavirus-Update | [01:38] 1 Jahr Corona-Berichterstattung (1) &#8211; [&hellip;]<\/p>\n","protected":false},"author":2,"featured_media":32866,"comment_status":"closed","ping_status":"open","sticky":false,"template":"","format":"standard","meta":{"_monsterinsights_skip_tracking":false,"_monsterinsights_sitenote_active":false,"_monsterinsights_sitenote_note":"","_monsterinsights_sitenote_category":0,"footnotes":""},"categories":[4],"tags":[1113,269,944,423,936],"class_list":["post-49026","post","type-post","status-publish","format-standard","has-post-thumbnail","hentry","category-medienmagazin","tag-corona","tag-djv","tag-raumfahrt","tag-rundfunkbeitrag","tag-weltraum"],"_links":{"self":[{"href":"https:\/\/www.wwwagner.tv\/index.php?rest_route=\/wp\/v2\/posts\/49026","targetHints":{"allow":["GET"]}}],"collection":[{"href":"https:\/\/www.wwwagner.tv\/index.php?rest_route=\/wp\/v2\/posts"}],"about":[{"href":"https:\/\/www.wwwagner.tv\/index.php?rest_route=\/wp\/v2\/types\/post"}],"author":[{"embeddable":true,"href":"https:\/\/www.wwwagner.tv\/index.php?rest_route=\/wp\/v2\/users\/2"}],"replies":[{"embeddable":true,"href":"https:\/\/www.wwwagner.tv\/index.php?rest_route=%2Fwp%2Fv2%2Fcomments&post=49026"}],"version-history":[{"count":7,"href":"https:\/\/www.wwwagner.tv\/index.php?rest_route=\/wp\/v2\/posts\/49026\/revisions"}],"predecessor-version":[{"id":49034,"href":"https:\/\/www.wwwagner.tv\/index.php?rest_route=\/wp\/v2\/posts\/49026\/revisions\/49034"}],"wp:featuredmedia":[{"embeddable":true,"href":"https:\/\/www.wwwagner.tv\/index.php?rest_route=\/wp\/v2\/media\/32866"}],"wp:attachment":[{"href":"https:\/\/www.wwwagner.tv\/index.php?rest_route=%2Fwp%2Fv2%2Fmedia&parent=49026"}],"wp:term":[{"taxonomy":"category","embeddable":true,"href":"https:\/\/www.wwwagner.tv\/index.php?rest_route=%2Fwp%2Fv2%2Fcategories&post=49026"},{"taxonomy":"post_tag","embeddable":true,"href":"https:\/\/www.wwwagner.tv\/index.php?rest_route=%2Fwp%2Fv2%2Ftags&post=49026"}],"curies":[{"name":"wp","href":"https:\/\/api.w.org\/{rel}","templated":true}]}}