{"id":50489,"date":"2021-09-04T18:05:46","date_gmt":"2021-09-04T16:05:46","guid":{"rendered":"https:\/\/www.wwwagner.tv\/?p=50489"},"modified":"2021-09-08T11:21:48","modified_gmt":"2021-09-08T09:21:48","slug":"medienmagazin-vom-04-09-2021","status":"publish","type":"post","link":"https:\/\/www.wwwagner.tv\/?p=50489","title":{"rendered":"Medienmagazin vom 04.09.2021"},"content":{"rendered":"<div style=\"height: 10px;\"><\/div>\n<p>Gesamt-PodCast:<br \/>\n <audio   controls > <source src=\"https:\/\/rbbmediapmdp-a.akamaihd.net\/content\/c4\/f5\/c4f528b4-8501-4afd-a588-c27b26537640\/22bf7b46-88bb-4898-8e38-7baf5bb03aad_f78af967-21f6-4caf-a3e8-f271e48c9455.mp3\" type='audio\/mpeg' \/> <object   type=\"application\/x-shockwave-flash\"  data=\"https:\/\/www.wwwagner.tv\/wp-content\/plugins\/wphtml5player\/inc\/flowplayer.swf\"  width=\"400\"  height=\"30\"> <param name=\"movie\" value='https:\/\/www.wwwagner.tv\/wp-content\/plugins\/wphtml5player\/inc\/flowplayer.swf' \/><param name=\"allowfullscreen\" value='false' \/><param name=\"cachebusting\" value='true' \/><param name=\"bgcolor\" value='#000000' \/><param name=\"flashvars\" value='config={\"plugins\":{\"controls\":{\"height\":30,\"autoHide\":false,\"fullscreen\":false}},\"clip\":{\"autoPlay\":false,\"url\":\"https:\\\/\\\/rbbmediapmdp-a.akamaihd.net\\\/content\\\/c4\\\/f5\\\/c4f528b4-8501-4afd-a588-c27b26537640\\\/22bf7b46-88bb-4898-8e38-7baf5bb03aad_f78af967-21f6-4caf-a3e8-f271e48c9455.mp3\"},\"playlist\":[{\"autoPlay\":false,\"url\":\"https:\\\/\\\/rbbmediapmdp-a.akamaihd.net\\\/content\\\/c4\\\/f5\\\/c4f528b4-8501-4afd-a588-c27b26537640\\\/22bf7b46-88bb-4898-8e38-7baf5bb03aad_f78af967-21f6-4caf-a3e8-f271e48c9455.mp3\"}],\"play\":{\"opacity\":0}}' \/>  No audio playback capabilities, please download the audio below<br \/><strong>Download Audio:<\/strong> Closed Format: <a href=\"https:\/\/rbbmediapmdp-a.akamaihd.net\/content\/c4\/f5\/c4f528b4-8501-4afd-a588-c27b26537640\/22bf7b46-88bb-4898-8e38-7baf5bb03aad_f78af967-21f6-4caf-a3e8-f271e48c9455.mp3\">MP3<\/a> <\/object> <!-- Generated by HTML5 Multimedia Framework (http:\/\/code.google.com\/p\/html5videoplayer) --> <\/audio>  <br \/>\n<a href=\"https:\/\/rbbmediapmdp-a.akamaihd.net\/content\/c4\/f5\/c4f528b4-8501-4afd-a588-c27b26537640\/22bf7b46-88bb-4898-8e38-7baf5bb03aad_f78af967-21f6-4caf-a3e8-f271e48c9455.mp3\" target=\"_blank\" rel=\"noopener noreferrer\">Download<\/a><span style=\"color: #666666;\"> (verlinkte Audio-Quelle bis zum 04.09.2022: rbb, radioeins)<\/span><br \/>\n* via <a href=\"http:\/\/bit.ly\/UiK8m2\" rel=\"noopener noreferrer\" target=\"_blank\">radioeins.de<\/a><br \/>\n* via <a href=\"http:\/\/bit.ly\/2QPyw0c\" rel=\"noopener noreferrer\" target=\"_blank\">ARD-Audiothek<\/a><br \/>\n* via ALEXA: &#8222;Alexa, spiele Medienmagazin von radioeins!&#8220;<br \/>\n* via Google Home: &#8222;Ok, Google, spiele radioeins Medienmagazin!&#8220;<\/p>\n<div style=\"height: 20px;\"><\/div>\n<p>[00:00] INTRO: Retuschierter Mikrofon-Windschutz | [02:46] Umbau bei der &#8222;Welt am Sonntag&#8220; &#8211; Johannes Boie | [15:30] Nach dem Triell ist vor dem Triell &#8211; Oliver K\u00f6hr | [26:40] Wie wir im Wahlkampf manipuliert werden &#8211; Thomas Reutter | [44:25] Bonus: Weltspiegel: ARD-Korri in Afghanistan &#8211; Markus Spieker | [50:23] Bonus: Welt kompakt &#8211; 29.05.2004 | [58:36] Bonus: &#8222;Kein Mensch heute braucht eine Zeitung\u201c &#8211; Romanus Otte &#8211; 09.05.2015 || Daniel Bouhs &#038; J\u00f6rg Wagner<\/p>\n<div style=\"height: 30px;\"><\/div>\n<div class=\"BorlabsCookie\"><div class=\"_brlbs-content-blocker\"> <div class=\"_brlbs-default\"> <p>Klicken Sie auf den unteren Button, um den Inhalt von www.ardaudiothek.de zu laden.<\/p> <p><a class=\"_brlbs-btn\" href=\"#\" data-borlabs-cookie-unblock role=\"button\">Inhalt laden<\/a><\/p> <\/div> <\/div><div class=\"borlabs-hide\" data-borlabs-cookie-type=\"content-blocker\" data-borlabs-cookie-id=\"default\"><script type=\"text\/template\">PHA+PGlmcmFtZSBsb2FkaW5nPSJsYXp5IiBzcmM9Imh0dHBzOi8vd3d3LmFyZGF1ZGlvdGhlay5kZS9lbWJlZD9lcGlzb2RlPTkyNzY4MTU0IiB3aWR0aD0iMTEwMHB4IiBoZWlnaHQ9IjEyMHB4Ij48L2lmcmFtZT48L3A+<\/script><\/div><\/div>\n<div style=\"height: 20px;\"><\/div>\n<hr \/>\n<p><span style=\"font-size: 11pt; font-family: tahoma,arial,helvetica,sans-serif;\"><br \/>\n<strong>INTRO: Retuschierter Mikrofon-Windschutz<\/strong><br \/>\nO-T\u00f6ne:<br \/>\n* mdr-Sachsenspiegel, 03.09.2021<br \/>\n* Julian Reichelt, Bild-Chefredakteur, BILD LIVE, 03.09.2021 (nur Inforadio)<br \/>\n<span style=\"font-size: 11pt; font-family: tahoma,arial,helvetica,sans-serif;\"><br \/>\n<strong>1. PRINT: Umbau bei der &#8222;Welt&#8220; &#8211; der Anfang vom Ende?<\/strong><br \/>\nDer Axel-Springer-Konzern baut bei seinen Tageszeitungen der &#8222;Welt&#8220;-Gruppe um. Die t\u00e4glichen Ausgaben werden deutlich ausged\u00fcnnt. Die &#8222;Welt am Sonntag&#8220; erscheint zus\u00e4tzlich am Samstag und ersetzt die bisherige Samstagsausgabe. Wie viel Substanz geht dabei verloren?<br \/>\nmuPRO-Schaltgespr\u00e4ch mit Johannes Boie, WamS-Chefredakteur (live)<br \/>\n<span style=\"font-size: 11pt; font-family: tahoma,arial,helvetica,sans-serif;\"><br \/>\n<strong>2. WAHL: Nach dem Triell ist vor dem Triell<\/strong><br \/>\nARD und ZDF bereiten sich zur Zeit auf ihr gemeinsames TV-Triell mit den Bundeskanzler:innen-Kandidaten am 12.09.2021 vor.<br \/>\nWelche Erfahrungen zieht man aus dem ersten TV-Triell bei RTL vom letzten Sonntag?<br \/>\nGibt es komplement\u00e4re, damit andere Fragen, mehr Diskussion oder mehr Einzelrunden? Wird im selben Setting gefragt?<br \/>\nFacetime-Schaltgespr\u00e4ch mit Oliver K\u00f6hr, ARD-Chefredakteur und Triell-Moderator f\u00fcr die ARD (aufgezeichnet, 04.09.2021, 10:30 Uhr)<br \/>\n<span style=\"font-size: 11pt; font-family: tahoma,arial,helvetica,sans-serif;\"><br \/>\n<strong>3. WAHL: Wie wir im Wahlkampf manipuliert werden<\/strong><br \/>\nZwei ARD-Dokus haben sich mit der Frage besch\u00e4ftigt, mit welchen Methoden im Vorfeld der Bundestagswahl Stimmung gemacht wird und auch die Rolle von PR-Agenturen bzw der Medien untersucht.<br \/>\n\u201eDie Story im Ersten: Wahlkampf undercover \u2013 Wie PR-Profis uns manipulieren\u201c (NDR\/rbb) (Erstausstrahlung: 30.08.2021, 23:05 Uhr, Das Erste)<\/p>\n<div class=\"BorlabsCookie\"><div class=\"_brlbs-content-blocker\"> <div class=\"_brlbs-embed _brlbs-video-youtube\"> <img class=\"_brlbs-thumbnail\" src=\"https:\/\/www.wwwagner.tv\/wp-content\/plugins\/borlabs-cookie\/images\/cb-no-thumbnail.png\" alt=\"YouTube\"> <div class=\"_brlbs-caption\"> <p>Mit dem Laden des Videos akzeptieren Sie die Datenschutzerkl\u00e4rung von YouTube.<br><a href=\"https:\/\/policies.google.com\/privacy\" target=\"_blank\" rel=\"nofollow noopener noreferrer\">Mehr erfahren<\/a><\/p> <p><a class=\"_brlbs-btn _brlbs-icon-play-white\" href=\"#\" data-borlabs-cookie-unblock role=\"button\">Video laden<\/a><\/p> <p><label><input type=\"checkbox\" name=\"unblockAll\" value=\"1\" checked> <small>YouTube immer entsperren<\/small><\/label><\/p> <\/div> <\/div> <\/div><div class=\"borlabs-hide\" data-borlabs-cookie-type=\"content-blocker\" data-borlabs-cookie-id=\"youtube\"><script type=\"text\/template\">PHA+PGlmcmFtZSBsb2FkaW5nPSJsYXp5IiB3aWR0aD0iNTYwIiBoZWlnaHQ9IjMxNSIgc3JjPSJodHRwczovL3d3dy55b3V0dWJlLW5vY29va2llLmNvbS9lbWJlZC9SbzJYSGVsODN2MCIgdGl0bGU9IllvdVR1YmUgdmlkZW8gcGxheWVyIiBmcmFtZWJvcmRlcj0iMCIgYWxsb3c9ImFjY2VsZXJvbWV0ZXI7IGF1dG9wbGF5OyBjbGlwYm9hcmQtd3JpdGU7IGVuY3J5cHRlZC1tZWRpYTsgZ3lyb3Njb3BlOyBwaWN0dXJlLWluLXBpY3R1cmUiIGFsbG93ZnVsbHNjcmVlbj48L2lmcmFtZT48L3A+<\/script><\/div><\/div>\n<p><span style=\"font-size: 11pt; font-family: tahoma,arial,helvetica,sans-serif;\"><br \/>\n\u201eDie Story im Ersten: Die geheimen Meinungsmacher. Wie wir im Wahlkampf manipuliert werden\u201c (SWR) (Erstausstrahlung: 06.09.2021, 23:05 Uhr, Das Erste)<\/p>\n<div class=\"BorlabsCookie\"><div class=\"_brlbs-content-blocker\"> <div class=\"_brlbs-embed _brlbs-video-youtube\"> <img class=\"_brlbs-thumbnail\" src=\"https:\/\/www.wwwagner.tv\/wp-content\/plugins\/borlabs-cookie\/images\/cb-no-thumbnail.png\" alt=\"YouTube\"> <div class=\"_brlbs-caption\"> <p>Mit dem Laden des Videos akzeptieren Sie die Datenschutzerkl\u00e4rung von YouTube.<br><a href=\"https:\/\/policies.google.com\/privacy\" target=\"_blank\" rel=\"nofollow noopener noreferrer\">Mehr erfahren<\/a><\/p> <p><a class=\"_brlbs-btn _brlbs-icon-play-white\" href=\"#\" data-borlabs-cookie-unblock role=\"button\">Video laden<\/a><\/p> <p><label><input type=\"checkbox\" name=\"unblockAll\" value=\"1\" checked> <small>YouTube immer entsperren<\/small><\/label><\/p> <\/div> <\/div> <\/div><div class=\"borlabs-hide\" data-borlabs-cookie-type=\"content-blocker\" data-borlabs-cookie-id=\"youtube\"><script type=\"text\/template\">PHA+PGlmcmFtZSBsb2FkaW5nPSJsYXp5IiB3aWR0aD0iNTYwIiBoZWlnaHQ9IjMxNSIgc3JjPSJodHRwczovL3d3dy55b3V0dWJlLW5vY29va2llLmNvbS9lbWJlZC9UeWJpVzVxZFk5RSIgdGl0bGU9IllvdVR1YmUgdmlkZW8gcGxheWVyIiBmcmFtZWJvcmRlcj0iMCIgYWxsb3c9ImFjY2VsZXJvbWV0ZXI7IGF1dG9wbGF5OyBjbGlwYm9hcmQtd3JpdGU7IGVuY3J5cHRlZC1tZWRpYTsgZ3lyb3Njb3BlOyBwaWN0dXJlLWluLXBpY3R1cmUiIGFsbG93ZnVsbHNjcmVlbj48L2lmcmFtZT4=<\/script><\/div><\/div><br \/>\n<span style=\"font-size: 11pt; font-family: tahoma,arial,helvetica,sans-serif;\"><br \/>\nO-T\u00f6ne aus beiden Dokus<br \/>\nmuPRO-Schaltgespr\u00e4ch mit Thomas Reutter, verantwortlicher Redakteur in der Abteilung \u201eFilm und Doku\u201c des SWR Fernsehens (aufgezeichnet, 04.09.2021, 11:30 Uhr)<br \/>\n<span style=\"font-size: 11pt; font-family: tahoma,arial,helvetica,sans-serif;\"><br \/>\n<strong>PodCast-Bonus:<\/strong><br \/>\n\u00b0 ARD-Korri in Afghanistan &#8211; Markus Spieker im ARD-Weltspiegel vom <a href=\"https:\/\/www.ardmediathek.de\/video\/weltspiegel\/weltspiegel\/das-erste\/Y3JpZDovL2Rhc2Vyc3RlLmRlL3dlbHRzcGllZ2VsLzRkNjRkMmM1LTY5MjgtNDQ1YS04NGYzLWNmOWZmNGExODBiZQ\/\" rel=\"noopener\" target=\"_blank\">05.09.2021<\/a>, 19:20 Uhr, Das Erste<br \/>\n\u00b0 Rettung f\u00fcr die &#8222;Welt &#8222;? &#8211; Die &#8222;Welt&#8220; (Springer) erscheint seit 24.05.2004 in einem neuen kleinen Format zus\u00e4tzlich auf dem Markt. Funktioniert hier auch das, was u. a. in Skandinavien, Spanien und Gro\u00dfbritannien den Verlust von Zeitungen stoppen konnte? Telefoninterview Jan-Eric Peters, Chefredakteur &#8222;Welt Kompakt&#8220;, &#8222;Welt&#8220;, &#8222;Berliner Morgenpost&#8220;<br \/>\nQuelle: radioeins-Medienmagazin, 29.05.2004<br \/>\n\u00b0 &#8222;Kein Mensch heute braucht eine Zeitung\u201c<br \/>\nO-Ton: Uwe Vork\u00f6tter, Chefredakteur Frankfurter Rundschau (2009)<br \/>\nInterview mit Romanus Otte, General Manager DIE WELT Digital<br \/>\nam Rande des Medientreffpunkts Mitteldeutschland, Leipzig<br \/>\nQuelle: radioeins-Medienmagazin, 09.05.2015<\/p>\n<div style=\"height:10px;\"><\/div>\n<p><img loading=\"lazy\" decoding=\"async\" src=\"https:\/\/www.wwwagner.tv\/wp-content\/uploads\/20210904_podcast_1024\u00d7512.jpg\" alt=\"\" width=\"1024\" height=\"512\" class=\"alignnone size-full wp-image-50490\" srcset=\"https:\/\/www.wwwagner.tv\/wp-content\/uploads\/20210904_podcast_1024\u00d7512.jpg 1024w, https:\/\/www.wwwagner.tv\/wp-content\/uploads\/20210904_podcast_1024\u00d7512-300x150.jpg 300w, https:\/\/www.wwwagner.tv\/wp-content\/uploads\/20210904_podcast_1024\u00d7512-768x384.jpg 768w\" sizes=\"auto, (max-width: 1024px) 100vw, 1024px\" \/><\/p>\n<div style=\"height:10px;\"><\/div>\n<p>Fotos [M]: Welt am Sonntag<\/p>\n<hr \/>\n<div style=\"height: 5px;\"><\/div>\n<p><html><br \/>\n     <head><\/p>\n<style type=\"text\/css\">\n       body {\n                     background: #DADADA;\n       }\n      <\/style>\n<p>     <\/head><br \/>\n     <body><br \/>\n<\/body><br \/>\n    <\/html><\/span><\/span><\/span><\/span><\/span><\/span><\/span><\/p>\n","protected":false},"excerpt":{"rendered":"<p>Gesamt-PodCast: No audio playback capabilities, please download the audio belowDownload Audio: Closed Format: MP3 Download (verlinkte Audio-Quelle bis zum 04.09.2022: rbb, radioeins) * via radioeins.de * via ARD-Audiothek * via ALEXA: &#8222;Alexa, spiele Medienmagazin von radioeins!&#8220; * via Google Home: &#8222;Ok, Google, spiele radioeins Medienmagazin!&#8220; [00:00] INTRO: Retuschierter Mikrofon-Windschutz | [02:46] Umbau bei der &#8222;Welt [&hellip;]<\/p>\n","protected":false},"author":2,"featured_media":32866,"comment_status":"closed","ping_status":"open","sticky":false,"template":"","format":"standard","meta":{"_monsterinsights_skip_tracking":false,"_monsterinsights_sitenote_active":false,"_monsterinsights_sitenote_note":"","_monsterinsights_sitenote_category":0,"footnotes":""},"categories":[4],"tags":[30,807,858,806,1280,317,800],"class_list":["post-50489","post","type-post","status-publish","format-standard","has-post-thumbnail","hentry","category-medienmagazin","tag-ard","tag-bundestagswahl","tag-die-welt","tag-doku","tag-tv-triell","tag-wahlkampf","tag-welt-am-sonntag"],"_links":{"self":[{"href":"https:\/\/www.wwwagner.tv\/index.php?rest_route=\/wp\/v2\/posts\/50489","targetHints":{"allow":["GET"]}}],"collection":[{"href":"https:\/\/www.wwwagner.tv\/index.php?rest_route=\/wp\/v2\/posts"}],"about":[{"href":"https:\/\/www.wwwagner.tv\/index.php?rest_route=\/wp\/v2\/types\/post"}],"author":[{"embeddable":true,"href":"https:\/\/www.wwwagner.tv\/index.php?rest_route=\/wp\/v2\/users\/2"}],"replies":[{"embeddable":true,"href":"https:\/\/www.wwwagner.tv\/index.php?rest_route=%2Fwp%2Fv2%2Fcomments&post=50489"}],"version-history":[{"count":7,"href":"https:\/\/www.wwwagner.tv\/index.php?rest_route=\/wp\/v2\/posts\/50489\/revisions"}],"predecessor-version":[{"id":50497,"href":"https:\/\/www.wwwagner.tv\/index.php?rest_route=\/wp\/v2\/posts\/50489\/revisions\/50497"}],"wp:featuredmedia":[{"embeddable":true,"href":"https:\/\/www.wwwagner.tv\/index.php?rest_route=\/wp\/v2\/media\/32866"}],"wp:attachment":[{"href":"https:\/\/www.wwwagner.tv\/index.php?rest_route=%2Fwp%2Fv2%2Fmedia&parent=50489"}],"wp:term":[{"taxonomy":"category","embeddable":true,"href":"https:\/\/www.wwwagner.tv\/index.php?rest_route=%2Fwp%2Fv2%2Fcategories&post=50489"},{"taxonomy":"post_tag","embeddable":true,"href":"https:\/\/www.wwwagner.tv\/index.php?rest_route=%2Fwp%2Fv2%2Ftags&post=50489"}],"curies":[{"name":"wp","href":"https:\/\/api.w.org\/{rel}","templated":true}]}}