{"id":51198,"date":"2022-01-29T18:05:38","date_gmt":"2022-01-29T16:05:38","guid":{"rendered":"https:\/\/www.wwwagner.tv\/?p=51198"},"modified":"2022-02-23T01:46:12","modified_gmt":"2022-02-22T23:46:12","slug":"medienmagazin-vom-29-01-2022","status":"publish","type":"post","link":"https:\/\/www.wwwagner.tv\/?p=51198","title":{"rendered":"Medienmagazin vom 29.01.2022"},"content":{"rendered":"<div style=\"height: 10px;\"><\/div>\n<p>Gesamt-PodCast:<br \/>\n <audio   controls > <source src=\"https:\/\/rbbmediapmdp-a.akamaihd.net\/content\/01\/01\/0101f239-cd6f-4d0e-97ff-48db004798b1\/1dd3bbeb-6e07-4692-8813-34f065279628_a4d6b091-cae7-4389-a8c9-4ecd4563e8df.mp3\" type='audio\/mpeg' \/> <object   type=\"application\/x-shockwave-flash\"  data=\"https:\/\/www.wwwagner.tv\/wp-content\/plugins\/wphtml5player\/inc\/flowplayer.swf\"  width=\"400\"  height=\"30\"> <param name=\"movie\" value='https:\/\/www.wwwagner.tv\/wp-content\/plugins\/wphtml5player\/inc\/flowplayer.swf' \/><param name=\"allowfullscreen\" value='false' \/><param name=\"cachebusting\" value='true' \/><param name=\"bgcolor\" value='#000000' \/><param name=\"flashvars\" value='config={\"plugins\":{\"controls\":{\"height\":30,\"autoHide\":false,\"fullscreen\":false}},\"clip\":{\"autoPlay\":false,\"url\":\"https:\\\/\\\/rbbmediapmdp-a.akamaihd.net\\\/content\\\/01\\\/01\\\/0101f239-cd6f-4d0e-97ff-48db004798b1\\\/1dd3bbeb-6e07-4692-8813-34f065279628_a4d6b091-cae7-4389-a8c9-4ecd4563e8df.mp3\"},\"playlist\":[{\"autoPlay\":false,\"url\":\"https:\\\/\\\/rbbmediapmdp-a.akamaihd.net\\\/content\\\/01\\\/01\\\/0101f239-cd6f-4d0e-97ff-48db004798b1\\\/1dd3bbeb-6e07-4692-8813-34f065279628_a4d6b091-cae7-4389-a8c9-4ecd4563e8df.mp3\"}],\"play\":{\"opacity\":0}}' \/>  No audio playback capabilities, please download the audio below<br \/><strong>Download Audio:<\/strong> Closed Format: <a href=\"https:\/\/rbbmediapmdp-a.akamaihd.net\/content\/01\/01\/0101f239-cd6f-4d0e-97ff-48db004798b1\/1dd3bbeb-6e07-4692-8813-34f065279628_a4d6b091-cae7-4389-a8c9-4ecd4563e8df.mp3\">MP3<\/a> <\/object> <!-- Generated by HTML5 Multimedia Framework (http:\/\/code.google.com\/p\/html5videoplayer) --> <\/audio>  <br \/>\n<a href=\"https:\/\/rbbmediapmdp-a.akamaihd.net\/content\/01\/01\/0101f239-cd6f-4d0e-97ff-48db004798b1\/1dd3bbeb-6e07-4692-8813-34f065279628_a4d6b091-cae7-4389-a8c9-4ecd4563e8df.mp3\" target=\"_blank\" rel=\"noopener noreferrer\">Download<\/a><span style=\"color: #666666;\"> (verlinkte Audio-Quelle bis zum 29.01.2023: rbb, radioeins)<\/span><br \/>\n* via <a href=\"http:\/\/bit.ly\/UiK8m2\" rel=\"noopener noreferrer\" target=\"_blank\">radioeins.de<\/a><br \/>\n* via <a href=\"http:\/\/bit.ly\/2QPyw0c\" rel=\"noopener noreferrer\" target=\"_blank\">ARD-Audiothek<\/a><br \/>\n* via <a href=\"https:\/\/open.spotify.com\/show\/7xVQUA4ge6g5IUsCYk5qtE?si=d4af4d1f18f94ddc\" rel=\"noopener\" target=\"_blank\">spotify<\/a><br \/>\n* via <a href=\"https:\/\/podcasts.apple.com\/de\/podcast\/medienmagazin\/id160843212\" rel=\"noopener\" target=\"_blank\">Apple PodCasts<\/a><br \/>\n* via ALEXA: &#8222;Alexa, spiele Medienmagazin von radioeins!&#8220;<br \/>\n* via Google Home: &#8222;Ok, Google, spiele radioeins Medienmagazin!&#8220;<\/p>\n<div style=\"height: 10px;\"><\/div>\n<p>[00:00] INTRO: Gegen Unkultur des Polarisierens und Diffamierens | [02:30] DIALOG: &#8222;Hinter den Schlagzeilen &#8211; Mit BILD im Gespr\u00e4ch\u201c | [10:17] OUTING: \u201eWie Gott uns schuf\u201c &#8211; Reaktionen nach ARD-Doku &#8211; Katharina K\u00fchn | [26:33] JUBIL\u00c4UM: ARTE wird 30 &#8211; Auftakt mit dem Filmessay &#8222;Rottet die Bestien aus!&#8220; &#8211; Raoul Peck | [39:22] Bonus:  &#8222;Hinter den Schlagzeilen &#8211; Mit BILD im Gespr\u00e4ch\u201c &#8211; Diskussion, 28.01.2022, Berlin || Daniel Bouhs &#038; J\u00f6rg Wagner<\/p>\n<div style=\"height: 20px;\"><\/div>\n<hr \/>\n<div style=\"height: 10px;\"><\/div>\n<p><span style=\"font-size: 11pt; font-family: tahoma,arial,helvetica,sans-serif;\"><br \/>\n<strong>INTRO: Gegen Unkultur des Polarisierens und Diffamierens<\/strong><br \/>\nO-Ton: Univ.-Prof. Dr. Michael Hallek, Direktor Klinik I f\u00fcr Innere Medizin und CIO Aachen Bonn K\u00f6ln D\u00fcsseldorf, &#8222;Hinter den Schlagzeilen &#8211; Mit BILD im Gespr\u00e4ch\u201c<br \/>\n<span style=\"font-size: 11pt; font-family: tahoma,arial,helvetica,sans-serif;\"><br \/>\n<strong>1. DIALOG: &#8222;Hinter den Schlagzeilen &#8211; Mit BILD im Gespr\u00e4ch&#8220;<\/strong><br \/>\nDie Helmholtz-Gemeinschaft, Hochschulrektorenkonferenz und die Max-Planck-Gesellschaft diskutierten (Freitag, 28.01.2022) gemeinsam zum Verh\u00e4ltnis und Selbstverst\u00e4ndnis von Wissenschaft und Journalismus in der Pandemie. Ausl\u00f6ser f\u00fcr das \u00f6ffentliche <a href=\"https:\/\/event.bild.de\/event\/625bdcdb-17b7-44c7-99f3-d078d354aabf\/websitePage:1f7528fd-2643-4144-bda0-e8a3871f4824\" rel=\"noopener\" target=\"_blank\">Gespr\u00e4ch<\/a> war die stark kritisierte Berichterstattung der BILD-Gruppe, die f\u00fcr die Coronama\u00dfnahmen der Politik Wissenschaftler:innen an den Pranger stellten. Nach dem Wechsel an der BILD-Spitze ist der neue BILD-Chefredakteur Johannes Boie um Schadensbegrenzung bem\u00fcht.<br \/>\nAusschnitte aus der Diskussion mit:<br \/>\n* Dr. Viola Priesemann, Max-Planck-Institut f\u00fcr Dynamik und Selbstorganisation, G\u00f6ttingen, Leiterin einer Max-Planck-Forschungsgruppe &#8222;Theorie neuronaler Systeme&#8220;<br \/>\n* Prof. Dr. med. Dr. h. c. mult Otmar D. Wiestler, Pr\u00e4sident der Helmholtz-Gemeinschaft Deutscher Forschungszentren e. V., Bonn<br \/>\n* Prof. Dr. Michael Meyer-Hermann, Leiter der Abteilung System Immunologie am Helmholtz-Zentrum f\u00fcr Infektionsforschung, Braunschweig<br \/>\n* Johannes Boie, Vorsitzender der BILD-Chefredaktionen, Berlin<br \/>\nAutor: Daniel Bouhs<br \/>\n<span style=\"font-size: 11pt; font-family: tahoma,arial,helvetica,sans-serif;\"><br \/>\n<strong>2. OUTING: <a href=\"https:\/\/www.daserste.de\/information\/reportage-dokumentation\/dokus\/sendung\/wie-gott-uns-schuf-100.html\" rel=\"noopener\" target=\"_blank\">\u201eWie Gott uns schuf\u201c<\/a> &#8211; Reaktionen nach ARD-Doku<\/strong><br \/>\nNichtheterosexuell Gl\u00e4ubige im Dienst der katholischen Kirche in Deutschland wagten am Montag in einer ARD (rbb, NDR, SWR)-Dokumentation den gemeinsamen Schritt an die \u00d6ffentlichkeit. Mit diesem Outing riskierten sie Berufsverbot und moralischer Verurteilung.<br \/>\nWie waren die Reaktionen?<br \/>\nO-Ton: Doku-Ausschnitt<br \/>\nmuPRO-Schaltgespr\u00e4ch mit Katharina <a href=\"http:\/\/katharinakuehn.de\/\">K\u00fchn<\/a>, vom Autoren-Team der Doku (live)<br \/>\nDaniel Bouhs + J\u00f6rg Wagner<br \/>\n<span style=\"font-size: 11pt; font-family: tahoma,arial,helvetica,sans-serif;\"><br \/>\n<strong>3. JUBIL\u00c4UM: ARTE wird 30 &#8211; Auftakt mit dem Filmessay &#8222;Rottet die Bestien aus!&#8220;<\/strong><br \/>\nMit der vierteiligen Dokumentation <a href=\"https:\/\/www.arte.tv\/d e\/videos\/095727-001-A\/rottet-die-bestien-aus-1-4\/\" rel=\"noopener\" target=\"_blank\">&#8222;Rottet die Bestien aus!&#8220;<\/a> startet ARTE das Jubil\u00e4umsprogramm aus Anlass des 30-j\u00e4hrigen Bestehens. (Auftakt: 01.02.2022)<br \/>\nErz\u00e4hlt wird die Geschichte des Kolonialismus, der zugleich eine Geschichte \u00fcber die Rolle von Propaganda und Medien ist.<br \/>\nAutor ist Raoul Peck, dem sein Film \u201eI Am Not Your Negro\u201d \u00fcber die schwarze B\u00fcrgerrechtsbewegung in den USA im Jahr 2017 eine Oscar-Nominierung in der Kategorie \u201eBester Dokumentarfilm\u201c einbrachte.<br \/>\nAus dem ARTE-Text: &#8222;In seinem Filmessay &#8222;Rottet die Bestien aus!&#8220; entwirft Raoul Peck ein schonungsloses und pers\u00f6nliches Bild der Geschichte des europ\u00e4ischen Kolonialismus von Amerika bis Afrika. Er widerlegt jedes simplifizierende Konzept vom Ursprung der \u201ewei\u00dfen Vorherrschaft&#8220; und des Rassismus. Peck enth\u00fcllt die Hintergr\u00fcnde der aufeinanderfolgenden V\u00f6lkermorde &#8211; von den Ureinwohnern Amerikas \u00fcber den Sklavenhandel in Afrika bis hin zum Holocaust in Europa &#8211; und er hinterfragt die Art und Weise, wie diese gemeinsame Geschichte geschrieben wurde.\u201c<br \/>\nOnlinegespr\u00e4ch mit Dokumentaristen Raoul <a href=\"https:\/\/de.wikipedia.org\/wiki\/Raoul_Peck\" rel=\"noopener\" target=\"_blank\">Peck<\/a> (Aufzeichnung w\u00e4hrend eines arte-Pressegespr\u00e4chs am 12.01.2022)<br \/>\n+ Filmausschnitte + Ausschnitt aus der H&#038;S-Doku <a href=\"https:\/\/youtu.be\/CGAUW1ZF2xI\" rel=\"noopener\" target=\"_blank\">&#8222;Der lachende Mann&#8220;<\/a><br \/>\nDaniel Bouhs + J\u00f6rg Wagner<br \/>\n<span style=\"font-size: 11pt; font-family: tahoma,arial,helvetica,sans-serif;\"><br \/>\n<strong>PodCast-Bonus:<\/strong><br \/>\nWas: \u00d6ffentliches Gespr\u00e4ch<br \/>\n\u201cHinter den Schlagzeilen &#8211; Mit BILD im Gespr\u00e4ch<br \/>\nDialog zur Rolle des Boulevardjournalismus in Zeiten der Pandemie\u201d<br \/>\nWann: 28.01.2022, 12:34 Uhr<br \/>\nWo: Axel-Springer-Hochhaus, Berlin<br \/>\nWer:<br \/>\n* Dr. Viola <a href=\"https:\/\/www.ds.mpg.de\/person\/27482\/2247\" rel=\"noopener\" target=\"_blank\">Priesemann<\/a>, Max-Planck-Institut f\u00fcr Dynamik und Selbstorganisation, G\u00f6ttingen, Leiterin einer Max-Planck-Forschungsgruppe &#8222;Theorie neuronaler Systeme&#8220;<br \/>\n* Prof. Dr. med. Dr. h. c. mult Otmar D. <a href=\"https:\/\/www.helmholtz.de\/fileadmin\/user_upload\/03_ueber_uns\/organisation\/praesident\/CV_Wiestler_kurz_deutsch_04-2017.pdf\" rel=\"noopener\" target=\"_blank\">Wiestler<\/a>, Pr\u00e4sident der Helmholtz-Gemeinschaft Deutscher Forschungszentren e. V., Bonn<br \/>\n* Univ.-Prof. Dr. Michael <a href=\"https:\/\/innere1.uk-koeln.de\/klinik\/direktor-teams\/\" rel=\"noopener\" target=\"_blank\">Hallek<\/a>, Direktor Klinik I f\u00fcr Innere Medizin und CIO Aachen Bonn K\u00f6ln D\u00fcsseldorf<br \/>\n* Prof. Dr. Michael <a href=\"https:\/\/www.helmholtz-hzi.de\/de\/forschung\/forschungsschwerpunkte\/immunantwort-und-interventionen\/system-immunologie\/m-meyer-hermann\/\" rel=\"noopener\" target=\"_blank\">Meyer-Hermann<\/a>, Leiter der Abteilung System Immunologie am Helmholtz-Zentrum f\u00fcr Infektionsforschung, Braunschweig<br \/>\n* Johannes <a href=\"https:\/\/de.wikipedia.org\/wiki\/Johannes_Boie\" rel=\"noopener\" target=\"_blank\">Boie<\/a>, Vorsitzender der BILD-Chefredaktionen, Berlin<br \/>\nPublikumsfragen: Patricia <a href=\"https:\/\/www.bild.de\/unterhaltung\/tv\/news\/unsere-moderatoren-patricia-platiel-77358912.bild.html\" rel=\"noopener\" target=\"_blank\">Platiel<\/a>, Moderatorin bei Bild Live<br \/>\nModeration: Blanka <a href=\"http:\/\/blankaweber.de\/\" rel=\"noopener\" target=\"_blank\">Weber<\/a>, freiberufliche Journalistin, vorwiegend f\u00fcr den MDR Kultur und Deutschlandfunk<\/p>\n<div style=\"height:10px;\"><\/div>\n<figure id=\"attachment_51199\" aria-describedby=\"caption-attachment-51199\" style=\"width: 1024px\" class=\"wp-caption alignnone\"><img loading=\"lazy\" decoding=\"async\" src=\"https:\/\/www.wwwagner.tv\/wp-content\/uploads\/20220129_podcast_twitter_1024\u200a\u00d7\u200a576.jpg\" alt=\"\" width=\"1024\" height=\"576\" class=\"size-full wp-image-51199\" srcset=\"https:\/\/www.wwwagner.tv\/wp-content\/uploads\/20220129_podcast_twitter_1024\u200a\u00d7\u200a576.jpg 1024w, https:\/\/www.wwwagner.tv\/wp-content\/uploads\/20220129_podcast_twitter_1024\u200a\u00d7\u200a576-300x169.jpg 300w, https:\/\/www.wwwagner.tv\/wp-content\/uploads\/20220129_podcast_twitter_1024\u200a\u00d7\u200a576-768x432.jpg 768w\" sizes=\"auto, (max-width: 1024px) 100vw, 1024px\" \/><figcaption id=\"caption-attachment-51199\" class=\"wp-caption-text\">Foto: \u00a9 J\u00f6rg Wagner<\/figcaption><\/figure>\n<div style=\"height: 20px;\"><\/div>\n<hr \/>\n<div style=\"height: 5px;\"><\/div>\n<p><html><br \/>\n     <head><\/p>\n<style type=\"text\/css\">\n       body {\n                     background: #DADADA;\n       }\n      <\/style>\n<p>     <\/head><br \/>\n     <body><br \/>\n<\/body><br \/>\n    <\/html><\/span><\/span><\/span><\/span><\/span><\/p>\n","protected":false},"excerpt":{"rendered":"<p>Gesamt-PodCast: No audio playback capabilities, please download the audio belowDownload Audio: Closed Format: MP3 Download (verlinkte Audio-Quelle bis zum 29.01.2023: rbb, radioeins) * via radioeins.de * via ARD-Audiothek * via spotify * via Apple PodCasts * via ALEXA: &#8222;Alexa, spiele Medienmagazin von radioeins!&#8220; * via Google Home: &#8222;Ok, Google, spiele radioeins Medienmagazin!&#8220; [00:00] INTRO: Gegen [&hellip;]<\/p>\n","protected":false},"author":2,"featured_media":51003,"comment_status":"closed","ping_status":"open","sticky":false,"template":"","format":"standard","meta":{"_monsterinsights_skip_tracking":false,"footnotes":""},"categories":[4],"tags":[311,146,1113,1298,511],"class_list":["post-51198","post","type-post","status-publish","format-standard","has-post-thumbnail","hentry","category-medienmagazin","tag-arte","tag-bild","tag-corona","tag-katholische-kirche","tag-wissenschaft"],"_links":{"self":[{"href":"https:\/\/www.wwwagner.tv\/index.php?rest_route=\/wp\/v2\/posts\/51198","targetHints":{"allow":["GET"]}}],"collection":[{"href":"https:\/\/www.wwwagner.tv\/index.php?rest_route=\/wp\/v2\/posts"}],"about":[{"href":"https:\/\/www.wwwagner.tv\/index.php?rest_route=\/wp\/v2\/types\/post"}],"author":[{"embeddable":true,"href":"https:\/\/www.wwwagner.tv\/index.php?rest_route=\/wp\/v2\/users\/2"}],"replies":[{"embeddable":true,"href":"https:\/\/www.wwwagner.tv\/index.php?rest_route=%2Fwp%2Fv2%2Fcomments&post=51198"}],"version-history":[{"count":13,"href":"https:\/\/www.wwwagner.tv\/index.php?rest_route=\/wp\/v2\/posts\/51198\/revisions"}],"predecessor-version":[{"id":51212,"href":"https:\/\/www.wwwagner.tv\/index.php?rest_route=\/wp\/v2\/posts\/51198\/revisions\/51212"}],"wp:featuredmedia":[{"embeddable":true,"href":"https:\/\/www.wwwagner.tv\/index.php?rest_route=\/wp\/v2\/media\/51003"}],"wp:attachment":[{"href":"https:\/\/www.wwwagner.tv\/index.php?rest_route=%2Fwp%2Fv2%2Fmedia&parent=51198"}],"wp:term":[{"taxonomy":"category","embeddable":true,"href":"https:\/\/www.wwwagner.tv\/index.php?rest_route=%2Fwp%2Fv2%2Fcategories&post=51198"},{"taxonomy":"post_tag","embeddable":true,"href":"https:\/\/www.wwwagner.tv\/index.php?rest_route=%2Fwp%2Fv2%2Ftags&post=51198"}],"curies":[{"name":"wp","href":"https:\/\/api.w.org\/{rel}","templated":true}]}}