{"id":51347,"date":"2022-02-18T17:00:15","date_gmt":"2022-02-18T15:00:15","guid":{"rendered":"https:\/\/www.wwwagner.tv\/?p=51347"},"modified":"2022-02-20T21:02:12","modified_gmt":"2022-02-20T19:02:12","slug":"patricia-schlesinger-zum-ausbau-von-tagesschau24","status":"publish","type":"post","link":"https:\/\/www.wwwagner.tv\/?p=51347","title":{"rendered":"Patricia Schlesinger zum Ausbau von &#8222;tagesschau24&#8220;"},"content":{"rendered":"<p><figure id=\"attachment_51348\" aria-describedby=\"caption-attachment-51348\" style=\"width: 1100px\" class=\"wp-caption alignnone\"><img loading=\"lazy\" decoding=\"async\" src=\"https:\/\/www.wwwagner.tv\/wp-content\/uploads\/20220218_schlesinger_patricia_ts24_1100x546.jpg\" alt=\"\" width=\"1100\" height=\"546\" class=\"size-full wp-image-51348\" srcset=\"https:\/\/www.wwwagner.tv\/wp-content\/uploads\/20220218_schlesinger_patricia_ts24_1100x546.jpg 1100w, https:\/\/www.wwwagner.tv\/wp-content\/uploads\/20220218_schlesinger_patricia_ts24_1100x546-300x149.jpg 300w, https:\/\/www.wwwagner.tv\/wp-content\/uploads\/20220218_schlesinger_patricia_ts24_1100x546-768x381.jpg 768w\" sizes=\"auto, (max-width: 1100px) 100vw, 1100px\" \/><figcaption id=\"caption-attachment-51348\" class=\"wp-caption-text\">Patricia Schlesinger | Foto \u00a9 J\u00f6rg Wagner<\/figcaption><\/figure><br \/>\n<span style=\"font-size: 11pt; font-family: tahoma,arial,helvetica,sans-serif;\"><\/p>\n<div style=\"height:20px;\"><\/div>\n <audio   controls > <source src=\"http:\/\/www.wwwagner.tv\/audio\/20220218_schlesinger_patricia_zu ts24.mp3\" type='audio\/mpeg' \/> <object   type=\"application\/x-shockwave-flash\"  data=\"https:\/\/www.wwwagner.tv\/wp-content\/plugins\/wphtml5player\/inc\/flowplayer.swf\"  width=\"400\"  height=\"30\"> <param name=\"movie\" value='https:\/\/www.wwwagner.tv\/wp-content\/plugins\/wphtml5player\/inc\/flowplayer.swf' \/><param name=\"allowfullscreen\" value='false' \/><param name=\"cachebusting\" value='true' \/><param name=\"bgcolor\" value='#000000' \/><param name=\"flashvars\" value='config={\"plugins\":{\"controls\":{\"height\":30,\"autoHide\":false,\"fullscreen\":false}},\"clip\":{\"autoPlay\":false,\"url\":\"http:\\\/\\\/www.wwwagner.tv\\\/audio\\\/20220218_schlesinger_patricia_zu ts24.mp3\"},\"playlist\":[{\"autoPlay\":false,\"url\":\"http:\\\/\\\/www.wwwagner.tv\\\/audio\\\/20220218_schlesinger_patricia_zu ts24.mp3\"}],\"play\":{\"opacity\":0}}' \/>  No audio playback capabilities, please download the audio below<br \/><strong>Download Audio:<\/strong> Closed Format: <a href=\"http:\/\/www.wwwagner.tv\/audio\/20220218_schlesinger_patricia_zu ts24.mp3\">MP3<\/a> <\/object> <!-- Generated by HTML5 Multimedia Framework (http:\/\/code.google.com\/p\/html5videoplayer) --> <\/audio>  \n<div style=\"height:10px;\"><\/div>\n<p><span style=\"font-size: 11pt; font-family: tahoma,arial,helvetica,sans-serif;\"><br \/>\n<u>Wer<\/u>:<br \/>\n* Patricia Schlesinger, ARD-Vorsitzende, rbb-Intendantin<br \/>\n* Daniel Bouhs, Freier Medienjournalist<br \/>\n* J\u00f6rg Wagner, Freier Medienjournalist<br \/>\n<u>Wann<\/u>: rec. 18.02.2022, 17:00 Uhr, ver\u00f6ffentlicht im radioeins-Medienmagazin am 19.02.2022 um 18:05 Uhr und im rbb Inforadio, 20.02.2022, 10:43 Uhr<br \/>\n<u>Wo<\/u>: rbb Berlin, Masurenallee, Intendanz<\/p>\n<div style=\"height:10px;\"><\/div>\n<div id='stb-container-1990' class='stb-container-css stb-custom-container stb-no-caption stb-image-none stb-ltr stb-border stb-side'><aside class='stb-icon'><img src='http:\/\/www.wwwagner.tv\/wp-content\/plugins\/wp-special-textboxes\/themes\/stb-dark\/heart.png'><\/aside><div id='stb-box-1990' class='stb-custom_box stb-box' ><br \/>\n<span style=\"font-size: 11pt; font-family: tahoma,arial,helvetica,sans-serif;\"><br \/>\n(w\u00f6rtliches Transkript, H\u00f6rverst\u00e4ndnisfehler vorbehalten)<\/p>\n<div style=\"height: 20px;\"><\/div>\n<blockquote><p>\ntagesschau24 [00:00:03] <em>Und jetzt, gerade vor einer halben Stunde hat dieses Hauptsturmfeld mit den ganz gro\u00dfen Orkanb\u00f6en eben auch die Oder erreicht. Deshalb eben auch 120 Kilometer pro Stunde auch eine Orkanb\u00f6e der St\u00e4rke 12 im Gro\u00dfraum Berlin und dann eben auch in Frankfurt an der Oder jetzt im Umfeld dort auch eine erste Orkanb\u00f6e. &#8211; Vielen Dank! Frank B\u00f6ttcher, Extremwetter-Experte, der uns auch die ganze Nacht \u00fcber hier im Stream ja begleitet. Wir bleiben f\u00fcr Sie auf dem Laufenden und halten Sie nat\u00fcrlich auch auf dem Laufenden.<\/em> <\/p>\n<p>J\u00f6rg Wagner [00:00:37] <strong>&#8222;tagesschau24&#8220; in der Nacht zum Samstag.<\/strong> <\/p>\n<p>Daniel Bouhs [00:00:39] <strong>Ja, diesen Kanal will die ARD jetzt ausbauen, wie es hei\u00dft zu einer Art &#8222;CNN&#8220;, wenn auch nicht in der Lautst\u00e4rke eines US-amerikanischen Nachrichtensenders.<\/strong> <\/p>\n<p>J\u00f6rg Wagner [00:00:48] <strong>Und man bef\u00fcrchtet geradezu, wenn man die medial verst\u00e4rkten Stimmen \u00fcber russische Milit\u00e4rman\u00f6ver an der ukrainischen Grenze h\u00f6rt, dass &#8222;tagesschau24&#8220; nach der Sondersendung zur letzten Orkan-Nacht doch schneller als geplant, die n\u00e4chste News-Breaking-Lage bekommt. Denn das ist das Ziel des neuen ARD-Beschlusses zum Kanal &#8222;tagesschau24&#8220;: umfassende und schnelle Versorgung w\u00e4hrend pl\u00f6tzlicher Nachrichtenlagen. Dar\u00fcber sprachen wir am Freitagnachmittag mit Patricia Schlesinger, der Intendantin des rbb und seit Jahresbeginn f\u00fcr voraussichtlich zwei Jahre Vorsitzende der ARD.<\/strong> <\/p>\n<p>Daniel Bouhs [00:01:26] <strong>Wir fragten sie: Der ARD war es dann doch offensichtlich etwas peinlich, wie tr\u00e4ge sie bei einigen Gro\u00dfereignissen war, beim Brand der Notre Dame oder beim sogenannten Sturm aufs US-Kapitol vor gut einem Jahr?<\/strong> <\/p>\n<p>Patricia Schlesinger [00:01:39] Wissen Sie, man kann immer alles verbessern. Und wenn wir in diesem Land eines nicht hatten bisher, ist ein Nachrichtenkanal der \u00d6ffentlich-Rechtlichen. Und ich sage auch: Die ARD hat alles dazu. Alles ist da. Und wenn wir das jetzt richtig betriebswirtschaftlich organisieren, vernetzt organisieren, kooperieren, k\u00f6nnen wir das leisten und zwar ohne Mehrbedarf leisten. Und ich glaube, dieses Land verdient einen Nachrichtenkanal, der den Namen verdient. In den gro\u00dfen Lagen. Das hei\u00dft, wenn Notre Dame brennt oder wenn der Sturm aufs Kapitol stattfindet. Aber auch wenn in &#8230; ich sage mal in Bayern ein Tal volll\u00e4uft oder wenn in K\u00f6ln eine Br\u00fccke einst\u00fcrzt oder in Berlin sich Menschen auf die Stra\u00dfe kleben, ist es richtig, den Menschen Informationen dar\u00fcber zu liefern. Wir haben eigentlich alles, was wir dazu brauchen, inklusive verteilter Rollen in der ARD. Wir haben in Frankfurt, haben wir Wirtschaft, wir haben das Wetter. Wir haben den Sport beim WDR. Wir haben die Kultur in Weimar demn\u00e4chst. Wir haben in Hamburg die Nachrichten, also wir sind da gut aufgestellt und k\u00f6nnen gemeinschaftlich kooperativ so etwas stemmen. Und dazu haben wir uns jetzt verpflichtet. Ich freue mich darauf. <\/p>\n<p>J\u00f6rg Wagner [00:02:51] <strong>Warum hatte denn die ARD bisher &#8222;tagesschau24&#8220; nicht als Nachrichtenkanal verstanden?<\/strong> <\/p>\n<p>Patricia Schlesinger [00:02:56] Es ist ein Nachrichtenkanal, er ist ja solcher auch genehmigt, Teil unseres Auftrags, was wichtig ist. Wir haben ihn nur bisher nicht so ausgebaut. <\/p>\n<p>J\u00f6rg Wagner [00:03:04] <strong>Gibt es da Gr\u00fcnde?<\/strong> <\/p>\n<p>Patricia Schlesinger [00:03:06] Man muss irgendwann mal eine Entscheidung treffen, eine Entscheidung treffen, weil etwas richtig und wichtig und vielleicht auch angesagt ist. Und in diesen Zeiten, in diesen Zeiten, wo so viel Verunsicherung herrscht, sowohl was die gro\u00dfen politischen Fragen angeht, auch aus gesellschaftlichen Gr\u00fcnden &#8211; wir haben so viele Fragen zu beantworten &#8211; glaube ich, sind wir gut beraten, der Gesellschaft einen Nachrichtenkanal anzubieten, der tats\u00e4chlich dieses Wort verdient. Rund um die Uhr m\u00f6glichst bald. <\/p>\n<blockquote class=\"twitter-tweet\" data-lang=\"de\" data-theme=\"dark\">\n<p lang=\"de\" dir=\"ltr\">Tagesschau 24 ist kein reiner Nachrichtenkanal, der als solcher vom Gesetzgeber in Auftrag gegeben ist. Er ist f\u00fcr einen 24-Stunden Live-Betrieb gar nicht ausgelegt.<\/p>\n<p>&mdash; ARD (@ARD_Presse) <a href=\"https:\/\/twitter.com\/ARD_Presse\/status\/1131208188907405313?ref_src=twsrc%5Etfw\">22. Mai 2019<\/a><\/p><\/blockquote>\n<p> <script async src=\"https:\/\/platform.twitter.com\/widgets.js\" charset=\"utf-8\"><\/script><\/p>\n<p>J\u00f6rg Wagner [00:03:35] <strong>Als der Bayerische Rundfunk noch den Vorsitz hatte, hatte die ARD-Pressestelle getwittert aufgrund der Kritik, die sich damals auft\u00fcrmte, wegen eines Breaking-News-Events, dass die ARD etwas z\u00f6gerlich abgebildet hat, &#8222;tagesschau24&#8220; sei nicht als Nachrichtenkanal beauftragt worden. Das war damals der offizielle Standpunkt. Was hat sich innerhalb der ARD ge\u00e4ndert, dass man es nun doch wagt? Ist das die bevorstehende Flexibilisierung des Auftrags, dass es da keinen Gegenwind mehr gibt, m\u00f6glicherweise. Oder woher kommt der Impuls, es jetzt zu wagen? Gerade jetzt?<\/strong><\/p>\n<p>Patricia Schlesinger [00:04:09] Der Impuls kommt daher, weil wir es jetzt brauchen, weil wir wirklich so ein Nachrichten-Bed\u00fcrfnis haben, was wir auch sehen, ein Informationsbed\u00fcrfnis. Unsere Sondersendungen im Fernsehen wie im H\u00f6rfunk sind besonders gut nachgefragt. Das, was wir ins Netz packen, was Information bedeutet und zwar auch auf Instagram, auf Facebook, auf Twitter, \u00fcberall wo wir informieren, meistens mit dem Label &#8222;tagesschau&#8220;, ist es erfolgreich. Das hei\u00dft, das Informationsbed\u00fcrfnis der Menschen, jung wie alt, ist gro\u00df. Also m\u00fcssen wir, m\u00fcssen wir m\u00f6glichst viel informieren. Das haben wir immer gut getan. &#8222;tagesschau&#8220; ist ja nun wirklich die st\u00e4rkste Nachrichtenmarke Deutschlands, das kann man schon so sagen. Aber wenn wir die M\u00f6glichkeit haben, es noch besser zu machen und es betriebswirtschaftlich ordentlich abbilden k\u00f6nnen, dann kann ich doch nur sagen: Dann w\u00fcrden wir etwas falsch machen, wenn wir es nicht t\u00e4ten. Die Zeit ist da und deswegen haben wir entschieden, es jetzt zu tun. Wissend, dass es nicht nur einfach ist. <\/p>\n<p>Daniel Bouhs [00:05:04] <strong>Die Marke &#8222;tagesschau24&#8220; l\u00f6sen Sie tats\u00e4chlich aber jetzt erst ein, oder?<\/strong> <\/p>\n<p>Patricia Schlesinger [00:05:09] Jein, &#8222;tagesschau24&#8220; war immer gemeint als Nachrichtenkanal. Der veritable Nachrichtenkanal harrte noch der Vollendung. Und das tun wir jetzt. Und die Zeit ist reif daf\u00fcr. Das ist das, was ich damit sagen m\u00f6chte. Es wird h\u00f6chste Zeit und ich glaube, dass die Menschen es annehmen werden und m\u00f6gen werden. Aber wir wissen auch bei nachrichtengrauen Tagen, also an nachrichtennormalen Tagen, ist ein Nachrichtenkanal wie ein Regenschirm, der in der Ecke steht. Man guckt mal rein und guckt mal kurz, was ist und guckt wieder raus. Wenn aber es einen Anschlag gibt oder es wirklich ein erh\u00f6htes Informationsbed\u00fcrfnis gibt, zum Beispiel durch eine Pandemie, dann ist nat\u00fcrlich der Nachrichtenkanal das, was die Menschen wollen: das beste aller Werkzeuge. Und das liefern wir jetzt. <\/p>\n<p>Daniel Bouhs [00:05:51] <strong>Sie haben es schon erw\u00e4hnt, dass das ohne zus\u00e4tzliches Geld passieren soll, was ja auch ein Signal letztlich an die Medienpolitik zum Beispiel ist. Das hei\u00dft, es geht um Umschichtungen. Sie kennen ja auch das Gesch\u00e4ft als Korrespondentin aus eigenem Erleben. Es geht jetzt also noch einmal mehr um auch das Stichwort &#8222;Arbeitsverdichtung&#8220;. Wie viel muss da geleistet werden k\u00fcnftig auch von den Korrespondentinnen und Korrespondenten oder auch den Menschen, die in Hamburg im tagesschau-Haus arbeiten und diesen Kanal ja auch betreiben? Und wo beginnt m\u00f6glicherweise auch so was wie ein Spiel mit der Qualit\u00e4t?<\/strong> <\/p>\n<p>Patricia Schlesinger [00:06:26] Das ist eine kluge Frage, mit der wir uns auch lange besch\u00e4ftigt haben. Was hei\u00dft das f\u00fcr die Ressourcen in den H\u00e4usern, die extrem angespannt jetzt schon sind durch st\u00e4rkere Vernetzung? H\u00f6rfunk-, Fernseh-Korrespondenten? Sie sprachen \u00fcber Korrespondenten. H\u00f6rfunk-, Fernseh-Redakteure, ehemalige Redakteure, die ja auch, oder ehemalige Korrespondenten, die ja auch in den H\u00e4usern sitzen? Wir werden alle Ressourcen nutzen. Und Sie, die Sie hier vor mir sitzen, mit ganz kleinem Equipment, wissen, dass es auch mit kleinem Equipment inzwischen m\u00f6glich ist, also mit kleiner Ausr\u00fcstung Bewegtbilder herzustellen, zu drehen von einer Demo, von einer kaputten Br\u00fccke oder von einer \u00dcberflutung. Und das werden wir nutzen. Wir werden die Bilder nutzen, die es gibt, die Menschen mit kleinem Equipment herstellen. Und wir werden nat\u00fcrlich auch die Feeds, die in Hamburg im Nachrichten-Haus ankommen, nutzen und besprechen. <\/p>\n<p>Daniel Bouhs [00:07:17] <strong>Was glauben Sie, wie darauf, sagen wir mal, der private Markt reagiert? Wir haben ja in Deutschland, muss man sagen, gl\u00fccklicherweise den Fall, dass wir auch schon mehrere Nachrichtensender haben: &#8222;n-tv&#8220; von der RTL-Gruppe, &#8222;Welt&#8220; vom Axel-Springer-Konzern. Dort wird man das doch wohl eher als Angriff auch verstehen, oder? Nehmen Sie das in Kauf?<\/strong> <\/p>\n<p>Patricia Schlesinger [00:07:37] Als RTL die Informationsoffensive vor einigen Monaten angek\u00fcndigt hat, bin ich gefragt worden, was ich davon halte. Ich habe gesagt, ich finde es ausgezeichnet. Je mehr gute Nachrichten in diesem Land unterwegs sind, umso besser. Dort gucken vielleicht auch andere Menschen als bei uns. Es hei\u00dft, je mehr informierte \u00d6ffentlichkeit wir haben, ist f\u00fcr eine Demokratie desto besser. Deswegen sage ich: Ich finde es gut, wenn m\u00f6glichst viele Nachrichten im Angebot sind. Die ersten Reaktionen sind aus der privatwirtschaftlichen Seite, kommerziellen Seite nicht verheerend, sondern ganz im Gegenteil. Ich h\u00f6re eher: Ja, finden wir gut. Es ist eine Konkurrenz, selbstverst\u00e4ndlich. Und wir sehen es auch. Aber, und das will ich in aller Deutlichkeit sagen: Ich bin eine gro\u00dfe Anh\u00e4ngerin des Dualen Systems. Ich sage immer: Wir sind eigentlich Qualit\u00e4tsmedium, aber wir sind nicht das Einzige. Es gibt noch mehr da drau\u00dfen, und die sind kommerziell organisiert. Das hei\u00dft, die m\u00fcssen Geld verdienen. Das Letzte, was wir wollen, ist das einschr\u00e4nken. Definitiv nein. Wir w\u00fcrden eher zu Kooperationen neigen, und das ist mir ein ernstes Anliegen. Noch mal In diesem Land m\u00fcssen m\u00f6glichst viele Menschen gut informiert werden. Das k\u00f6nnen nicht wir alleine, das machen die anderen auch gut. <\/p>\n<p>J\u00f6rg Wagner [00:08:43] <strong>Und wie reagieren die Freunde auf dem Lerchenberg in Mainz beim Zweiten Deutschen Fernsehen, die ja auch beteiligt sind an &#8222;Phoenix&#8220;? Sehen die da irgendwie Probleme? Was wissen Sie? <\/strong><\/p>\n<p>Patricia Schlesinger [00:08:54] Ich habe keine Probleme in dem Sinn zur Kenntnis genommen. &#8222;Phoenix&#8220; bleibt bei der urspr\u00fcnglichen Beauftragung. &#8222;Phoenix&#8220; bleibt das, was es ist. <\/p>\n<blockquote class=\"twitter-tweet\" data-lang=\"de\" data-theme=\"dark\">\n<p lang=\"de\" dir=\"ltr\">Die Intendantinnen und Intendanten der <a href=\"https:\/\/twitter.com\/hashtag\/ARD?src=hash&amp;ref_src=twsrc%5Etfw\">#ARD<\/a> planen, <a href=\"https:\/\/twitter.com\/hashtag\/tagesschau24?src=hash&amp;ref_src=twsrc%5Etfw\">#tagesschau24<\/a> zu einem Nachrichtenkanal auszubauen &#8211; mit Folgen f\u00fcr das Gemeinschaftsprojekt <a href=\"https:\/\/twitter.com\/phoenix_de?ref_src=twsrc%5Etfw\">@phoenix_de<\/a>. Die digitale Zukunft des Kanals wird derzeit im Rahmen eines Drei-Stufen-Tests beraten: <a href=\"https:\/\/t.co\/tc8cIV36i8\">https:\/\/t.co\/tc8cIV36i8<\/a> <a href=\"https:\/\/twitter.com\/hashtag\/Zukunft%C3%96R?src=hash&amp;ref_src=twsrc%5Etfw\">#Zukunft\u00d6R<\/a> <a href=\"https:\/\/t.co\/xnBoew644N\">pic.twitter.com\/xnBoew644N<\/a><\/p>\n<p>&mdash; ZDF-Fernsehrat (@ZDFfernsehrat) <a href=\"https:\/\/twitter.com\/ZDFfernsehrat\/status\/1494653627146903553?ref_src=twsrc%5Etfw\">18. Februar 2022<\/a><\/p><\/blockquote>\n<p> <script async src=\"https:\/\/platform.twitter.com\/widgets.js\" charset=\"utf-8\"><\/script><\/p>\n<p>Daniel Bouhs [00:09:02] <strong>Die Vorsitzende des ZDF-Fernsehrates, Thieme hat \u00fcber Twitter unter anderem verbreitet, dass man sich erhoffe, dass die ARD auch voll zu &#8222;Phoenix&#8220; weiter steht. K\u00f6nnen Sie das versprechen? <\/strong><\/p>\n<p>Patricia Schlesinger [00:09:13] Das tut sie. Das kann ich versprechen. Das tut sie. &#8222;Phoenix&#8220; hat eine ganz eigene Aufgabe. &#8222;Phoenix&#8220; ist Teil unserer DNA. Also es gibt \u00fcberhaupt keinen Grund, darum zu f\u00fcrchten. <\/p>\n<p>J\u00f6rg Wagner [00:09:21] <strong>Aber da gab es in der Vergangenheit nat\u00fcrlich, ich sage mal, wo man selber als Zuschauer und Zuschauerin nicht wusste, schalte ich jetzt &#8222;tagesschau24&#8220; ein oder &#8222;Phoenix&#8220;, weil auf beiden lief pl\u00f6tzlich was und dann lief mal da abwechselnd hin und her. Wird es ein einheitliches Konzept geben, was &#8222;Phoenix&#8220; macht und was nicht?<\/strong> <\/p>\n<p>Patricia Schlesinger [00:09:39] Wir haben ein Kooporationspapier entworfen, das auch eine klare Aufgabenteilung vorsieht. Es ist zum Beispiel auch m\u00f6glich, wenn &#8222;Phoenix&#8220; Bilder hat oder einen Korrespondenten hat, dass &#8222;tagesschau24&#8220; das \u00fcbernimmt inklusive des &#8222;Phoenix&#8220;-Logos. Dasselbe gilt &#8230; ich habe vorhin gesagt, wenn ein Tal in Bayern volll\u00e4uft, wenn &#8222;BR24&#8220; die Bilder hat und vor Ort ist, w\u00fcrde auch das \u00fcbernommen. Wir arbeiten da vernetzt. Das ist ja das Geheimnis, wieso es auch m\u00f6glich ist. Mir ist wichtig: Es gibt eine Adresse f\u00fcr Nachrichten und das ist &#8222;tagesschau24&#8220;. Wo die Bilder herkommen, wo die O-T\u00f6ne herkommen, ob das jetzt vom &#8222;BR24&#8220; oder vom &#8222;rbb24&#8220; oder auch tats\u00e4chlich von &#8222;Phoenix&#8220; kommt, ist dem Zuschauer nicht so wichtig. Wichtig ist: Er hat eine Adresse, wo er wei\u00df, ich werde informiert, egal wo was passiert in der Region, national oder international. <\/p>\n<p>J\u00f6rg Wagner [00:10:29] <strong>Und eine Bundestagsdebatte ist ja keine Breaking-News-Geschichte, sondern das wird man dann weiter auf &#8222;Phoenix&#8220; sehen?<\/strong> <\/p>\n<p>Patricia Schlesinger [00:10:35] Aber sicher, selbstverst\u00e4ndlich. <\/p>\n<\/blockquote>\n<p><\/div><\/div>\n<div style=\"height:10px;\"><\/div>\n<hr \/>\n<div style=\"height: 5px;\"><\/div>\n<p><html><br \/>\n     <head><\/p>\n<style type=\"text\/css\">\n       body {\n                     background: #DADADA;\n       }\n      <\/style>\n<p>     <\/head><br \/>\n     <body><br \/>\n<\/body><br \/>\n    <\/html><\/span><\/span><\/span><\/p>\n","protected":false},"excerpt":{"rendered":"<p>No audio playback capabilities, please download the audio belowDownload Audio: Closed Format: MP3 Wer: * Patricia Schlesinger, ARD-Vorsitzende, rbb-Intendantin * Daniel Bouhs, Freier Medienjournalist * J\u00f6rg Wagner, Freier Medienjournalist Wann: rec. 18.02.2022, 17:00 Uhr, ver\u00f6ffentlicht im radioeins-Medienmagazin am 19.02.2022 um 18:05 Uhr und im rbb Inforadio, 20.02.2022, 10:43 Uhr Wo: rbb Berlin, Masurenallee, Intendanz<\/p>\n","protected":false},"author":2,"featured_media":0,"comment_status":"closed","ping_status":"open","sticky":false,"template":"","format":"standard","meta":{"_monsterinsights_skip_tracking":false,"footnotes":""},"categories":[17],"tags":[810,1019,486,109,668],"class_list":["post-51347","post","type-post","status-publish","format-standard","hentry","category-aktuell","tag-nachrichten","tag-nachrichtenkanaele","tag-phoenix","tag-tagesschau","tag-tagesschau24"],"_links":{"self":[{"href":"https:\/\/www.wwwagner.tv\/index.php?rest_route=\/wp\/v2\/posts\/51347","targetHints":{"allow":["GET"]}}],"collection":[{"href":"https:\/\/www.wwwagner.tv\/index.php?rest_route=\/wp\/v2\/posts"}],"about":[{"href":"https:\/\/www.wwwagner.tv\/index.php?rest_route=\/wp\/v2\/types\/post"}],"author":[{"embeddable":true,"href":"https:\/\/www.wwwagner.tv\/index.php?rest_route=\/wp\/v2\/users\/2"}],"replies":[{"embeddable":true,"href":"https:\/\/www.wwwagner.tv\/index.php?rest_route=%2Fwp%2Fv2%2Fcomments&post=51347"}],"version-history":[{"count":10,"href":"https:\/\/www.wwwagner.tv\/index.php?rest_route=\/wp\/v2\/posts\/51347\/revisions"}],"predecessor-version":[{"id":51360,"href":"https:\/\/www.wwwagner.tv\/index.php?rest_route=\/wp\/v2\/posts\/51347\/revisions\/51360"}],"wp:attachment":[{"href":"https:\/\/www.wwwagner.tv\/index.php?rest_route=%2Fwp%2Fv2%2Fmedia&parent=51347"}],"wp:term":[{"taxonomy":"category","embeddable":true,"href":"https:\/\/www.wwwagner.tv\/index.php?rest_route=%2Fwp%2Fv2%2Fcategories&post=51347"},{"taxonomy":"post_tag","embeddable":true,"href":"https:\/\/www.wwwagner.tv\/index.php?rest_route=%2Fwp%2Fv2%2Ftags&post=51347"}],"curies":[{"name":"wp","href":"https:\/\/api.w.org\/{rel}","templated":true}]}}