{"id":5144,"date":"2011-01-23T18:48:26","date_gmt":"2011-01-23T17:48:26","guid":{"rendered":"http:\/\/www.wwwagner.tv\/?p=5144"},"modified":"2017-06-24T00:09:42","modified_gmt":"2017-06-23T23:09:42","slug":"medienmagazin-vom-22-01-2011","status":"publish","type":"post","link":"https:\/\/www.wwwagner.tv\/?p=5144","title":{"rendered":"Medienmagazin vom 22.01.2011"},"content":{"rendered":"<div style=\"height: 50px;\"><\/div>\n<p>Gesamt-PodCast:<\/p>\n<p> <audio   controls > <source src=\"http:\/\/download.radioeins.de\/mp3\/medienmagazin\/mm20110122.mp3\" type='audio\/mpeg' \/> <object   type=\"application\/x-shockwave-flash\"  data=\"https:\/\/www.wwwagner.tv\/wp-content\/plugins\/wphtml5player\/inc\/flowplayer.swf\"  width=\"400\"  height=\"30\"> <param name=\"movie\" value='https:\/\/www.wwwagner.tv\/wp-content\/plugins\/wphtml5player\/inc\/flowplayer.swf' \/><param name=\"allowfullscreen\" value='false' \/><param name=\"cachebusting\" value='true' \/><param name=\"bgcolor\" value='#000000' \/><param name=\"flashvars\" value='config={\"plugins\":{\"controls\":{\"height\":30,\"autoHide\":false,\"fullscreen\":false}},\"clip\":{\"autoPlay\":false,\"url\":\"http:\\\/\\\/download.radioeins.de\\\/mp3\\\/medienmagazin\\\/mm20110122.mp3\"},\"playlist\":[{\"autoPlay\":false,\"url\":\"http:\\\/\\\/download.radioeins.de\\\/mp3\\\/medienmagazin\\\/mm20110122.mp3\"}],\"play\":{\"opacity\":0}}' \/>  No audio playback capabilities, please download the audio below<br \/><strong>Download Audio:<\/strong> Closed Format: <a href=\"http:\/\/download.radioeins.de\/mp3\/medienmagazin\/mm20110122.mp3\">MP3<\/a> <\/object> <!-- Generated by HTML5 Multimedia Framework (http:\/\/code.google.com\/p\/html5videoplayer) --> <\/audio>  <br \/>\n<a href=\"http:\/\/download.radioeins.de\/mp3\/medienmagazin\/mm20110122.mp3\" target=\"_blank\">Download<\/a><\/p>\n<div style=\"height:120px;\"><\/div>\n<hr \/>\n<p><u>INTRO:<\/u> Comedy-Gipfel?<br \/>\nO-Ton: Dieter Nuhr als Gastgeber im <em>Satiregipfel<\/em> (Quelle: ARD, 20.01.2011)<br \/>\n<a href=\"http:\/\/www.wwwagner.tv\/wp-content\/uploads\/20110120_satiregipfel_300.jpg\"><img loading=\"lazy\" decoding=\"async\" src=\"http:\/\/www.wwwagner.tv\/wp-content\/uploads\/20110120_satiregipfel_300.jpg\" alt=\"\" title=\"20110120_satiregipfel_300\" width=\"300\" height=\"200\" class=\"alignnone size-full wp-image-5149\" \/><\/a><\/p>\n<blockquote><p><em>&#8222;Stand Up, this is comedy.&#8220;<\/em><\/p><\/blockquote>\n<div style=\"height:10px;\"><\/div>\n<p> <audio   controls > <source src=\"http:\/\/download.radioeins.de\/mp3\/medienmagazin\/mm20110122_0.mp3\" type='audio\/mpeg' \/> <object   type=\"application\/x-shockwave-flash\"  data=\"https:\/\/www.wwwagner.tv\/wp-content\/plugins\/wphtml5player\/inc\/flowplayer.swf\"  width=\"400\"  height=\"30\"> <param name=\"movie\" value='https:\/\/www.wwwagner.tv\/wp-content\/plugins\/wphtml5player\/inc\/flowplayer.swf' \/><param name=\"allowfullscreen\" value='false' \/><param name=\"cachebusting\" value='true' \/><param name=\"bgcolor\" value='#000000' \/><param name=\"flashvars\" value='config={\"plugins\":{\"controls\":{\"height\":30,\"autoHide\":false,\"fullscreen\":false}},\"clip\":{\"autoPlay\":false,\"url\":\"http:\\\/\\\/download.radioeins.de\\\/mp3\\\/medienmagazin\\\/mm20110122_0.mp3\"},\"playlist\":[{\"autoPlay\":false,\"url\":\"http:\\\/\\\/download.radioeins.de\\\/mp3\\\/medienmagazin\\\/mm20110122_0.mp3\"}],\"play\":{\"opacity\":0}}' \/>  No audio playback capabilities, please download the audio below<br \/><strong>Download Audio:<\/strong> Closed Format: <a href=\"http:\/\/download.radioeins.de\/mp3\/medienmagazin\/mm20110122_0.mp3\">MP3<\/a> <\/object> <!-- Generated by HTML5 Multimedia Framework (http:\/\/code.google.com\/p\/html5videoplayer) --> <\/audio>  <br \/>\n<a href=\"http:\/\/download.radioeins.de\/mp3\/medienmagazin\/mm20110122_0.mp3\" target=\"_blank\">Download<\/a><\/p>\n<div style=\"height:10px;\"><\/div>\n<p>Vgl.:<br \/>\n*<a href=\"http:\/\/www.daserste.de\/satiregipfel\"> Satiregipfel<\/a><\/p>\n<div style=\"height:30px;\"><\/div>\n<p><u>1. ARDintern: Aufkl\u00e4rung im Ki.Ka-Betrugsfall &#8222;schnell, akribisch, r\u00fcckhaltlos\u201c<\/u> (mdr-Intendant Udo Reiter)<br \/>\nSeit dem 07.12. 2010 ist \u00f6ffentlich bekannt, dass im ARD-\/ZDF-Gemeinschaftskanal Ki.Ka wegen des Verdachts auf Untreue und Betrug ermittelt wird. Es geht u. a. um fingierte Rechnungen, die es erm\u00f6glicht haben sollen, vermutlich 7 Millionen Euro Geb\u00fchrengeld innerhalb von 10 Jahren am Programm vorbei in private Konten zu schleusen. Am 17.01.2011 gab es dazu eine Sondersitzung des Rundfunk- und Verwaltungsrates vom mdr als federf\u00fchrende Anstalt. mdr-Intendant Udo Reiter bezeichnete dort den KiKa als \u201cSchauplatz krimineller Machenschaften\u201d.<\/p>\n<div style=\"height:10px;\"><\/div>\n<p><a href=\"http:\/\/www.wwwagner.tv\/wp-content\/uploads\/kottkamp_steffen_300.jpg\"><img loading=\"lazy\" decoding=\"async\" src=\"http:\/\/www.wwwagner.tv\/wp-content\/uploads\/kottkamp_steffen_300.jpg\" alt=\"\" title=\"kottkamp_steffen_300\" width=\"300\" height=\"200\" class=\"alignnone size-full wp-image-5159\" \/><\/a><\/p>\n<blockquote><p><em>&#8222;Strukuren ganz genau angucken&#8220;<\/em><\/p><\/blockquote>\n<div style=\"height:30px;\"><\/div>\n<p>Telefoninterview mit Steffen Kottkamp (Foto), Ki.Ka-Programmgesch\u00e4ftsf\u00fchrer<\/p>\n<div style=\"height:10px;\"><\/div>\n<p> <audio   controls > <source src=\"http:\/\/download.radioeins.de\/mp3\/medienmagazin\/mm20110122_1.mp3\" type='audio\/mpeg' \/> <object   type=\"application\/x-shockwave-flash\"  data=\"https:\/\/www.wwwagner.tv\/wp-content\/plugins\/wphtml5player\/inc\/flowplayer.swf\"  width=\"400\"  height=\"30\"> <param name=\"movie\" value='https:\/\/www.wwwagner.tv\/wp-content\/plugins\/wphtml5player\/inc\/flowplayer.swf' \/><param name=\"allowfullscreen\" value='false' \/><param name=\"cachebusting\" value='true' \/><param name=\"bgcolor\" value='#000000' \/><param name=\"flashvars\" value='config={\"plugins\":{\"controls\":{\"height\":30,\"autoHide\":false,\"fullscreen\":false}},\"clip\":{\"autoPlay\":false,\"url\":\"http:\\\/\\\/download.radioeins.de\\\/mp3\\\/medienmagazin\\\/mm20110122_1.mp3\"},\"playlist\":[{\"autoPlay\":false,\"url\":\"http:\\\/\\\/download.radioeins.de\\\/mp3\\\/medienmagazin\\\/mm20110122_1.mp3\"}],\"play\":{\"opacity\":0}}' \/>  No audio playback capabilities, please download the audio below<br \/><strong>Download Audio:<\/strong> Closed Format: <a href=\"http:\/\/download.radioeins.de\/mp3\/medienmagazin\/mm20110122_1.mp3\">MP3<\/a> <\/object> <!-- Generated by HTML5 Multimedia Framework (http:\/\/code.google.com\/p\/html5videoplayer) --> <\/audio>  <br \/>\n<a href=\"http:\/\/download.radioeins.de\/mp3\/medienmagazin\/mm20110122_1.mp3\" target=\"_blank\">Download<\/a><\/p>\n<div style=\"height:10px;\"><\/div>\n<p>Vgl.:<br \/>\n* <a href=\"http:\/\/www.tagesspiegel.de\/medien\/mund-abwischen\/3709250.html\">Kommentar<\/a> von Joachim Huber im Tagesspiegel<br \/>\n* <a href=\"http:\/\/www.wwwagner.tv\/?p=4535\">Interview<\/a> mit mdr-Sprecher Dirk Th\u00e4richen im Dezember 2010<\/p>\n<div style=\"height:30px;\"><\/div>\n<p><u>2. Die Enth\u00fcllungsplattform Wikileaks &#8211; jetzt selbst Ziel von Enth\u00fcllungen<\/u><br \/>\nAm 20.01.2011 zeigte Phoenix (Bildschirmfoto) die vom ORF bearbeitete, schwedische Dokumentation &#8222;<a href=\"http:\/\/www.phoenix.de\/content\/phoenix\/die_sendungen\/350624\">Wikileaks &#8211; Rebellen im Netz<\/a>&#8220; (Geplante Wiederholung auf Phoenix am 26.01.2011\/13:30 Uhr, 28.01.2011\/14:15 Uhr. Der urspr\u00fcnglich avisierte Freitag-21:00-Uhr-Termin taucht am 23.01.2011 nicht mehr in der Programmank\u00fcndigung auf. Daher ist, wie bei allen Programmank\u00fcndigungen von Phoenix <a href=\"http:\/\/www.phoenix.de\/content\/phoenix\/tv_programm\/1\">ein Check<\/a> am Sendetag sinnvoll. Weiter unten die Doku zum Sofortansehen bereitgestellt von &#8222;Netzpolitik&#8220;). <\/p>\n<div style=\"height:10px;\"><\/div>\n<p>Zwei B\u00fccher, die am 24.01.2011 erscheinen, diskutieren die Auswirkungen der Enth\u00fcllungsplattform auf den Journalismus: \u201e<a href=\"http:\/\/www.randomhouse.de\/book\/edition.jsp?edi=372750\">Staatsfeind Wikileaks<\/a>\u201c und \u201e<a href=\"http:\/\/www.suhrkamp.de\/buecher\/wikileaks_und_die_folgen-_6170.html\">Wikileaks und die Folgen<\/a>\u201c. Dabei spiegeln sie die unterschiedlichen Positionen wider. Die einen sehen in den Wikileaks-Ver\u00f6ffentlichungen nach wie vor den \u201eSiegeszug des Datenjournalismus\u201c, die anderen f\u00fcrchten mehr Verheimlichung als Folge der ungefilterten Publikationen.<br \/>\n<a href=\"http:\/\/www.wwwagner.tv\/wp-content\/uploads\/20110120_assange_julian_300.jpg\"><img loading=\"lazy\" decoding=\"async\" src=\"http:\/\/www.wwwagner.tv\/wp-content\/uploads\/20110120_assange_julian_300.jpg\" alt=\"\" title=\"20110120_assange_julian_300\" width=\"300\" height=\"200\" class=\"alignnone size-full wp-image-5177\" \/><\/a><br \/>\n<a href=\"http:\/\/www.wwwagner.tv\/wp-content\/uploads\/20110111_linss_vera_300ak.jpg\"><img loading=\"lazy\" decoding=\"async\" src=\"http:\/\/www.wwwagner.tv\/wp-content\/uploads\/20110111_linss_vera_300ak.jpg\" alt=\"\" title=\"20110111_linss_vera_300ak\" width=\"300\" height=\"200\" class=\"alignnone size-full wp-image-5195\" \/><\/a><\/p>\n<div style=\"height:10px;\"><\/div>\n<p>Rezension\/Studiogespr\u00e4ch mit O-T\u00f6nen aus der Doku<br \/>\nAutorin: Vera Lin\u00df (Foto)<\/p>\n<blockquote><p><em>&#8222;F\u00fcr die einen ein Held der grenzenlosen Information. F\u00fcr die anderen ein Verr\u00e4ter.&#8220;<\/em><\/p><\/blockquote>\n<div style=\"height:10px;\"><\/div>\n<p> <audio   controls > <source src=\"http:\/\/download.radioeins.de\/mp3\/medienmagazin\/mm20110122_2.mp3\" type='audio\/mpeg' \/> <object   type=\"application\/x-shockwave-flash\"  data=\"https:\/\/www.wwwagner.tv\/wp-content\/plugins\/wphtml5player\/inc\/flowplayer.swf\"  width=\"400\"  height=\"30\"> <param name=\"movie\" value='https:\/\/www.wwwagner.tv\/wp-content\/plugins\/wphtml5player\/inc\/flowplayer.swf' \/><param name=\"allowfullscreen\" value='false' \/><param name=\"cachebusting\" value='true' \/><param name=\"bgcolor\" value='#000000' \/><param name=\"flashvars\" value='config={\"plugins\":{\"controls\":{\"height\":30,\"autoHide\":false,\"fullscreen\":false}},\"clip\":{\"autoPlay\":false,\"url\":\"http:\\\/\\\/download.radioeins.de\\\/mp3\\\/medienmagazin\\\/mm20110122_2.mp3\"},\"playlist\":[{\"autoPlay\":false,\"url\":\"http:\\\/\\\/download.radioeins.de\\\/mp3\\\/medienmagazin\\\/mm20110122_2.mp3\"}],\"play\":{\"opacity\":0}}' \/>  No audio playback capabilities, please download the audio below<br \/><strong>Download Audio:<\/strong> Closed Format: <a href=\"http:\/\/download.radioeins.de\/mp3\/medienmagazin\/mm20110122_2.mp3\">MP3<\/a> <\/object> <!-- Generated by HTML5 Multimedia Framework (http:\/\/code.google.com\/p\/html5videoplayer) --> <\/audio>  <br \/>\n<a href=\"http:\/\/download.radioeins.de\/mp3\/medienmagazin\/mm20110122_2.mp3\" target=\"_blank\">Download<\/a><\/p>\n<div style=\"height:30px;\"><\/div>\n<div class=\"BorlabsCookie\"><div class=\"_brlbs-content-blocker\"> <div class=\"_brlbs-embed _brlbs-video-vimeo\"> <img class=\"_brlbs-thumbnail\" src=\"https:\/\/www.wwwagner.tv\/wp-content\/plugins\/borlabs-cookie\/images\/cb-no-thumbnail.png\" alt=\"Vimeo\"> <div class=\"_brlbs-caption\"> <p>Mit dem Laden des Videos akzeptieren Sie die Datenschutzerkl\u00e4rung von Vimeo.<br><a href=\"https:\/\/vimeo.com\/privacy\" target=\"_blank\" rel=\"nofollow noopener noreferrer\">Mehr erfahren<\/a><\/p> <p><a class=\"_brlbs-btn _brlbs-icon-play-white\" href=\"#\" data-borlabs-cookie-unblock role=\"button\">Video laden<\/a><\/p> <p><label><input type=\"checkbox\" name=\"unblockAll\" value=\"1\" checked> <small>Vimeo immer entsperren<\/small><\/label><\/p> <\/div> <\/div> <\/div><div class=\"borlabs-hide\" data-borlabs-cookie-type=\"content-blocker\" data-borlabs-cookie-id=\"vimeo\"><script type=\"text\/template\">PHA+PGlmcmFtZSBsb2FkaW5nPSJsYXp5IiBzcmM9Imh0dHA6Ly9wbGF5ZXIudmltZW8uY29tL3ZpZGVvLzE4MDQ3MDQwP3RpdGxlPTAmYW1wO2J5bGluZT0wJmFtcDtwb3J0cmFpdD0wIiB3aWR0aD0iNjAwIiBoZWlnaHQ9IjM0NSIgZnJhbWVib3JkZXI9IjAiPjwvaWZyYW1lPjwvcD4=<\/script><\/div><\/div>\n<p><a href=\"http:\/\/vimeo.com\/18047040\">WikiLeaks \u2013 Rebellen im Netz<\/a> from <a href=\"http:\/\/vimeo.com\/user407408\">netzpolitik<\/a> on <a href=\"http:\/\/vimeo.com\">Vimeo<\/a>.<\/p>\n<div style=\"height:30px;\"><\/div>\n<p><u>3.  Ungarisches Mediengesetz &#8211; die Schere im Kopf<\/u><br \/>\nDer mediale und politische Protest zum Jahreswechsel war deutlich. In Ungarn w\u00fcrde mit dem neuen Mediengesetz staatliche Zensur eingef\u00fchrt. <a href=\"http:\/\/de.reuters.com\/article\/worldNews\/idDEBEE70L02220110122\">Die EU-Kommission setzt Ungarn nun eine Frist<\/a> darzulegen, dass das Gesetz nicht gegen EU-Vorschriften versto\u00dfe. <\/p>\n<div style=\"height:10px;\"><\/div>\n<p><a href=\"http:\/\/www.wwwagner.tv\/wp-content\/uploads\/20110123_bog\u00e1r_zsolt_300.jpg\"><img loading=\"lazy\" decoding=\"async\" src=\"http:\/\/www.wwwagner.tv\/wp-content\/uploads\/20110123_bog\u00e1r_zsolt_300.jpg\" alt=\"\" title=\"20110123_bog\u00e1r_zsolt_300\" width=\"300\" height=\"200\" class=\"alignnone size-full wp-image-5192\" \/><\/a><\/p>\n<blockquote><p><em>&#8222;Die EU-Richtlinien regulieren nur einen bestimmten Teil des ganzen Mediensektors.&#8220;<\/em><\/p><\/blockquote>\n<div style=\"height:20px;\"><\/div>\n<p>VoIP-Interview mit Zsolt Bog\u00e1r (Foto), Journalist bei Magyar R\u00e1di\u00f3, der gemeinsam mit einem Kollegen gegen das Mediengesetz durch eine Schweigeminute im staatlichen Radio protestierte.  Gegen beide l\u00e4uft jetzt ein Disziplinarverfahren.<\/p>\n<div style=\"height:10px;\"><\/div>\n<p> <audio   controls > <source src=\"http:\/\/download.radioeins.de\/mp3\/medienmagazin\/mm20110122_3.mp3\" type='audio\/mpeg' \/> <object   type=\"application\/x-shockwave-flash\"  data=\"https:\/\/www.wwwagner.tv\/wp-content\/plugins\/wphtml5player\/inc\/flowplayer.swf\"  width=\"400\"  height=\"30\"> <param name=\"movie\" value='https:\/\/www.wwwagner.tv\/wp-content\/plugins\/wphtml5player\/inc\/flowplayer.swf' \/><param name=\"allowfullscreen\" value='false' \/><param name=\"cachebusting\" value='true' \/><param name=\"bgcolor\" value='#000000' \/><param name=\"flashvars\" value='config={\"plugins\":{\"controls\":{\"height\":30,\"autoHide\":false,\"fullscreen\":false}},\"clip\":{\"autoPlay\":false,\"url\":\"http:\\\/\\\/download.radioeins.de\\\/mp3\\\/medienmagazin\\\/mm20110122_3.mp3\"},\"playlist\":[{\"autoPlay\":false,\"url\":\"http:\\\/\\\/download.radioeins.de\\\/mp3\\\/medienmagazin\\\/mm20110122_3.mp3\"}],\"play\":{\"opacity\":0}}' \/>  No audio playback capabilities, please download the audio below<br \/><strong>Download Audio:<\/strong> Closed Format: <a href=\"http:\/\/download.radioeins.de\/mp3\/medienmagazin\/mm20110122_3.mp3\">MP3<\/a> <\/object> <!-- Generated by HTML5 Multimedia Framework (http:\/\/code.google.com\/p\/html5videoplayer) --> <\/audio>  <br \/>\n<a href=\"http:\/\/download.radioeins.de\/mp3\/medienmagazin\/mm20110122_3.mp3\" target=\"_blank\">Download<\/a><\/p>\n<div style=\"height:10px;\"><\/div>\n<p>Vgl.:<br \/>\n* Stellungnahme der ungarischen Regierung (<a href=\"http:\/\/mfa.gov.hu\/kulkepviselet\/DE\/de\/de_hirek\/kritika_mediatorveny_20101223.htm\">englische Fassung<\/a>)<\/p>\n<div style=\"height:30px;\"><\/div>\n<p><u>PodCast-Bonus: Tilos R\u00e1di\u00f3 1996<\/u><br \/>\n<a href=\"http:\/\/www.wwwagner.tv\/wp-content\/uploads\/tilosr\u00e1di\u00f3.jpg\"><img loading=\"lazy\" decoding=\"async\" src=\"http:\/\/www.wwwagner.tv\/wp-content\/uploads\/tilosr\u00e1di\u00f3.jpg\" alt=\"\" title=\"tilosr\u00e1di\u00f3\" width=\"300\" height=\"200\" class=\"alignnone size-full wp-image-5211\" \/><\/a><br \/>\nEs gab schon einmal, 1996, Wirbel um <a href=\"http:\/\/new.tilos.hu\/index.php?page_id=inter_english1\">Tilos R\u00e1di\u00f3<\/a> und das ungarische Mediengesetz.<br \/>\nQuelle: Medienmagazin vom 15.03.1996<br \/>\nAutor: Sven J\u00e1nsky<br \/>\nModeration: Vera Lin\u00df<\/p>\n<div style=\"height:10px;\"><\/div>\n<p> <audio   controls > <source src=\"http:\/\/download.radioeins.de\/mp3\/medienmagazin\/mm19960315_4.mp3\" type='audio\/mpeg' \/> <object   type=\"application\/x-shockwave-flash\"  data=\"https:\/\/www.wwwagner.tv\/wp-content\/plugins\/wphtml5player\/inc\/flowplayer.swf\"  width=\"400\"  height=\"30\"> <param name=\"movie\" value='https:\/\/www.wwwagner.tv\/wp-content\/plugins\/wphtml5player\/inc\/flowplayer.swf' \/><param name=\"allowfullscreen\" value='false' \/><param name=\"cachebusting\" value='true' \/><param name=\"bgcolor\" value='#000000' \/><param name=\"flashvars\" value='config={\"plugins\":{\"controls\":{\"height\":30,\"autoHide\":false,\"fullscreen\":false}},\"clip\":{\"autoPlay\":false,\"url\":\"http:\\\/\\\/download.radioeins.de\\\/mp3\\\/medienmagazin\\\/mm19960315_4.mp3\"},\"playlist\":[{\"autoPlay\":false,\"url\":\"http:\\\/\\\/download.radioeins.de\\\/mp3\\\/medienmagazin\\\/mm19960315_4.mp3\"}],\"play\":{\"opacity\":0}}' \/>  No audio playback capabilities, please download the audio below<br \/><strong>Download Audio:<\/strong> Closed Format: <a href=\"http:\/\/download.radioeins.de\/mp3\/medienmagazin\/mm19960315_4.mp3\">MP3<\/a> <\/object> <!-- Generated by HTML5 Multimedia Framework (http:\/\/code.google.com\/p\/html5videoplayer) --> <\/audio>  <br \/>\n<a href=\"http:\/\/download.radioeins.de\/mp3\/medienmagazin\/mm19960315_4.mp3\" target=\"_blank\">Download<\/a><\/p>\n<div style=\"height:30px;\"><\/div>\n<p><u>4. B\u00fcrgerlicher Leuchtturm &#8211; das Nachrichtenmagazin &#8222;Focus&#8220; wurde 18<\/u><br \/>\nStatt Fakten, Fakten, Fakten inzwischen &#8222;<a href=\"http:\/\/www.focus.de\/kultur\/kino_tv\/geburtstagsausgabe-des-focus-erfolg-zur-volljaehrigkeit_aid_591981.html\">meinungsfreudig, zukunftsbejahend und lebensfroh<\/a>&#8220;<br \/>\n<a href=\"http:\/\/www.wwwagner.tv\/wp-content\/uploads\/weimer_wolfram_focus_300.jpg\"><img loading=\"lazy\" decoding=\"async\" src=\"http:\/\/www.wwwagner.tv\/wp-content\/uploads\/weimer_wolfram_focus_300.jpg\" alt=\"\" title=\"weimer_wolfram_focus_300\" width=\"300\" height=\"200\" class=\"alignnone size-full wp-image-5152\" \/><\/a><br \/>\n<em>&#8222;Verliebt ins Gelingen.&#8220;<\/em><\/p>\n<div style=\"height:10px;\"><\/div>\n<p>Interview mit Wolfram Weimer, Chefredakteur<\/p>\n<div style=\"height:10px;\"><\/div>\n<p> <audio   controls > <source src=\"http:\/\/download.radioeins.de\/mp3\/medienmagazin\/mm20110122_4.mp3\" type='audio\/mpeg' \/> <object   type=\"application\/x-shockwave-flash\"  data=\"https:\/\/www.wwwagner.tv\/wp-content\/plugins\/wphtml5player\/inc\/flowplayer.swf\"  width=\"400\"  height=\"30\"> <param name=\"movie\" value='https:\/\/www.wwwagner.tv\/wp-content\/plugins\/wphtml5player\/inc\/flowplayer.swf' \/><param name=\"allowfullscreen\" value='false' \/><param name=\"cachebusting\" value='true' \/><param name=\"bgcolor\" value='#000000' \/><param name=\"flashvars\" value='config={\"plugins\":{\"controls\":{\"height\":30,\"autoHide\":false,\"fullscreen\":false}},\"clip\":{\"autoPlay\":false,\"url\":\"http:\\\/\\\/download.radioeins.de\\\/mp3\\\/medienmagazin\\\/mm20110122_4.mp3\"},\"playlist\":[{\"autoPlay\":false,\"url\":\"http:\\\/\\\/download.radioeins.de\\\/mp3\\\/medienmagazin\\\/mm20110122_4.mp3\"}],\"play\":{\"opacity\":0}}' \/>  No audio playback capabilities, please download the audio below<br \/><strong>Download Audio:<\/strong> Closed Format: <a href=\"http:\/\/download.radioeins.de\/mp3\/medienmagazin\/mm20110122_4.mp3\">MP3<\/a> <\/object> <!-- Generated by HTML5 Multimedia Framework (http:\/\/code.google.com\/p\/html5videoplayer) --> <\/audio>  <br \/>\n<a href=\"http:\/\/download.radioeins.de\/mp3\/medienmagazin\/mm20110122_4.mp3\" target=\"_blank\">Download<\/a><\/p>\n<div style=\"height:30px;\"><\/div>\n<p><u>PodCast-Bonus: 10 Jahre Focus:<\/u><br \/>\nQuelle: Medienmagazin vom 18.01.2003<\/p>\n<div style=\"height:10px;\"><\/div>\n<p>* Focus\/Spiegel &#8211; ein Vergleich<br \/>\nTelefoninterview mit Ralf Stockmann, Zentrum f\u00fcr interdisziplin\u00e4re Medienwissenschaft, Uni G\u00f6ttingen<\/p>\n<div style=\"height:10px;\"><\/div>\n<p> <audio   controls > <source src=\"http:\/\/download.radioeins.de\/mp3\/medienmagazin\/mm20030118_1.mp3\" type='audio\/mpeg' \/> <object   type=\"application\/x-shockwave-flash\"  data=\"https:\/\/www.wwwagner.tv\/wp-content\/plugins\/wphtml5player\/inc\/flowplayer.swf\"  width=\"400\"  height=\"30\"> <param name=\"movie\" value='https:\/\/www.wwwagner.tv\/wp-content\/plugins\/wphtml5player\/inc\/flowplayer.swf' \/><param name=\"allowfullscreen\" value='false' \/><param name=\"cachebusting\" value='true' \/><param name=\"bgcolor\" value='#000000' \/><param name=\"flashvars\" value='config={\"plugins\":{\"controls\":{\"height\":30,\"autoHide\":false,\"fullscreen\":false}},\"clip\":{\"autoPlay\":false,\"url\":\"http:\\\/\\\/download.radioeins.de\\\/mp3\\\/medienmagazin\\\/mm20030118_1.mp3\"},\"playlist\":[{\"autoPlay\":false,\"url\":\"http:\\\/\\\/download.radioeins.de\\\/mp3\\\/medienmagazin\\\/mm20030118_1.mp3\"}],\"play\":{\"opacity\":0}}' \/>  No audio playback capabilities, please download the audio below<br \/><strong>Download Audio:<\/strong> Closed Format: <a href=\"http:\/\/download.radioeins.de\/mp3\/medienmagazin\/mm20030118_1.mp3\">MP3<\/a> <\/object> <!-- Generated by HTML5 Multimedia Framework (http:\/\/code.google.com\/p\/html5videoplayer) --> <\/audio>  <br \/>\n<a href=\"http:\/\/download.radioeins.de\/mp3\/medienmagazin\/mm20030118_1.mp3\" target=\"_blank\">Download<\/a><\/p>\n<div style=\"height:5px;\"><\/div>\n<p>Vgl.:<br \/>\n*<a href=\"http:\/\/www.amazon.de\/SPIEGEL-FOCUS-eine-vergleichende-Inhaltsanalyse\/dp\/3926920262\"> SPIEGEL und FOCUS: eine vergleichende Inhaltsanalyse 1993 &#8211; 1996<\/a><\/p>\n<div style=\"height:30px;\"><\/div>\n<p>* 10 Jahre Focus &#8211; eine publizistische Bilanz<br \/>\nTelefoninterview mit Helmut Markwort, FOCUS-Chefredakteur (1993-2009) <\/p>\n<div style=\"height:10px;\"><\/div>\n<p> <audio   controls > <source src=\"http:\/\/download.radioeins.de\/mp3\/medienmagazin\/mm20030118_2.mp3\" type='audio\/mpeg' \/> <object   type=\"application\/x-shockwave-flash\"  data=\"https:\/\/www.wwwagner.tv\/wp-content\/plugins\/wphtml5player\/inc\/flowplayer.swf\"  width=\"400\"  height=\"30\"> <param name=\"movie\" value='https:\/\/www.wwwagner.tv\/wp-content\/plugins\/wphtml5player\/inc\/flowplayer.swf' \/><param name=\"allowfullscreen\" value='false' \/><param name=\"cachebusting\" value='true' \/><param name=\"bgcolor\" value='#000000' \/><param name=\"flashvars\" value='config={\"plugins\":{\"controls\":{\"height\":30,\"autoHide\":false,\"fullscreen\":false}},\"clip\":{\"autoPlay\":false,\"url\":\"http:\\\/\\\/download.radioeins.de\\\/mp3\\\/medienmagazin\\\/mm20030118_2.mp3\"},\"playlist\":[{\"autoPlay\":false,\"url\":\"http:\\\/\\\/download.radioeins.de\\\/mp3\\\/medienmagazin\\\/mm20030118_2.mp3\"}],\"play\":{\"opacity\":0}}' \/>  No audio playback capabilities, please download the audio below<br \/><strong>Download Audio:<\/strong> Closed Format: <a href=\"http:\/\/download.radioeins.de\/mp3\/medienmagazin\/mm20030118_2.mp3\">MP3<\/a> <\/object> <!-- Generated by HTML5 Multimedia Framework (http:\/\/code.google.com\/p\/html5videoplayer) --> <\/audio>  <br \/>\n<a href=\"http:\/\/download.radioeins.de\/mp3\/medienmagazin\/mm20030118_2.mp3\" target=\"_blank\">Download<\/a><\/p>\n<div style=\"height:10px;\"><\/div>\n<p>(Fotos: \u00a9 ARD, Ki.Ka, Phoenix, J\u00f6rg Wagner [2], Zsolt Bog\u00e1r)<\/p>\n<div style=\"height: 10px;\"><\/div>\n<hr \/>\n<div style=\"height: 5px;\"><\/div>\n<p><html><br \/>\n     <head><\/p>\n<style type=\"text\/css\">\n       body {\n                     background: #DADADA;\n       }\n      <\/style>\n<p>     <\/head><br \/>\n     <body><br \/>\n<\/body><br \/>\n    <\/html><br \/>\n<script src=\"https:\/\/apis.google.com\/js\/plusone.js\" type=\"text\/javascript\">\/\/ < ![CDATA[ {lang: 'de'} \/\/ ]]><\/script><br \/>\n<script src=\"http:\/\/twittercounter.com\/embed\/?username=medienmagazin&amp;style=avatar\" type=\"text\/javascript\"><\/script><\/p>\n<p><noscript><a href=\"http:\/\/twittercounter.com\/medienmagazin\">medienmagazin on Twitter Counter<\/a><\/noscript><\/p>\n","protected":false},"excerpt":{"rendered":"<p>Gesamt-PodCast: No audio playback capabilities, please download the audio belowDownload Audio: Closed Format: MP3 Download INTRO: Comedy-Gipfel? O-Ton: Dieter Nuhr als Gastgeber im Satiregipfel (Quelle: ARD, 20.01.2011) &#8222;Stand Up, this is comedy.&#8220; No audio playback capabilities, please download the audio belowDownload Audio: Closed Format: MP3 Download Vgl.: * Satiregipfel 1. ARDintern: Aufkl\u00e4rung im Ki.Ka-Betrugsfall &#8222;schnell, [&hellip;]<\/p>\n","protected":false},"author":2,"featured_media":32866,"comment_status":"open","ping_status":"open","sticky":false,"template":"","format":"standard","meta":{"_monsterinsights_skip_tracking":false,"_monsterinsights_sitenote_active":false,"_monsterinsights_sitenote_note":"","_monsterinsights_sitenote_category":0,"footnotes":""},"categories":[4],"tags":[154,193],"class_list":["post-5144","post","type-post","status-publish","format-standard","has-post-thumbnail","hentry","category-medienmagazin","tag-kika","tag-mdr"],"_links":{"self":[{"href":"https:\/\/www.wwwagner.tv\/index.php?rest_route=\/wp\/v2\/posts\/5144","targetHints":{"allow":["GET"]}}],"collection":[{"href":"https:\/\/www.wwwagner.tv\/index.php?rest_route=\/wp\/v2\/posts"}],"about":[{"href":"https:\/\/www.wwwagner.tv\/index.php?rest_route=\/wp\/v2\/types\/post"}],"author":[{"embeddable":true,"href":"https:\/\/www.wwwagner.tv\/index.php?rest_route=\/wp\/v2\/users\/2"}],"replies":[{"embeddable":true,"href":"https:\/\/www.wwwagner.tv\/index.php?rest_route=%2Fwp%2Fv2%2Fcomments&post=5144"}],"version-history":[{"count":86,"href":"https:\/\/www.wwwagner.tv\/index.php?rest_route=\/wp\/v2\/posts\/5144\/revisions"}],"predecessor-version":[{"id":36575,"href":"https:\/\/www.wwwagner.tv\/index.php?rest_route=\/wp\/v2\/posts\/5144\/revisions\/36575"}],"wp:featuredmedia":[{"embeddable":true,"href":"https:\/\/www.wwwagner.tv\/index.php?rest_route=\/wp\/v2\/media\/32866"}],"wp:attachment":[{"href":"https:\/\/www.wwwagner.tv\/index.php?rest_route=%2Fwp%2Fv2%2Fmedia&parent=5144"}],"wp:term":[{"taxonomy":"category","embeddable":true,"href":"https:\/\/www.wwwagner.tv\/index.php?rest_route=%2Fwp%2Fv2%2Fcategories&post=5144"},{"taxonomy":"post_tag","embeddable":true,"href":"https:\/\/www.wwwagner.tv\/index.php?rest_route=%2Fwp%2Fv2%2Ftags&post=5144"}],"curies":[{"name":"wp","href":"https:\/\/api.w.org\/{rel}","templated":true}]}}