{"id":51634,"date":"2022-04-23T18:05:38","date_gmt":"2022-04-23T16:05:38","guid":{"rendered":"https:\/\/www.wwwagner.tv\/?p=51634"},"modified":"2022-04-26T01:45:37","modified_gmt":"2022-04-25T23:45:37","slug":"medienmagazin-vom-23-04-2022","status":"publish","type":"post","link":"https:\/\/www.wwwagner.tv\/?p=51634","title":{"rendered":"Medienmagazin vom 23.04.2022"},"content":{"rendered":"<p>Gesamt-PodCast:<br \/>\n <audio   controls > <source src=\"https:\/\/rbbmediapmdp-a.akamaihd.net\/content\/3c\/d8\/3cd897c5-a7de-4437-8209-140330903543\/e395bdbd-0d46-4798-b5fa-31b3d8d3fc4f_e6cbb3e9-847a-4eb5-a913-4e314fa0ea82.mp3\" type='audio\/mpeg' \/> <object   type=\"application\/x-shockwave-flash\"  data=\"https:\/\/www.wwwagner.tv\/wp-content\/plugins\/wphtml5player\/inc\/flowplayer.swf\"  width=\"400\"  height=\"30\"> <param name=\"movie\" value='https:\/\/www.wwwagner.tv\/wp-content\/plugins\/wphtml5player\/inc\/flowplayer.swf' \/><param name=\"allowfullscreen\" value='false' \/><param name=\"cachebusting\" value='true' \/><param name=\"bgcolor\" value='#000000' \/><param name=\"flashvars\" value='config={\"plugins\":{\"controls\":{\"height\":30,\"autoHide\":false,\"fullscreen\":false}},\"clip\":{\"autoPlay\":false,\"url\":\"https:\\\/\\\/rbbmediapmdp-a.akamaihd.net\\\/content\\\/3c\\\/d8\\\/3cd897c5-a7de-4437-8209-140330903543\\\/e395bdbd-0d46-4798-b5fa-31b3d8d3fc4f_e6cbb3e9-847a-4eb5-a913-4e314fa0ea82.mp3\"},\"playlist\":[{\"autoPlay\":false,\"url\":\"https:\\\/\\\/rbbmediapmdp-a.akamaihd.net\\\/content\\\/3c\\\/d8\\\/3cd897c5-a7de-4437-8209-140330903543\\\/e395bdbd-0d46-4798-b5fa-31b3d8d3fc4f_e6cbb3e9-847a-4eb5-a913-4e314fa0ea82.mp3\"}],\"play\":{\"opacity\":0}}' \/>  No audio playback capabilities, please download the audio below<br \/><strong>Download Audio:<\/strong> Closed Format: <a href=\"https:\/\/rbbmediapmdp-a.akamaihd.net\/content\/3c\/d8\/3cd897c5-a7de-4437-8209-140330903543\/e395bdbd-0d46-4798-b5fa-31b3d8d3fc4f_e6cbb3e9-847a-4eb5-a913-4e314fa0ea82.mp3\">MP3<\/a> <\/object> <!-- Generated by HTML5 Multimedia Framework (http:\/\/code.google.com\/p\/html5videoplayer) --> <\/audio>  <br \/>\n<a href=\"https:\/\/rbbmediapmdp-a.akamaihd.net\/content\/3c\/d8\/3cd897c5-a7de-4437-8209-140330903543\/e395bdbd-0d46-4798-b5fa-31b3d8d3fc4f_e6cbb3e9-847a-4eb5-a913-4e314fa0ea82.mp3\" target=\"_blank\" rel=\"noopener noreferrer\">Download<\/a><span style=\"color: #666666;\"> (verlinkte Audio-Quelle bis zum 23.04.2023: rbb, radioeins)<\/span><br \/>\n* via <a href=\"http:\/\/bit.ly\/UiK8m2\" rel=\"noopener noreferrer\" target=\"_blank\">radioeins.de<\/a><br \/>\n* via <a href=\"http:\/\/bit.ly\/2QPyw0c\" rel=\"noopener noreferrer\" target=\"_blank\">ARD-Audiothek<\/a><br \/>\n* via <a href=\"https:\/\/open.spotify.com\/show\/7xVQUA4ge6g5IUsCYk5qtE?si=d4af4d1f18f94ddc\" rel=\"noopener\" target=\"_blank\">spotify<\/a><br \/>\n* via <a href=\"https:\/\/podcasts.apple.com\/de\/podcast\/medienmagazin\/id160843212\" rel=\"noopener\" target=\"_blank\">Apple PodCasts<\/a><br \/>\n* via ALEXA: &#8222;Alexa, spiele Medienmagazin (von radioeins!)&#8220;<br \/>\n* via Google Home: &#8222;Ok, Google, spiele radioeins Medienmagazin!&#8220;<\/p>\n<div style=\"height: 10px;\"><\/div>\n<p>[00:00] INTRO: Martin Sonneborn, Br\u00fcssel, 23.04.2022 | [02:27] Free Julian Assange &#8211; Elena Kuch | [12:42] Das Radio in der Krise: EWF &#8211; Olaf Korte; Rainer Suckow | [20:43]  EWF &#8211; Robert L\u00fcneberger | [31:35] Das Radio in der Krise: Sendesicherheit &#8211; Rainer Suckow | [46:30] Bonus: Ist die Pressefreiheit im digitalen Raum in Gefahr? &#8211; John <a href=\"https:\/\/www.wwwagner.tv\/?p=46866\" rel=\"noopener\" target=\"_blank\">Goetz<\/a> | [1:07:16] Bonus: \u201eDigital Switchover\u201c von UKW auf dab+, 23.03.2022, Berlin || J\u00f6rg Wagner<\/p>\n<div style=\"height: 30px;\"><\/div>\n<hr \/>\n<div style=\"height: 10px;\"><\/div>\n<p><span style=\"font-size: 11pt; font-family: tahoma,arial,helvetica,sans-serif;\"><br \/>\n<strong>INTRO: Free Assange<\/strong><br \/>\nO-Ton: Martin Sonneborn, MdEP am 23.04.2033, 14:49 Uhr, Br\u00fcssel, Place de la Monnaie<br \/>\n<span style=\"font-size: 11pt; font-family: tahoma,arial,helvetica,sans-serif;\"><br \/>\n<strong>1. UNTERST\u00dcTZUNG: Free Julian Assange<\/strong><br \/>\nAm Mittwoch (20.04.2022) genehmigte der Westminster Magistrates Court formell die Auslieferung des Wikileaks-Gr\u00fcnders Julian Assange an die USA. Endg\u00fcltig wird die britische Innenministerin Priti Patel innerhalb der n\u00e4chsten zwei Monate entscheiden. Assanges Anw\u00e4lte haben eine Frist von vier Wochen, um weitere Einspruchsgr\u00fcnde vorzubringen. Auch ein weiterer Gang vor Gericht ist nicht ausgeschlossen.<br \/>\nO-Ton: Ausschnitt Doku \u201eWikileaks \u2013 Die USA gegen Julian Assange\u201c<br \/>\nmuPRO-Schaltgespr\u00e4ch mit <a href=\"http:\/\/elenakuch.de\/\" rel=\"noopener\" target=\"_blank\">Elena Kuch<\/a>, Reporterin f\u00fcr das Ressort Investigation des NDR, Mitautorin des 2021 Grimmepreis-nominierten Films \u201eWikileaks \u2013 Die USA gegen Julian Assange\u201c, 2020 (live)<\/p>\n<div class=\"BorlabsCookie\"><div class=\"_brlbs-content-blocker\"> <div class=\"_brlbs-embed _brlbs-video-youtube\"> <img class=\"_brlbs-thumbnail\" src=\"https:\/\/www.wwwagner.tv\/wp-content\/plugins\/borlabs-cookie\/images\/cb-no-thumbnail.png\" alt=\"YouTube\"> <div class=\"_brlbs-caption\"> <p>Mit dem Laden des Videos akzeptieren Sie die Datenschutzerkl\u00e4rung von YouTube.<br><a href=\"https:\/\/policies.google.com\/privacy\" target=\"_blank\" rel=\"nofollow noopener noreferrer\">Mehr erfahren<\/a><\/p> <p><a class=\"_brlbs-btn _brlbs-icon-play-white\" href=\"#\" data-borlabs-cookie-unblock role=\"button\">Video laden<\/a><\/p> <p><label><input type=\"checkbox\" name=\"unblockAll\" value=\"1\" checked> <small>YouTube immer entsperren<\/small><\/label><\/p> <\/div> <\/div> <\/div><div class=\"borlabs-hide\" data-borlabs-cookie-type=\"content-blocker\" data-borlabs-cookie-id=\"youtube\"><script type=\"text\/template\">PHA+PGlmcmFtZSBsb2FkaW5nPSJsYXp5IiB3aWR0aD0iNjAwIiBoZWlnaHQ9IjMzOCIgc3JjPSJodHRwczovL3d3dy55b3V0dWJlLW5vY29va2llLmNvbS9lbWJlZC9CVWIwNkdwN0hZNCIgdGl0bGU9IllvdVR1YmUgdmlkZW8gcGxheWVyIiBmcmFtZWJvcmRlcj0iMCIgYWxsb3c9ImFjY2VsZXJvbWV0ZXI7IGF1dG9wbGF5OyBjbGlwYm9hcmQtd3JpdGU7IGVuY3J5cHRlZC1tZWRpYTsgZ3lyb3Njb3BlOyBwaWN0dXJlLWluLXBpY3R1cmUiIGFsbG93ZnVsbHNjcmVlbj48L2lmcmFtZT4=<\/script><\/div><\/div><br \/>\n<div class=\"BorlabsCookie\"><div class=\"_brlbs-content-blocker\"> <div class=\"_brlbs-embed _brlbs-video-youtube\"> <img class=\"_brlbs-thumbnail\" src=\"https:\/\/www.wwwagner.tv\/wp-content\/plugins\/borlabs-cookie\/images\/cb-no-thumbnail.png\" alt=\"YouTube\"> <div class=\"_brlbs-caption\"> <p>Mit dem Laden des Videos akzeptieren Sie die Datenschutzerkl\u00e4rung von YouTube.<br><a href=\"https:\/\/policies.google.com\/privacy\" target=\"_blank\" rel=\"nofollow noopener noreferrer\">Mehr erfahren<\/a><\/p> <p><a class=\"_brlbs-btn _brlbs-icon-play-white\" href=\"#\" data-borlabs-cookie-unblock role=\"button\">Video laden<\/a><\/p> <p><label><input type=\"checkbox\" name=\"unblockAll\" value=\"1\" checked> <small>YouTube immer entsperren<\/small><\/label><\/p> <\/div> <\/div> <\/div><div class=\"borlabs-hide\" data-borlabs-cookie-type=\"content-blocker\" data-borlabs-cookie-id=\"youtube\"><script type=\"text\/template\">PGlmcmFtZSBsb2FkaW5nPSJsYXp5IiB3aWR0aD0iNjAwIiBoZWlnaHQ9IjMzOCIgc3JjPSJodHRwczovL3d3dy55b3V0dWJlLW5vY29va2llLmNvbS9lbWJlZC9VdzFDdUZja0pQUSIgdGl0bGU9IllvdVR1YmUgdmlkZW8gcGxheWVyIiBmcmFtZWJvcmRlcj0iMCIgYWxsb3c9ImFjY2VsZXJvbWV0ZXI7IGF1dG9wbGF5OyBjbGlwYm9hcmQtd3JpdGU7IGVuY3J5cHRlZC1tZWRpYTsgZ3lyb3Njb3BlOyBwaWN0dXJlLWluLXBpY3R1cmUiIGFsbG93ZnVsbHNjcmVlbj48L2lmcmFtZT4=<\/script><\/div><\/div><br \/>\n<div class=\"BorlabsCookie\"><div class=\"_brlbs-content-blocker\"> <div class=\"_brlbs-embed _brlbs-video-youtube\"> <img class=\"_brlbs-thumbnail\" src=\"https:\/\/www.wwwagner.tv\/wp-content\/plugins\/borlabs-cookie\/images\/cb-no-thumbnail.png\" alt=\"YouTube\"> <div class=\"_brlbs-caption\"> <p>Mit dem Laden des Videos akzeptieren Sie die Datenschutzerkl\u00e4rung von YouTube.<br><a href=\"https:\/\/policies.google.com\/privacy\" target=\"_blank\" rel=\"nofollow noopener noreferrer\">Mehr erfahren<\/a><\/p> <p><a class=\"_brlbs-btn _brlbs-icon-play-white\" href=\"#\" data-borlabs-cookie-unblock role=\"button\">Video laden<\/a><\/p> <p><label><input type=\"checkbox\" name=\"unblockAll\" value=\"1\" checked> <small>YouTube immer entsperren<\/small><\/label><\/p> <\/div> <\/div> <\/div><div class=\"borlabs-hide\" data-borlabs-cookie-type=\"content-blocker\" data-borlabs-cookie-id=\"youtube\"><script type=\"text\/template\">PGlmcmFtZSBsb2FkaW5nPSJsYXp5IiB3aWR0aD0iNjAwIiBoZWlnaHQ9IjMzOCIgc3JjPSJodHRwczovL3d3dy55b3V0dWJlLW5vY29va2llLmNvbS9lbWJlZC9NUTh2bHlBUTdjQSIgdGl0bGU9IllvdVR1YmUgdmlkZW8gcGxheWVyIiBmcmFtZWJvcmRlcj0iMCIgYWxsb3c9ImFjY2VsZXJvbWV0ZXI7IGF1dG9wbGF5OyBjbGlwYm9hcmQtd3JpdGU7IGVuY3J5cHRlZC1tZWRpYTsgZ3lyb3Njb3BlOyBwaWN0dXJlLWluLXBpY3R1cmUiIGFsbG93ZnVsbHNjcmVlbj48L2lmcmFtZT48L3A+<\/script><\/div><\/div>\n<p><span style=\"font-size: 11pt; font-family: tahoma,arial,helvetica,sans-serif;\"><br \/>\n<strong>2. RADIO: Krisenerprobt und weiterentwickelt (zwei Teile)<\/strong><br \/>\nSeit rund 100 Jahren Radioentwicklung zeigt sich dieses Medium als \u00e4u\u00dferst robust in Krisen und bei Katastrophen. Notstromaggregate auf Senderseite, sowie Batterie- bzw. Kurbelbetrieb bei den Radioempf\u00e4ngern machen das Radio weiterhin zum Kommunikationsmedium Nr. 1. in der Krise. Jetzt soll noch ein weiteres Feature f\u00fcr den digitalen terrestrischen Sendeweg hinzukommen: EWF = \u201eEmergency-Warning-Functionality\u201c. Das laufende Radioprogramm soll mit dieser Funktionalit\u00e4t im Falle einer Notfallalarmierung unterbrochen werden. Die Radioger\u00e4te schalten selbstst\u00e4ndig auf einen Warn- und Informationskanal um. Radios, die sich im \u201eStandby-Betrieb\u201c befinden, werden automatisch eingeschaltet. Zus\u00e4tzlich zur Warndurchsage wird auf den Radiodisplays die Warnmeldung mehrsprachig ausgegeben mit detaillierten Instruktionen und Hinweisen.<br \/>\nWie funktioniert EWF? Kann man DAB+-Empf\u00e4nger nachr\u00fcsten? Welche Wellenbereiche sind f\u00fcr Krisen \u00fcberhaupt sinnvoll?<br \/>\nStudiogespr\u00e4ch mit O-T\u00f6nen u. a.:<br \/>\n* Heike Raab, Bevollm\u00e4chtigte des Landes Rheinland-Pfalz beim Bund und f\u00fcr Europa, Medien und Digitales als Staatssekret\u00e4rin in der Staatskanzlei, ma\u00dfgebliche Koordinatorin in der Rundfunkkommission der L\u00e4nder (W\u00e4hrend einer Veranstaltung der Landesmedieanstalten, 23.03.2022, Berlin)<br \/>\n* Interview mit Olaf Korte vom Fraunhofer-Institut f\u00fcr Integrierte Schaltungen aus Erlangen (aufgezeichnet)<br \/>\n* Telefoninterview mit Robert L\u00fcneberger, Technisat , \u00fcber EWF bei der Ger\u00e4teherstellung (live)<br \/>\n* O-T\u00f6ne aus dem Ukraine-Krieg von: Radio Russia auf MW 999 kHz (13.04.2022), Ukraine  Radio auf MW 657 kHz (13.04.2022), BBC KW 5875 kHz (10.03.2022)<br \/>\nAutor: Rainer Suckow, Radioexperte und Vorsitzender des F\u00f6rdervereins \u201eSender K\u00f6nigs Wusterhausen\u201c e.V (live)<br \/>\n<span style=\"font-size: 11pt; font-family: tahoma,arial,helvetica,sans-serif;\"><br \/>\n<strong>PodCast-Bonus:<\/strong><br \/>\n\u00b0 Ist die Pressefreiheit im digitalen Raum in Gefahr?<br \/>\nW\u00e4hrend sich in der \u00f6ffentlichen Wahrnehmung Pressefreiheit daran misst, inwieweit Medienschaffende von Print- und Funkmedien ungehindert und ohne Schaden f\u00fcr das k\u00f6rperliche Wohl frei recherchieren k\u00f6nnen, ist im digitalen Raum die Sensibilit\u00e4t bei Einschr\u00e4nkungen des Journalismus nicht so stark ausgepr\u00e4gt wie bei klassischen Medien.<br \/>\nDurch technische \u00dcberwachungsm\u00f6glichkeiten und neue Gesetze wird der Informantenschutz ausgehebelt, ist das investigative Recherchieren gef\u00e4hrdet. Bei der geplanten e-Evidence-Verordnung sollen Internetdienstleister z. B. zu mehr Kooperation mit Polizei- und Justizbeh\u00f6rden gezwungen werden. Nach wie vor politisch ungekl\u00e4rt ist, ob Whistleblower*innen, sowie Plattformbetreiber wie Wikileaks mit Julian Assange, nicht denselben Schutz genie\u00dfen sollten, wie Journalist*innen.<br \/>\nWer:<br \/>\n* John Goetz, Investigativ-Journalist u. a. NDR<br \/>\n* J\u00f6rg Wagner, freier Medienjournalist<br \/>\n* Daniel Bouhs, freier Medienjournalist<br \/>\n* Holger Stark, Die Zeit, stellvertretender Chefredakteur und Ressortleiter Investigation und Recherche, (O-Ton)<br \/>\nWas: <a href=\"https:\/\/www.wwwagner.tv\/?p=46866\" rel=\"noopener\" target=\"_blank\">Park-Interview<\/a> zur Pressefreiheit im digitalen Raum<br \/>\nWann: rec.: 01.05.2020<br \/>\nQuelle: radioeins-Medienmagazin vom 02.05.2020<br \/>\n<span style=\"font-size: 11pt; font-family: tahoma,arial,helvetica,sans-serif;\"><br \/>\n\u00b0 DAB+ im Dialog &#8211; Erfolgsfaktor Kommunikation<br \/>\nWas: Crossmedial informieren und den Umstieg meistern \u2013 Best Cases zum \u201eDigital Switchover\u201c von UKW auf DAB+<br \/>\nWer:<br \/>\n* Thomas K\u00fchnrich, Digitalradio B\u00fcro Deutschland<br \/>\n* Martin Liss, Medienberater, Moderation der Veranstaltung<br \/>\n* Tobias H\u00e4ndler, CEO der Scholz &#038; Friends Schweiz AG<br \/>\nWann: 23.03.2022<br \/>\nWo: Berlin<br \/>\nQuelle: <a href=\"https:\/\/www.dabplus.de\/dialog\/\" rel=\"noopener\" target=\"_blank\">https:\/\/www.dabplus.de\/dialog\/<\/a><\/p>\n<div style=\"height: 20px;\"><\/div>\n<p><img loading=\"lazy\" decoding=\"async\" src=\"https:\/\/www.wwwagner.tv\/wp-content\/uploads\/20220423_podcast_twitter_1024\u00d7576.jpg\" alt=\"\" width=\"1024\" height=\"576\" class=\"alignnone size-full wp-image-51635\" srcset=\"https:\/\/www.wwwagner.tv\/wp-content\/uploads\/20220423_podcast_twitter_1024\u00d7576.jpg 1024w, https:\/\/www.wwwagner.tv\/wp-content\/uploads\/20220423_podcast_twitter_1024\u00d7576-300x169.jpg 300w, https:\/\/www.wwwagner.tv\/wp-content\/uploads\/20220423_podcast_twitter_1024\u00d7576-768x432.jpg 768w\" sizes=\"auto, (max-width: 1024px) 100vw, 1024px\" \/><\/p>\n<hr \/>\n<div style=\"height: 5px;\"><\/div>\n<p><html><br \/>\n     <head><\/p>\n<style type=\"text\/css\">\n       body {\n                     background: #DADADA;\n       }\n      <\/style>\n<p>     <\/head><br \/>\n     <body><br \/>\n<\/body><br \/>\n    <\/html><\/span><\/span><\/span><\/span><\/span><\/p>\n","protected":false},"excerpt":{"rendered":"<p>Gesamt-PodCast: No audio playback capabilities, please download the audio belowDownload Audio: Closed Format: MP3 Download (verlinkte Audio-Quelle bis zum 23.04.2023: rbb, radioeins) * via radioeins.de * via ARD-Audiothek * via spotify * via Apple PodCasts * via ALEXA: &#8222;Alexa, spiele Medienmagazin (von radioeins!)&#8220; * via Google Home: &#8222;Ok, Google, spiele radioeins Medienmagazin!&#8220; [00:00] INTRO: Martin [&hellip;]<\/p>\n","protected":false},"author":2,"featured_media":51003,"comment_status":"closed","ping_status":"open","sticky":false,"template":"","format":"standard","meta":{"_monsterinsights_skip_tracking":false,"footnotes":""},"categories":[4],"tags":[1152,238,1309,510],"class_list":["post-51634","post","type-post","status-publish","format-standard","has-post-thumbnail","hentry","category-medienmagazin","tag-assange","tag-dabplus","tag-ewf","tag-ukraine"],"_links":{"self":[{"href":"https:\/\/www.wwwagner.tv\/index.php?rest_route=\/wp\/v2\/posts\/51634","targetHints":{"allow":["GET"]}}],"collection":[{"href":"https:\/\/www.wwwagner.tv\/index.php?rest_route=\/wp\/v2\/posts"}],"about":[{"href":"https:\/\/www.wwwagner.tv\/index.php?rest_route=\/wp\/v2\/types\/post"}],"author":[{"embeddable":true,"href":"https:\/\/www.wwwagner.tv\/index.php?rest_route=\/wp\/v2\/users\/2"}],"replies":[{"embeddable":true,"href":"https:\/\/www.wwwagner.tv\/index.php?rest_route=%2Fwp%2Fv2%2Fcomments&post=51634"}],"version-history":[{"count":5,"href":"https:\/\/www.wwwagner.tv\/index.php?rest_route=\/wp\/v2\/posts\/51634\/revisions"}],"predecessor-version":[{"id":51640,"href":"https:\/\/www.wwwagner.tv\/index.php?rest_route=\/wp\/v2\/posts\/51634\/revisions\/51640"}],"wp:featuredmedia":[{"embeddable":true,"href":"https:\/\/www.wwwagner.tv\/index.php?rest_route=\/wp\/v2\/media\/51003"}],"wp:attachment":[{"href":"https:\/\/www.wwwagner.tv\/index.php?rest_route=%2Fwp%2Fv2%2Fmedia&parent=51634"}],"wp:term":[{"taxonomy":"category","embeddable":true,"href":"https:\/\/www.wwwagner.tv\/index.php?rest_route=%2Fwp%2Fv2%2Fcategories&post=51634"},{"taxonomy":"post_tag","embeddable":true,"href":"https:\/\/www.wwwagner.tv\/index.php?rest_route=%2Fwp%2Fv2%2Ftags&post=51634"}],"curies":[{"name":"wp","href":"https:\/\/api.w.org\/{rel}","templated":true}]}}