{"id":51705,"date":"2022-05-21T18:05:53","date_gmt":"2022-05-21T16:05:53","guid":{"rendered":"https:\/\/www.wwwagner.tv\/?p=51705"},"modified":"2022-05-31T00:25:09","modified_gmt":"2022-05-30T22:25:09","slug":"medienmagazin-vom-21-05-2022","status":"publish","type":"post","link":"https:\/\/www.wwwagner.tv\/?p=51705","title":{"rendered":"Medienmagazin vom 21.05.2022"},"content":{"rendered":"<p>Gesamt-PodCast:<br \/>\n <audio   controls > <source src=\"https:\/\/rbbmediapmdp-a.akamaihd.net\/content\/ef\/56\/ef566d16-ce94-42f0-9d56-299e182f89a6\/6d25ff45-3544-43cf-be65-f5a317a59b1e_3194e858-87fe-468e-8120-1fa337db7dc3.mp3\" type='audio\/mpeg' \/> <object   type=\"application\/x-shockwave-flash\"  data=\"https:\/\/www.wwwagner.tv\/wp-content\/plugins\/wphtml5player\/inc\/flowplayer.swf\"  width=\"400\"  height=\"30\"> <param name=\"movie\" value='https:\/\/www.wwwagner.tv\/wp-content\/plugins\/wphtml5player\/inc\/flowplayer.swf' \/><param name=\"allowfullscreen\" value='false' \/><param name=\"cachebusting\" value='true' \/><param name=\"bgcolor\" value='#000000' \/><param name=\"flashvars\" value='config={\"plugins\":{\"controls\":{\"height\":30,\"autoHide\":false,\"fullscreen\":false}},\"clip\":{\"autoPlay\":false,\"url\":\"https:\\\/\\\/rbbmediapmdp-a.akamaihd.net\\\/content\\\/ef\\\/56\\\/ef566d16-ce94-42f0-9d56-299e182f89a6\\\/6d25ff45-3544-43cf-be65-f5a317a59b1e_3194e858-87fe-468e-8120-1fa337db7dc3.mp3\"},\"playlist\":[{\"autoPlay\":false,\"url\":\"https:\\\/\\\/rbbmediapmdp-a.akamaihd.net\\\/content\\\/ef\\\/56\\\/ef566d16-ce94-42f0-9d56-299e182f89a6\\\/6d25ff45-3544-43cf-be65-f5a317a59b1e_3194e858-87fe-468e-8120-1fa337db7dc3.mp3\"}],\"play\":{\"opacity\":0}}' \/>  No audio playback capabilities, please download the audio below<br \/><strong>Download Audio:<\/strong> Closed Format: <a href=\"https:\/\/rbbmediapmdp-a.akamaihd.net\/content\/ef\/56\/ef566d16-ce94-42f0-9d56-299e182f89a6\/6d25ff45-3544-43cf-be65-f5a317a59b1e_3194e858-87fe-468e-8120-1fa337db7dc3.mp3\">MP3<\/a> <\/object> <!-- Generated by HTML5 Multimedia Framework (http:\/\/code.google.com\/p\/html5videoplayer) --> <\/audio>  <br \/>\n<a href=\"https:\/\/rbbmediapmdp-a.akamaihd.net\/content\/ef\/56\/ef566d16-ce94-42f0-9d56-299e182f89a6\/6d25ff45-3544-43cf-be65-f5a317a59b1e_3194e858-87fe-468e-8120-1fa337db7dc3.mp3\" target=\"_blank\" rel=\"noopener noreferrer\">Download<\/a><span style=\"color: #666666;\"> (verlinkte Audio-Quelle bis zum 21.05.2023: rbb, radioeins)<\/span><br \/>\n* via <a href=\"http:\/\/bit.ly\/UiK8m2\" rel=\"noopener noreferrer\" target=\"_blank\">radioeins.de<\/a><br \/>\n* via <a href=\"http:\/\/bit.ly\/2QPyw0c\" rel=\"noopener noreferrer\" target=\"_blank\">ARD-Audiothek<\/a><br \/>\n* via <a href=\"https:\/\/open.spotify.com\/show\/7xVQUA4ge6g5IUsCYk5qtE?si=d4af4d1f18f94ddc\" rel=\"noopener\" target=\"_blank\">spotify<\/a><br \/>\n* via <a href=\"https:\/\/podcasts.apple.com\/de\/podcast\/medienmagazin\/id160843212\" rel=\"noopener\" target=\"_blank\">Apple PodCasts<\/a><br \/>\n* via ALEXA: &#8222;Alexa, spiele Medienmagazin (von radioeins!)&#8220;<br \/>\n* via Google Home: &#8222;Ok, Google, spiele radioeins Medienmagazin!&#8220;<\/p>\n<div style=\"height: 10px;\"><\/div>\n<p>[00:00] MEINUNGSMACHT: Zeit-Herausgeber Joffe l\u00e4sst T\u00e4tigkeit ruhen | [04:24] KLIMA-JOURNALISMUS: Transformativer Journalismus in der Theorie &#8211; Dr. Uwe Kr\u00fcger | [17:38] KLIMA-JOURNALISMUS: Transformativer Journalismus in der Praxis &#8211; Clara Pfeffer | [30:31] NACHHALTIGKEIT: Bestandsaufnahme und Ziele der ARD &#8211; Dr. Susanne Pfab | [49:45] Bonus: Dr. Eckart von Hirschhausen &#8211; Daniel Bouhs &#8211; #r1MM 13.11.2021 | [58:51] Bonus: Der Mann hinter der \u201cAnstalt\u201d &#8211; Dietrich Krau\u00df &#8211; 16.09.2019 || J\u00f6rg Wagner<\/p>\n<div style=\"height: 30px;\"><\/div>\n<hr \/>\n<div style=\"height: 10px;\"><\/div>\n<p><span style=\"font-size: 11pt; font-family: tahoma,arial,helvetica,sans-serif;\"><br \/>\n<strong>1. MEINUNGSMACHT: Zeit-Herausgeber Joffe l\u00e4sst Amt ruhen<\/strong><br \/>\nO-T\u00f6ne:<br \/>\n* &#8222;Die Anstalt\u201c, ZDF, 29.04.2014 zu Josef Joffes N\u00e4he zu Lobbyorganisationen<br \/>\n* Dietrich Krau\u00df, Autor, Redakteur \u201cDie Anstalt\u201d, rec.: 16.09.2019<br \/>\n* Dr. Uwe Kr\u00fcger, Uni Leipzig, Autor des Buches &#8222;Meinungsmacht. (Aufzeichnung, 20.05.2022, 15:30 Uhr)<br \/>\nVgl.: Der Einfluss von Eliten auf Leitmedien und Alpha\u00ad-Journalisten \u2013 eine kritische Netzwerkanalyse\u201c<br \/>\nReihe des Instituts f\u00fcr Praktische Journalismus- und Kommunikationsforschung (IPJ), 9<br \/>\nHalem-Verlag, 2013, 378 S., ISBN 978-3-86962-070-1<br \/>\n<span style=\"font-size: 11pt; font-family: tahoma,arial,helvetica,sans-serif;\"><br \/>\n<strong>2. KLIMA-JOURNALISMUS: Transformativer Journalismus in der Theorie<\/strong><br \/>\nDr. Uwe Kr\u00fcger besch\u00e4ftigt sich aktuell mit der Rolle des Journalismus bei der Vermittlung im Transformationsprozess zu einer klimavertr\u00e4glichen und nachhaltigen Weltwirtschaftsordnung.<br \/>\nMuss Journalismus seine nur abbildende und neutrale Rolle verlassen, damit die Klimaziele erreicht werden?<br \/>\nEr ist einer der 29 Autoren des gerade (05.05.2022) erschienenen Buches &#8222;Medien in der Klima-Krise\u201c, oekom-Verlag, 272 Seiten, ISBN: 978-3-96238-385-5<br \/>\nO-T\u00f6ne:<br \/>\n* Enquete-Kommission des Bundestags zur Reduzierung des CO2-Aussto\u00dfes, Thomas Klug (Quelle: Nachrichten, Rockradio B, ORB, 30.06.1992, 19:00 Uhr)<br \/>\n* Werbeclip Dr. Uwe Kr\u00fcger zum Buch &#8222;Medien in der Klima-Krise\u201c, Linkedin<br \/>\nmuPRO-Schaltgespr\u00e4ch mit Dr. Uwe Kr\u00fcger, Kommunikationswissenschaftler Uni Leipzig<br \/>\n(Aufzeichnung, 20.05.2022, 15:30 Uhr)<br \/>\n<span style=\"font-size: 11pt; font-family: tahoma,arial,helvetica,sans-serif;\"><br \/>\n<strong>3. KLIMA-JOURNALISMUS: Transformativer Journalismus in der Praxis<\/strong><br \/>\n\u00dcber Ihre Erfahrung, das Thema Klima ins Programm bei RTL und n-tv zu bekommen<br \/>\nmuPRO-Schaltgespr\u00e4ch mit Clara Pfeffer, Journalistin der RTL-Gruppe und Mitautorin &#8222;Medien in der Klima-Krise\u201c, oekom-Verlag<br \/>\n(Aufzeichnung, 20.05.2022, 12:30 Uhr)<br \/>\n<span style=\"font-size: 11pt; font-family: tahoma,arial,helvetica,sans-serif;\"><br \/>\n<strong>4. KLIMA-JOURNALISMUS: Bestandsaufnahme und Ziele der ARD<\/strong><br \/>\nO-T\u00f6ne:<br \/>\n* Karsten Schwanke, ARD-Wettermoderator<br \/>\n(Quelle: Medienmagazin, 13.11.2021)<br \/>\n* Marcus Bornheim, Erster Chefredakteur ARD aktuell<br \/>\nQuelle: BR24 Medienmagazin, 22.04.2022<br \/>\nmuPRO-Schaltgespr\u00e4ch mit Dr. Susanne Pfab, ARD-Generalsekret\u00e4rin<br \/>\n(Aufzeichnung, 20.05.2022, 19:30 Uhr<br \/>\n<span style=\"font-size: 11pt; font-family: tahoma,arial,helvetica,sans-serif;\"><br \/>\n<strong>PodCast-Bonus<\/strong><br \/>\n* Interview mit Dr. Eckart von Hirschhausen zu \u201cWissen vor 8 &#8211; Erde&#8220;)<br \/>\nAutor: Daniel Bouhs<br \/>\n(Quelle: Medienmagazin, 13.11.2021)<br \/>\n<span style=\"font-size: 11pt; font-family: tahoma,arial,helvetica,sans-serif;\"><br \/>\n* Der Mann hinter der \u201cAnstalt\u201d: Dietrich Krau\u00df<br \/>\n(rec. 16.09.2019 , Tutzing)<\/p>\n<div style=\"height: 20px;\"><\/div>\n<figure id=\"attachment_51707\" aria-describedby=\"caption-attachment-51707\" style=\"width: 1024px\" class=\"wp-caption alignnone\"><img loading=\"lazy\" decoding=\"async\" src=\"https:\/\/www.wwwagner.tv\/wp-content\/uploads\/20220521_podcast_twitter_1024x576-1.jpg\" alt=\"\" width=\"1024\" height=\"576\" class=\"size-full wp-image-51707\" srcset=\"https:\/\/www.wwwagner.tv\/wp-content\/uploads\/20220521_podcast_twitter_1024x576-1.jpg 1024w, https:\/\/www.wwwagner.tv\/wp-content\/uploads\/20220521_podcast_twitter_1024x576-1-300x169.jpg 300w, https:\/\/www.wwwagner.tv\/wp-content\/uploads\/20220521_podcast_twitter_1024x576-1-768x432.jpg 768w\" sizes=\"auto, (max-width: 1024px) 100vw, 1024px\" \/><figcaption id=\"caption-attachment-51707\" class=\"wp-caption-text\">Medien in der Klima-Krise<\/figcaption><\/figure>\n<hr \/>\n<div style=\"height: 5px;\"><\/div>\n<p><html><br \/>\n     <head><\/p>\n<style type=\"text\/css\">\n       body {\n                     background: #DADADA;\n       }\n      <\/style>\n<p>     <\/head><br \/>\n     <body><br \/>\n<\/body><br \/>\n    <\/html><\/span><\/span><\/span><\/span><\/span><\/span><\/p>\n","protected":false},"excerpt":{"rendered":"<p>Gesamt-PodCast: No audio playback capabilities, please download the audio belowDownload Audio: Closed Format: MP3 Download (verlinkte Audio-Quelle bis zum 21.05.2023: rbb, radioeins) * via radioeins.de * via ARD-Audiothek * via spotify * via Apple PodCasts * via ALEXA: &#8222;Alexa, spiele Medienmagazin (von radioeins!)&#8220; * via Google Home: &#8222;Ok, Google, spiele radioeins Medienmagazin!&#8220; [00:00] MEINUNGSMACHT: Zeit-Herausgeber [&hellip;]<\/p>\n","protected":false},"author":2,"featured_media":51003,"comment_status":"closed","ping_status":"open","sticky":false,"template":"","format":"standard","meta":{"_monsterinsights_skip_tracking":false,"footnotes":""},"categories":[4],"tags":[912,930],"class_list":["post-51705","post","type-post","status-publish","format-standard","has-post-thumbnail","hentry","category-medienmagazin","tag-die-zeit","tag-klima"],"_links":{"self":[{"href":"https:\/\/www.wwwagner.tv\/index.php?rest_route=\/wp\/v2\/posts\/51705","targetHints":{"allow":["GET"]}}],"collection":[{"href":"https:\/\/www.wwwagner.tv\/index.php?rest_route=\/wp\/v2\/posts"}],"about":[{"href":"https:\/\/www.wwwagner.tv\/index.php?rest_route=\/wp\/v2\/types\/post"}],"author":[{"embeddable":true,"href":"https:\/\/www.wwwagner.tv\/index.php?rest_route=\/wp\/v2\/users\/2"}],"replies":[{"embeddable":true,"href":"https:\/\/www.wwwagner.tv\/index.php?rest_route=%2Fwp%2Fv2%2Fcomments&post=51705"}],"version-history":[{"count":3,"href":"https:\/\/www.wwwagner.tv\/index.php?rest_route=\/wp\/v2\/posts\/51705\/revisions"}],"predecessor-version":[{"id":51734,"href":"https:\/\/www.wwwagner.tv\/index.php?rest_route=\/wp\/v2\/posts\/51705\/revisions\/51734"}],"wp:featuredmedia":[{"embeddable":true,"href":"https:\/\/www.wwwagner.tv\/index.php?rest_route=\/wp\/v2\/media\/51003"}],"wp:attachment":[{"href":"https:\/\/www.wwwagner.tv\/index.php?rest_route=%2Fwp%2Fv2%2Fmedia&parent=51705"}],"wp:term":[{"taxonomy":"category","embeddable":true,"href":"https:\/\/www.wwwagner.tv\/index.php?rest_route=%2Fwp%2Fv2%2Fcategories&post=51705"},{"taxonomy":"post_tag","embeddable":true,"href":"https:\/\/www.wwwagner.tv\/index.php?rest_route=%2Fwp%2Fv2%2Ftags&post=51705"}],"curies":[{"name":"wp","href":"https:\/\/api.w.org\/{rel}","templated":true}]}}