{"id":51737,"date":"2022-05-23T14:30:16","date_gmt":"2022-05-23T12:30:16","guid":{"rendered":"https:\/\/www.wwwagner.tv\/?p=51737"},"modified":"2022-06-02T00:54:50","modified_gmt":"2022-06-01T22:54:50","slug":"51737","status":"publish","type":"post","link":"https:\/\/www.wwwagner.tv\/?p=51737","title":{"rendered":"Andreas Pichler zu &#8222;Europa. Kontinent im Umbruch&#8220;"},"content":{"rendered":"<p><figure id=\"attachment_51738\" aria-describedby=\"caption-attachment-51738\" style=\"width: 1100px\" class=\"wp-caption alignnone\"><img loading=\"lazy\" decoding=\"async\" src=\"https:\/\/www.wwwagner.tv\/wp-content\/uploads\/20220523_pichler_andreas_mS_1100x546.jpg\" alt=\"\" width=\"1100\" height=\"546\" class=\"size-full wp-image-51738\" srcset=\"https:\/\/www.wwwagner.tv\/wp-content\/uploads\/20220523_pichler_andreas_mS_1100x546.jpg 1100w, https:\/\/www.wwwagner.tv\/wp-content\/uploads\/20220523_pichler_andreas_mS_1100x546-300x149.jpg 300w, https:\/\/www.wwwagner.tv\/wp-content\/uploads\/20220523_pichler_andreas_mS_1100x546-768x381.jpg 768w\" sizes=\"auto, (max-width: 1100px) 100vw, 1100px\" \/><figcaption id=\"caption-attachment-51738\" class=\"wp-caption-text\">Andreas Pichler | Foto: \u00a9 J\u00f6rg Wagner<\/figcaption><\/figure><br \/>\n<span style=\"font-size: 11pt; font-family: tahoma,arial,helvetica,sans-serif;\"><\/p>\n<div style=\"height:20px;\"><\/div>\n<div style=\"height:30px;\"><\/div>\n <audio   controls > <source src=\"http:\/\/www.wwwagner.tv\/audio\/20220523_pichler_andreas_sf_192.mp3\" type='audio\/mpeg' \/> <object   type=\"application\/x-shockwave-flash\"  data=\"https:\/\/www.wwwagner.tv\/wp-content\/plugins\/wphtml5player\/inc\/flowplayer.swf\"  width=\"400\"  height=\"30\"> <param name=\"movie\" value='https:\/\/www.wwwagner.tv\/wp-content\/plugins\/wphtml5player\/inc\/flowplayer.swf' \/><param name=\"allowfullscreen\" value='false' \/><param name=\"cachebusting\" value='true' \/><param name=\"bgcolor\" value='#000000' \/><param name=\"flashvars\" value='config={\"plugins\":{\"controls\":{\"height\":30,\"autoHide\":false,\"fullscreen\":false}},\"clip\":{\"autoPlay\":false,\"url\":\"http:\\\/\\\/www.wwwagner.tv\\\/audio\\\/20220523_pichler_andreas_sf_192.mp3\"},\"playlist\":[{\"autoPlay\":false,\"url\":\"http:\\\/\\\/www.wwwagner.tv\\\/audio\\\/20220523_pichler_andreas_sf_192.mp3\"}],\"play\":{\"opacity\":0}}' \/>  No audio playback capabilities, please download the audio below<br \/><strong>Download Audio:<\/strong> Closed Format: <a href=\"http:\/\/www.wwwagner.tv\/audio\/20220523_pichler_andreas_sf_192.mp3\">MP3<\/a> <\/object> <!-- Generated by HTML5 Multimedia Framework (http:\/\/code.google.com\/p\/html5videoplayer) --> <\/audio>  \n<div style=\"height:10px;\"><\/div>\n <audio   controls > <source src=\"http:\/\/www.wwwagner.tv\/audio\/20220523_pichler_andreas_outtakes.mp3\" type='audio\/mpeg' \/> <object   type=\"application\/x-shockwave-flash\"  data=\"https:\/\/www.wwwagner.tv\/wp-content\/plugins\/wphtml5player\/inc\/flowplayer.swf\"  width=\"400\"  height=\"30\"> <param name=\"movie\" value='https:\/\/www.wwwagner.tv\/wp-content\/plugins\/wphtml5player\/inc\/flowplayer.swf' \/><param name=\"allowfullscreen\" value='false' \/><param name=\"cachebusting\" value='true' \/><param name=\"bgcolor\" value='#000000' \/><param name=\"flashvars\" value='config={\"plugins\":{\"controls\":{\"height\":30,\"autoHide\":false,\"fullscreen\":false}},\"clip\":{\"autoPlay\":false,\"url\":\"http:\\\/\\\/www.wwwagner.tv\\\/audio\\\/20220523_pichler_andreas_outtakes.mp3\"},\"playlist\":[{\"autoPlay\":false,\"url\":\"http:\\\/\\\/www.wwwagner.tv\\\/audio\\\/20220523_pichler_andreas_outtakes.mp3\"}],\"play\":{\"opacity\":0}}' \/>  No audio playback capabilities, please download the audio below<br \/><strong>Download Audio:<\/strong> Closed Format: <a href=\"http:\/\/www.wwwagner.tv\/audio\/20220523_pichler_andreas_outtakes.mp3\">MP3<\/a> <\/object> <!-- Generated by HTML5 Multimedia Framework (http:\/\/code.google.com\/p\/html5videoplayer) --> <\/audio>  \n<div style=\"height:10px;\"><\/div>\n<p><span style=\"font-size: 11pt; font-family: tahoma,arial,helvetica,sans-serif;\"><br \/>\n<u>Wer<\/u>:<br \/>\n* Andreas Pichler, Dokfilmer, Showrunner bei &#8222;Europa. Kontinent im Umbruch&#8220;<br \/>\n* J\u00f6rg Wagner, Freier Medienjournalist<br \/>\n<u>Was<\/u>: Interview zum ARTE-6-Teiler <a href=\"https:\/\/www.arte.tv\/de\/videos\/RC-019708\/europa-kontinent-im-umbruch\/\" rel=\"noopener\" target=\"_blank\">&#8222;Europa. Kontinent im Umbruch&#8220;<\/a> (Sendefassung) + Outtakes<br \/>\n<u>Wann<\/u>: 23.05.2022, 14:30 Uhr, ver\u00f6ffentlicht im radioeins-Medienmagazin am 28.05.2022 um 18:33 Uhr und in einer gek\u00fcrzten Fassung im rbb Inforadio, 29.05.2022, 10:43 Uhr\/17:43 Uhr\/22:43 Uhr<\/p>\n<p><u>Vgl<\/u>.: Folge: &#8222;Die digitale Herausforderung&#8220; (bis 25.05.2023 verf\u00fcgbar)<\/p>\n<div class=\"BorlabsCookie\"><div class=\"_brlbs-content-blocker\"> <div class=\"_brlbs-default\"> <p>Klicken Sie auf den unteren Button, um den Inhalt von www.arte.tv zu laden.<\/p> <p><a class=\"_brlbs-btn\" href=\"#\" data-borlabs-cookie-unblock role=\"button\">Inhalt laden<\/a><\/p> <\/div> <\/div><div class=\"borlabs-hide\" data-borlabs-cookie-type=\"content-blocker\" data-borlabs-cookie-id=\"default\"><script type=\"text\/template\">PHA+PGlmcmFtZSBsb2FkaW5nPSJsYXp5IiBhbGxvd2Z1bGxzY3JlZW49InRydWUiIHN0eWxlPSJ0cmFuc2l0aW9uLWR1cmF0aW9uOjA7dHJhbnNpdGlvbi1wcm9wZXJ0eTpubzttYXJnaW46MCBhdXRvO3Bvc2l0aW9uOnJlbGF0aXZlO2Rpc3BsYXk6YmxvY2s7YmFja2dyb3VuZC1jb2xvcjojMDAwMDAwOyIgZnJhbWVib3JkZXI9IjAiIHNjcm9sbGluZz0ibm8iIHdpZHRoPSI3MjAiIGhlaWdodD0iNDA2IiBzcmM9Imh0dHBzOi8vd3d3LmFydGUudHYvcGxheWVyL3Y3L2luZGV4LnBocD9qc29uX3VybD1odHRwcyUzQSUyRiUyRmFwaS5hcnRlLnR2JTJGYXBpJTJGcGxheWVyJTJGdjIlMkZjb25maWclMkZkZSUyRjA5ODA2OS0wMDUtQSYjMDM4O2xhbmc9ZGUmIzAzODthdXRvcGxheT10cnVlJiMwMzg7bXV0ZT0wJiMwMzg7cHJldmlld0RhdGE9JTdCJTIydGl0bGUlMjIlM0ElMjJFdXJvcGEuJTIwS29udGluZW50JTIwaW0lMjBVbWJydWNoJTIyJTJDJTIyc3VidGl0bGUlMjIlM0ElMjJEaWUlMjBkaWdpdGFsZSUyMEhlcmF1c2ZvcmRlcnVuZyUyMiUyQyUyMmltYWdlJTIyJTNBJTIyaHR0cHMlM0ElMkYlMkZhcGktY2RuLmFydGUudHYlMkZhcGklMkZtYW1pJTJGdjElMkZwcm9ncmFtJTJGZGUlMkYwOTgwNjktMDA1LUElMkY5NDB4NTMwJTNGdHMlM0QxMzQ1ODQ1NjAwJTIyJTdEIj48L2lmcmFtZT48L3A+<\/script><\/div><\/div>\n<div style=\"height:10px;\"><\/div>\n<div id='stb-container-1506' class='stb-container-css stb-custom-container stb-no-caption stb-image-none stb-ltr stb-border stb-side'><aside class='stb-icon'><img src='http:\/\/www.wwwagner.tv\/wp-content\/plugins\/wp-special-textboxes\/themes\/stb-dark\/heart.png'><\/aside><div id='stb-box-1506' class='stb-custom_box stb-box' ><\/p>\n<div style=\"height: 20px;\"><\/div>\n<blockquote>\n<p><span style=\"font-size: 11pt; font-family: tahoma,arial,helvetica,sans-serif;\"><br \/>\n(w\u00f6rtliches Transkript der Sendefassung, H\u00f6rverst\u00e4ndnisfehler vorbehalten)<\/p>\n<p>Filmausschnitt [00:00:02] Europa am Wendepunkt. Unser Kontinent steht vor den gr\u00f6\u00dften Herausforderungen seit dem Zweiten Weltkrieg. Vieles steht auf dem Spiel f\u00fcr ein vereintes und demokratisches Europa. <\/p>\n<p>Andreas Pichler [00:00:15] Also mein Name ist Andreas Pichler. Ich bin urspr\u00fcnglich aus Italien, habe aber lange auch in Berlin gelebt und gearbeitet und ich war der Showrunner, wie man das heutzutage nennt, der Serie. Also ich habe den kreativen Prozess geleitet in erster Linie und habe dann auch bei einer Episode der Regie gef\u00fchrt. <\/p>\n<p>Filmausschnitt [00:00:34] Ich finde es schwierig, einem Deutschen die Sch\u00f6nheit der Digitalisierung zu erkl\u00e4ren, weil Sie ihre Vorteile nie wirklich erlebt haben. &#8211; Ich finde es \u00e4u\u00dferst wichtig. Die Digitalisierung ist jetzt schon da und sie wird weitergehen. Aber jetzt k\u00f6nnen wir als Demokratien sagen, dass wir die Richtung bestimmen werden. &#8211; Die L\u00e4den, sind geschlossen und man wei\u00df nicht, wer zust\u00e4ndig ist. Wir sind keine Sklaven, wir sind Arbeiter. &#8211; Europa muss jetzt aus dieser Sandwich-Situation zwischen den USA und China herauskommen, um nicht wom\u00f6glich zu einer digitalen Kolonie zu werden. &#8211; Wie wir die dr\u00e4ngenden Fragen heute angehen, entscheidet \u00fcber die Zukunft der kommenden Generationen. <\/p>\n<p>Andreas Pichler [00:01:24] Also uns ging es von Anfang an darum, sozusagen diesen Kontinent mal als Ganzes zu erz\u00e4hlen. Und daher kommt dann auch im Erz\u00e4hlertext dieses: &#8222;Wir Europ\u00e4er&#8220; und &#8222;Unser Europa&#8220; in gewisser Weise. Die Themen haben sich entwickelt. Wir haben uns mit relativ vielen Experten getroffen: Geographen, alles M\u00f6gliche. Energie-Experten, -Expertinnen und die gro\u00dfen treibenden Themen Europas sind nat\u00fcrlich der Klimawandel, Ungleichheit und nat\u00fcrlich Digitalisierung und auch die Migration. Und aus dem heraus haben wir dann sozusagen die einzelnen Episoden entwickelt.<\/p>\n<p>Filmausschnitt [00:02:05] Diese Serie zeigt Menschen, die entschlossen an L\u00f6sungen arbeiten, f\u00fcr einen Kontinent im st\u00e4ndigen Wandel, viel st\u00e4rker miteinander verbunden, als uns allen bewusst ist.<\/p>\n<p>J\u00f6rg Wagner [00:02:21] <strong>Ihr dramaturgisches Prinzip ist, wenn ich das mal so von au\u00dfen beurteilen darf, nicht nur eine Bestandsaufnahme zu machen, die Probleme aufzuzeigen, sondern auch irgendwie dann produktiv zu begleiten. Also ein Beispiel aus der <a href=\"https:\/\/www.arte.tv\/de\/videos\/098069-003-A\/europa-kontinent-im-umbruch\/\" rel=\"noopener\" target=\"_blank\">dritten<\/a> Folge, wo gesagt wird, also mit dieser Transportleistung, die wachsen wird, ob das das Flugwesen ist, ob das die Stra\u00dfe ist, werden wir es nicht hinkriegen, die Klimaprozesse unter Kontrolle zu haben und haben dann die Schweiz als Vorbild dargestellt, also als M\u00f6glichkeit, ohne jetzt weder eine Fluglinie noch irgendeinen LKW-Fahrer damit zu denunzieren, als der B\u00f6se. Also Sie haben kein schwarz- wei\u00df-Schema, aber Sie haben in der Fairness dennoch gesagt, das wird wahrscheinlich die L\u00f6sung sein. Sind wir da weiter, als wir denken?<\/strong> <\/p>\n<p>Andreas Pichler [00:03:09] Ja, in der Tat glaube ich schon, dass wir oft viel weiter sind, als wir denken. Und wir kommen eigentlich alle im Team sozusagen aus dem kritischen Journalismus oder kritischen Dokumentarfilm. Aber es war uns einfach relativ bald auch wirklich ein Anliegen, positive Beispiele zu finden und zu zeigen, also auch L\u00f6sungen anzubieten. Vermehrt wahrscheinlich noch mal durch die Pandemie. Es war so eine allgemeine dunkle Zeit, negative und ich glaube, in der Zeit ist das noch mehr gereift, also sozusagen dieser Wunsch und in der Tat, wenn man wirklich so einen ganzen Kontinent als M\u00f6glichkeit, als Spielfeld hat, dann kann man wirklich L\u00f6sungen finden am ganzen Kontinent und so ja Best-Practice-Beispiele. Die Schweiz im Transportwesen ist &#8230; das ist eine verbl\u00fcffende Geschichte. Also die haben 94 durch einen Volksentscheid beschlossen, sie wollen weniger Transitverkehr, LKWs, also die Hauptachse der Mittelmeer Deutschland. Und so weiter und so fort &#8230; <\/p>\n<p>J\u00f6rg Wagner [00:04:05] <strong>Damit sich nicht alles durch die Alpen qu\u00e4len muss. <\/strong><\/p>\n<p>Andreas Pichler [00:04:07] Genau. Ja. Und hat nat\u00fcrlich auch eine Vorgeschichte, dass der Zug immer schon ein sehr beliebt war in der Schweiz. Und Tatsache ist aber heute, dass in der Schweiz \u00fcber 50 % des ganzen G\u00fcterverkehrs auch \u00fcber Z\u00fcge gel\u00f6st wird. <\/p>\n<p>Filmausschnitt [00:04:19] Die Schweiz ist das einzige Land in Europa, in dem der Zug das wichtigste Verkehrsmittel f\u00fcr Personen <u>und<\/u> G\u00fcter ist. Die geographische Beschaffenheit des Landes legt das nicht unbedingt nahe. &#8211; Die Bahn ist beliebt geworden. Das Volk hat immer wieder entschieden, Milliardenbetr\u00e4ge zu sprechen f\u00fcr weiteren Ausbau und somit den Bahnverkehr sowohl f\u00fcr Personenverkehr wie auch f\u00fcr den G\u00fcterverkehr in der Wirtschaft vollst\u00e4ndig integriert. &#8211; Die gro\u00dfe Schweizer Einzelhandelskette Migros arbeitet daran, ihren CO2-Fu\u00dfabdruck aufs absolut Notwendige zu reduzieren. Deshalb werden nahezu alle Lieferungen \u00fcber Z\u00fcge abgewickelt. &#8211; Migros ist die gr\u00f6\u00dfte private Arbeitgeberin in der Schweiz. Fast 100.000 Mitarbeiterinnen und Mitarbeiter sind bei uns besch\u00e4ftigt. Wir geh\u00f6ren den Menschen. Circa 2 Millionen Menschen in der Schweiz sind unsere Eigent\u00fcmer. Wir sind eine Genossenschaft. F\u00fcr uns ist es wichtig, die Logistik effizient zu gestalten und nachhaltig. Deshalb arbeiten wir nach dem Prinzip Schienenverkehr vor Stra\u00dfenverkehr. Die Luftfracht-Transporte sind absolut marginal bei uns. H\u00f6chstens 1 % der Ware wird geflogen. Wenn wir ausnahmsweise trotzdem Ware fliegen m\u00fcssen, dann belasten wir diese Transporte mit einer Abgabe. Damit speisen wir einen Fonds und aus diesem k\u00f6nnen wir dann wieder eigene Nachhaltigkeitsprojekte f\u00f6rdern. <\/p>\n<p>Andreas Pichler [00:05:53] Ich glaube, man kann die Dinge nicht immer eins zu eins \u00fcbertragen. Nat\u00fcrlich ist die Schweiz ein spezielles Beispiel. Aber die Geschichten, die wir erz\u00e4hlen, k\u00f6nnen durchaus als Leuchtprojekte gelten f\u00fcr andere Gegenden in Europa. Und mittlerweile funktioniert es ja auch. So wird er auch kommuniziert, in Digitalisierung zum Beispiel. In der Episode \u00fcber die Digitalisierung gibt es eine Geschichte \u00fcber Barcelona, wo es eine Art von direkter Demokratie oder B\u00fcrgerbeteiligung f\u00fcr gro\u00dfe urbane Stadtprojekte initiiert wurde, das \u00fcber digitale Tools passiert. Ist schon bald vier, f\u00fcnf Jahre alt und das wurde aber auch in vielen anderen St\u00e4dten &#8211; jetzt nicht in der Gr\u00f6\u00dfe und der Konsequenz kopiert &#8211; aber da gibt es schon auch eine Generation mittlerweile von Politikern und von Entscheidungstr\u00e4gern, die sich umschauen im ganzen Kontinent. Und ich glaube, das ist dieser, dieser Geist, dieser europ\u00e4ische, der manchmal eigentlich schon viel weiter ist, als wir das uns im Kleinen oft sehen. <\/p>\n<p>J\u00f6rg Wagner [00:06:46] <strong>Haben Sie da schon Erfahrungen machen k\u00f6nnen? Also mit konstruktivem Journalismus? Weil man kann sich ja eigentlich eher heutzutage immer noch mehr Lorbeeren verdienen, wenn man irgendwie investigativ eine Schlamperei aufdeckt. Und dann hat man irgendwas aufgedeckt, aber dann ist im besten Fall ein Problembewusstsein entstanden, aber noch nicht der L\u00f6sungsansatz. Und wenn man jetzt sowas einbaut, lernen dann auch L\u00e4nder tats\u00e4chlich voneinander? Haben Sie das Gef\u00fchl, dass man da was als Journalist, als Filmemacher bewirken kann?<\/strong> <\/p>\n<p>Andreas Pichler [00:07:18] Das muss ich ehrlich gesagt erst noch sehen. Wie gesagt, ich komme auch eher vom kritischen, also fast ein bisschen von negativer Dialektik gepr\u00e4gt. Also je gr\u00f6\u00dfer wir die Schweinerei &#8230; also je tiefer wir graben und Schweinereien aufdecken, desto mehr schreien die sozusagen nach L\u00f6sungen. Ob das jetzt dann wirklich Schule macht, wenn man auch positive Beispiele zeigt, das muss ich erst noch sehen. Bin ich auch ziemlich gespannt, muss ich ehrlich gesagt, sagen. <\/p>\n<p>J\u00f6rg Wagner [00:07:42] <strong>Inwieweit ist es da gut, dass ARTE sozusagen der Host f\u00fcr diese Doku-Reihe ist und nicht irgendein kommerziell orientierter Fernsehsender, der \u00fcber negativ &#8230; \u00fcber Skandalisierung, \u00fcber Vibrationswellen Projekte vielleicht in Auftrag gibt. Ohne das jetzt abzuwerten, ist alles n\u00f6tig. Aber gibt es da so was wie auch so eine Produktionssicherheit bei solchen Projekt? Haben Sie davon profitiert, dass das ein \u00f6ffentlich finanziertes Fernsehsystem ist?<\/strong> <\/p>\n<p>Andreas Pichler [00:08:13] Ja, ich denke so eine Serie oder eine Reihe, die w\u00e4re wahrscheinlich im Privatfernsehen nie m\u00f6glich gewesen. <\/p>\n<p>J\u00f6rg Wagner [00:08:19] <strong>Aber vielleicht bei Netflix?<\/strong> <\/p>\n<p>Andreas Pichler [00:08:20] Netflix durchaus. Wobei Netflix ja sehr Storytelling ist. Also es wenig thematisch gearbeitet wird, dass sehr stark \u00fcber Protagonisten erz\u00e4hlt. Ich glaube, es w\u00e4re auch eher schwer gewesen sozusagen. Ich denke, das war die perfekte Verbindung, sozusagen mit ARTE mit allem &#8230; mit der Grenze, dass nat\u00fcrlich ARTE kein gigantischer Sender ist, der durchaus seine Leuchtkraft hat, aber am Ende sind es ein paar Prozent, die es wirklich anschauen. Ich denke ARTE in seinem Grundgeist widerspiegelt sozusagen den Geist dieser Serie. Wir sind alle gl\u00fchende Europ\u00e4er, wenn man so will, aber schon nur aus der Praxis, weil wir mal irgendwo dort gelebt haben und jeder in einem anderen Land auch gelebt hat. Und insofern liegt mir und ich glaube dem ganzen Team einfach dieser europ\u00e4ische Geist sehr, sehr, sehr, sehr nahe. Und ich glaube, es ist auch h\u00f6chste Zeit, dass wir Europa weiterdenken. Also wirklich, ich bin der Meinung, wir sollten eine Republik Europa schaffen und dann kann es noch Regionen dazugeben. Und so weiter und so fort. Sonst bleibt da immer zu viel in diese nationalen Interessen einfach h\u00e4ngen. Das so als Basis. Und das ist nat\u00fcrlich &#8230; so ein Sender wie ARTE ist da der perfekte Platz, der perfekte Kanal. <\/p>\n<p><\/span><\/p><\/blockquote>\n<p><\/div><\/div>\n<div style=\"height:10px;\"><\/div>\n<hr \/>\n<div style=\"height: 5px;\"><\/div>\n<p><html><br \/>\n     <head><\/p>\n<style type=\"text\/css\">\n       body {\n                     background: #DADADA;\n       }\n      <\/style>\n<p>     <\/head><br \/>\n     <body><br \/>\n<\/body><br \/>\n    <\/html><\/span><\/span><\/p>\n","protected":false},"excerpt":{"rendered":"<p>No audio playback capabilities, please download the audio belowDownload Audio: Closed Format: MP3 No audio playback capabilities, please download the audio belowDownload Audio: Closed Format: MP3 Wer: * Andreas Pichler, Dokfilmer, Showrunner bei &#8222;Europa. Kontinent im Umbruch&#8220; * J\u00f6rg Wagner, Freier Medienjournalist Was: Interview zum ARTE-6-Teiler &#8222;Europa. Kontinent im Umbruch&#8220; (Sendefassung) + Outtakes Wann: 23.05.2022, [&hellip;]<\/p>\n","protected":false},"author":2,"featured_media":0,"comment_status":"closed","ping_status":"open","sticky":false,"template":"","format":"standard","meta":{"_monsterinsights_skip_tracking":false,"footnotes":""},"categories":[17],"tags":[311,405,930],"class_list":["post-51737","post","type-post","status-publish","format-standard","hentry","category-aktuell","tag-arte","tag-europa","tag-klima"],"_links":{"self":[{"href":"https:\/\/www.wwwagner.tv\/index.php?rest_route=\/wp\/v2\/posts\/51737","targetHints":{"allow":["GET"]}}],"collection":[{"href":"https:\/\/www.wwwagner.tv\/index.php?rest_route=\/wp\/v2\/posts"}],"about":[{"href":"https:\/\/www.wwwagner.tv\/index.php?rest_route=\/wp\/v2\/types\/post"}],"author":[{"embeddable":true,"href":"https:\/\/www.wwwagner.tv\/index.php?rest_route=\/wp\/v2\/users\/2"}],"replies":[{"embeddable":true,"href":"https:\/\/www.wwwagner.tv\/index.php?rest_route=%2Fwp%2Fv2%2Fcomments&post=51737"}],"version-history":[{"count":10,"href":"https:\/\/www.wwwagner.tv\/index.php?rest_route=\/wp\/v2\/posts\/51737\/revisions"}],"predecessor-version":[{"id":51776,"href":"https:\/\/www.wwwagner.tv\/index.php?rest_route=\/wp\/v2\/posts\/51737\/revisions\/51776"}],"wp:attachment":[{"href":"https:\/\/www.wwwagner.tv\/index.php?rest_route=%2Fwp%2Fv2%2Fmedia&parent=51737"}],"wp:term":[{"taxonomy":"category","embeddable":true,"href":"https:\/\/www.wwwagner.tv\/index.php?rest_route=%2Fwp%2Fv2%2Fcategories&post=51737"},{"taxonomy":"post_tag","embeddable":true,"href":"https:\/\/www.wwwagner.tv\/index.php?rest_route=%2Fwp%2Fv2%2Ftags&post=51737"}],"curies":[{"name":"wp","href":"https:\/\/api.w.org\/{rel}","templated":true}]}}