{"id":51873,"date":"2022-06-25T18:05:32","date_gmt":"2022-06-25T16:05:32","guid":{"rendered":"https:\/\/www.wwwagner.tv\/?p=51873"},"modified":"2022-06-28T16:09:45","modified_gmt":"2022-06-28T14:09:45","slug":"medienmagazin-vom-25-06-2022","status":"publish","type":"post","link":"https:\/\/www.wwwagner.tv\/?p=51873","title":{"rendered":"Medienmagazin vom 25.06.2022"},"content":{"rendered":"<p> <audio   controls > <source src=\"https:\/\/rbbmediapmdp-a.akamaihd.net\/content\/59\/ab\/59abef13-fc01-4172-a508-922780a2a0b7\/7da73241-4bd2-4c36-9744-7e5cb0e72cf4_4954d918-303b-4c2e-96ab-e9e42d2e8023.mp3\" type='audio\/mpeg' \/> <object   type=\"application\/x-shockwave-flash\"  data=\"https:\/\/www.wwwagner.tv\/wp-content\/plugins\/wphtml5player\/inc\/flowplayer.swf\"  width=\"400\"  height=\"30\"> <param name=\"movie\" value='https:\/\/www.wwwagner.tv\/wp-content\/plugins\/wphtml5player\/inc\/flowplayer.swf' \/><param name=\"allowfullscreen\" value='false' \/><param name=\"cachebusting\" value='true' \/><param name=\"bgcolor\" value='#000000' \/><param name=\"flashvars\" value='config={\"plugins\":{\"controls\":{\"height\":30,\"autoHide\":false,\"fullscreen\":false}},\"clip\":{\"autoPlay\":false,\"url\":\"https:\\\/\\\/rbbmediapmdp-a.akamaihd.net\\\/content\\\/59\\\/ab\\\/59abef13-fc01-4172-a508-922780a2a0b7\\\/7da73241-4bd2-4c36-9744-7e5cb0e72cf4_4954d918-303b-4c2e-96ab-e9e42d2e8023.mp3\"},\"playlist\":[{\"autoPlay\":false,\"url\":\"https:\\\/\\\/rbbmediapmdp-a.akamaihd.net\\\/content\\\/59\\\/ab\\\/59abef13-fc01-4172-a508-922780a2a0b7\\\/7da73241-4bd2-4c36-9744-7e5cb0e72cf4_4954d918-303b-4c2e-96ab-e9e42d2e8023.mp3\"}],\"play\":{\"opacity\":0}}' \/>  No audio playback capabilities, please download the audio below<br \/><strong>Download Audio:<\/strong> Closed Format: <a href=\"https:\/\/rbbmediapmdp-a.akamaihd.net\/content\/59\/ab\/59abef13-fc01-4172-a508-922780a2a0b7\/7da73241-4bd2-4c36-9744-7e5cb0e72cf4_4954d918-303b-4c2e-96ab-e9e42d2e8023.mp3\">MP3<\/a> <\/object> <!-- Generated by HTML5 Multimedia Framework (http:\/\/code.google.com\/p\/html5videoplayer) --> <\/audio>  <br \/>\n<a href=\"https:\/\/rbbmediapmdp-a.akamaihd.net\/content\/59\/ab\/59abef13-fc01-4172-a508-922780a2a0b7\/7da73241-4bd2-4c36-9744-7e5cb0e72cf4_4954d918-303b-4c2e-96ab-e9e42d2e8023.mp3\" target=\"_blank\" rel=\"noopener noreferrer\">Download<\/a><span style=\"color: #666666;\"> (verlinkte Audio-Quelle bis zum 25.06.2023: rbb, radioeins)<\/span><br \/>\n* via <a href=\"http:\/\/bit.ly\/UiK8m2\" rel=\"noopener noreferrer\" target=\"_blank\">radioeins.de<\/a><br \/>\n* via <a href=\"http:\/\/bit.ly\/2QPyw0c\" rel=\"noopener noreferrer\" target=\"_blank\">ARD-Audiothek<\/a><br \/>\n* via <a href=\"https:\/\/open.spotify.com\/show\/7xVQUA4ge6g5IUsCYk5qtE?si=d4af4d1f18f94ddc\" rel=\"noopener\" target=\"_blank\">spotify<\/a><br \/>\n* via <a href=\"https:\/\/podcasts.apple.com\/de\/podcast\/medienmagazin\/id160843212\" rel=\"noopener\" target=\"_blank\">Apple PodCasts<\/a><br \/>\n* via ALEXA: &#8222;Alexa, spiele Medienmagazin (von radioeins!)&#8220;<br \/>\n* via Google Home: &#8222;Ok, Google, spiele radioeins Medienmagazin!&#8220;<\/p>\n<div style=\"height: 10px;\"><\/div>\n<p>[00:00] INTRO: Opener Medienmagazin 1997 | [04:06] B\u00fchnengast Bendix Lippe, ZDF-Fernsehrat | [14:32] Die ems Babelsberg stellt sich vor: Neela Richter, S\u00f6ren Hinze | [27:59] Treueste Medienmagazin-H\u00f6rerin Karla | [35:08] Die beste radioeins-Band: Knorkator | [42:08] Bonus: Medienmagazin 23.06. 2007 &#8211; INTRO 9Live | [44:34] Bonus: ARD-Digitalstrategie | [51:46] Bonus: Die ARD und die Fu\u00dfball-EM-Rechte 2008 | [57:11] Bonus: Service | [1:00:42] Bonus: Neuer Trend: Blogs  | [1:08:43] Bonus: Grimme-Online-Award an Stefan Niggemeier || Vera Lin\u00df &#038; J\u00f6rg Wagner<\/p>\n<div style=\"height: 30px;\"><\/div>\n<hr \/>\n<div style=\"height: 10px;\"><\/div>\n<p><span style=\"font-size: 11pt; font-family: tahoma,arial,helvetica,sans-serif;\"><br \/>\n<strong>Medienmagazin open air<\/strong><br \/>\n<span style=\"font-size: 11pt; font-family: tahoma,arial,helvetica,sans-serif;\"><br \/>\nAm radioeins-Tag im Vorfeld des 25. radioeins-Geburtstags sendete auch das Medienmagazin von der B\u00fchne auf dem Potsdamer rbb-Gel\u00e4nde in der Medienstadt.<br \/>\n<span style=\"font-size: 11pt; font-family: tahoma,arial,helvetica,sans-serif;\"><br \/>\nDazu begr\u00fc\u00dften auf der B\u00fchne in der Doppelmoderation wie zur ersten Medienmagazinausgabe 1997 Vera Lin\u00df und J\u00f6rg Wagner das Publikum (damals live von der IFA) folgende G\u00e4ste:<br \/>\n<span style=\"font-size: 11pt; font-family: tahoma,arial,helvetica,sans-serif;\"><br \/>\n* Bendix Lippe, j\u00fcngstes ZDF-Fernsehratsmitglied, entsandt vom Landesjugendring Brandenburg<br \/>\n* Neela Richter, Leiterin Volontariat, ems Babelsberg<br \/>\n* S\u00f6ren Hinze, Volont\u00e4r, ems Babelsberg<br \/>\n* Karla Schnik, Stammh\u00f6rerin radioeins\/Medienmagazin<br \/>\n<span style=\"font-size: 11pt; font-family: tahoma,arial,helvetica,sans-serif;\"><br \/>\n&#8230; zum Thema:<br \/>\nMedienwandel &#8211; stirbt das Lineare aus oder wird es get\u00f6tet?<br \/>\n<span style=\"font-size: 11pt; font-family: tahoma,arial,helvetica,sans-serif;\"><br \/>\nSind Mediatheken der Killer von TV und Radio?<br \/>\nPodcasts dr\u00e4ngen ins Radio. Sollte es bald hei\u00dfen podcasteins statt radioeins? Infopodcast, statt Inforadio?<br \/>\nWie stellt sich die Medienausbildung auf nonlineare Formate ein? Welche Projekte hat die ems mit ihren Volos in der Pipeline?<br \/>\nWie k\u00f6nnte faire Partizipation im Kommunikationsapparat (Bertolt Brecht) Radio aussehen?<br \/>\n<span style=\"font-size: 11pt; font-family: tahoma,arial,helvetica,sans-serif;\"><br \/>\nDazu B\u00fchnenmusik von Knorkator<br \/>\n<span style=\"font-size: 11pt; font-family: tahoma,arial,helvetica,sans-serif;\"><br \/>\nRedaktion + Moderation: Vera Lin\u00df und J\u00f6rg Wagner<\/p>\n<div style=\"height: 40px;\"><\/div>\n<figure id=\"attachment_51874\" aria-describedby=\"caption-attachment-51874\" style=\"width: 1024px\" class=\"wp-caption alignnone\"><img loading=\"lazy\" decoding=\"async\" src=\"https:\/\/www.wwwagner.tv\/wp-content\/uploads\/20220625_podcast_twitter_1024x576.jpg\" alt=\"\" width=\"1024\" height=\"576\" class=\"size-full wp-image-51874\" srcset=\"https:\/\/www.wwwagner.tv\/wp-content\/uploads\/20220625_podcast_twitter_1024x576.jpg 1024w, https:\/\/www.wwwagner.tv\/wp-content\/uploads\/20220625_podcast_twitter_1024x576-300x169.jpg 300w, https:\/\/www.wwwagner.tv\/wp-content\/uploads\/20220625_podcast_twitter_1024x576-768x432.jpg 768w\" sizes=\"auto, (max-width: 1024px) 100vw, 1024px\" \/><figcaption id=\"caption-attachment-51874\" class=\"wp-caption-text\">Neela Richter &#8211; S\u00f6ren Hinze &#8211; Bendix Lippe | Foto: Vera Lin\u00df<\/figcaption><\/figure>\n<hr \/>\n<div style=\"height: 5px;\"><\/div>\n<p><html><br \/>\n     <head><\/p>\n<style type=\"text\/css\">\n       body {\n                     background: #DADADA;\n       }\n      <\/style>\n<p>     <\/head><br \/>\n     <body><br \/>\n<\/body><br \/>\n    <\/html><\/span><\/span><\/span><\/span><\/span><\/span><\/span><\/span><\/p>\n","protected":false},"excerpt":{"rendered":"<p>No audio playback capabilities, please download the audio belowDownload Audio: Closed Format: MP3 Download (verlinkte Audio-Quelle bis zum 25.06.2023: rbb, radioeins) * via radioeins.de * via ARD-Audiothek * via spotify * via Apple PodCasts * via ALEXA: &#8222;Alexa, spiele Medienmagazin (von radioeins!)&#8220; * via Google Home: &#8222;Ok, Google, spiele radioeins Medienmagazin!&#8220; [00:00] INTRO: Opener Medienmagazin [&hellip;]<\/p>\n","protected":false},"author":2,"featured_media":51003,"comment_status":"closed","ping_status":"open","sticky":false,"template":"","format":"standard","meta":{"_monsterinsights_skip_tracking":false,"footnotes":""},"categories":[4],"tags":[1315,517,1316,181,50],"class_list":["post-51873","post","type-post","status-publish","format-standard","has-post-thumbnail","hentry","category-medienmagazin","tag-ems","tag-fernsehrat","tag-medienaenderungsstaatsvertrag","tag-radioeins","tag-zdf"],"_links":{"self":[{"href":"https:\/\/www.wwwagner.tv\/index.php?rest_route=\/wp\/v2\/posts\/51873","targetHints":{"allow":["GET"]}}],"collection":[{"href":"https:\/\/www.wwwagner.tv\/index.php?rest_route=\/wp\/v2\/posts"}],"about":[{"href":"https:\/\/www.wwwagner.tv\/index.php?rest_route=\/wp\/v2\/types\/post"}],"author":[{"embeddable":true,"href":"https:\/\/www.wwwagner.tv\/index.php?rest_route=\/wp\/v2\/users\/2"}],"replies":[{"embeddable":true,"href":"https:\/\/www.wwwagner.tv\/index.php?rest_route=%2Fwp%2Fv2%2Fcomments&post=51873"}],"version-history":[{"count":2,"href":"https:\/\/www.wwwagner.tv\/index.php?rest_route=\/wp\/v2\/posts\/51873\/revisions"}],"predecessor-version":[{"id":51876,"href":"https:\/\/www.wwwagner.tv\/index.php?rest_route=\/wp\/v2\/posts\/51873\/revisions\/51876"}],"wp:featuredmedia":[{"embeddable":true,"href":"https:\/\/www.wwwagner.tv\/index.php?rest_route=\/wp\/v2\/media\/51003"}],"wp:attachment":[{"href":"https:\/\/www.wwwagner.tv\/index.php?rest_route=%2Fwp%2Fv2%2Fmedia&parent=51873"}],"wp:term":[{"taxonomy":"category","embeddable":true,"href":"https:\/\/www.wwwagner.tv\/index.php?rest_route=%2Fwp%2Fv2%2Fcategories&post=51873"},{"taxonomy":"post_tag","embeddable":true,"href":"https:\/\/www.wwwagner.tv\/index.php?rest_route=%2Fwp%2Fv2%2Ftags&post=51873"}],"curies":[{"name":"wp","href":"https:\/\/api.w.org\/{rel}","templated":true}]}}