{"id":51888,"date":"2022-07-02T18:05:43","date_gmt":"2022-07-02T16:05:43","guid":{"rendered":"https:\/\/www.wwwagner.tv\/?p=51888"},"modified":"2022-07-05T23:54:38","modified_gmt":"2022-07-05T21:54:38","slug":"medienmagazin-vom-02-07-2022","status":"publish","type":"post","link":"https:\/\/www.wwwagner.tv\/?p=51888","title":{"rendered":"Medienmagazin vom 02.07.2022"},"content":{"rendered":"<p> <audio   controls > <source src=\"https:\/\/rbbmediapmdp-a.akamaihd.net\/content\/a0\/7c\/a07ce7db-e5e5-4d60-a8f3-155226386f46\/64b501e8-8bfb-44a7-80d7-d0819526244c_0a91b368-6430-4b22-a10c-62441ed63d25.mp3\" type='audio\/mpeg' \/> <object   type=\"application\/x-shockwave-flash\"  data=\"https:\/\/www.wwwagner.tv\/wp-content\/plugins\/wphtml5player\/inc\/flowplayer.swf\"  width=\"400\"  height=\"30\"> <param name=\"movie\" value='https:\/\/www.wwwagner.tv\/wp-content\/plugins\/wphtml5player\/inc\/flowplayer.swf' \/><param name=\"allowfullscreen\" value='false' \/><param name=\"cachebusting\" value='true' \/><param name=\"bgcolor\" value='#000000' \/><param name=\"flashvars\" value='config={\"plugins\":{\"controls\":{\"height\":30,\"autoHide\":false,\"fullscreen\":false}},\"clip\":{\"autoPlay\":false,\"url\":\"https:\\\/\\\/rbbmediapmdp-a.akamaihd.net\\\/content\\\/a0\\\/7c\\\/a07ce7db-e5e5-4d60-a8f3-155226386f46\\\/64b501e8-8bfb-44a7-80d7-d0819526244c_0a91b368-6430-4b22-a10c-62441ed63d25.mp3\"},\"playlist\":[{\"autoPlay\":false,\"url\":\"https:\\\/\\\/rbbmediapmdp-a.akamaihd.net\\\/content\\\/a0\\\/7c\\\/a07ce7db-e5e5-4d60-a8f3-155226386f46\\\/64b501e8-8bfb-44a7-80d7-d0819526244c_0a91b368-6430-4b22-a10c-62441ed63d25.mp3\"}],\"play\":{\"opacity\":0}}' \/>  No audio playback capabilities, please download the audio below<br \/><strong>Download Audio:<\/strong> Closed Format: <a href=\"https:\/\/rbbmediapmdp-a.akamaihd.net\/content\/a0\/7c\/a07ce7db-e5e5-4d60-a8f3-155226386f46\/64b501e8-8bfb-44a7-80d7-d0819526244c_0a91b368-6430-4b22-a10c-62441ed63d25.mp3\">MP3<\/a> <\/object> <!-- Generated by HTML5 Multimedia Framework (http:\/\/code.google.com\/p\/html5videoplayer) --> <\/audio>  <br \/>\n<a href=\"https:\/\/rbbmediapmdp-a.akamaihd.net\/content\/a0\/7c\/a07ce7db-e5e5-4d60-a8f3-155226386f46\/64b501e8-8bfb-44a7-80d7-d0819526244c_0a91b368-6430-4b22-a10c-62441ed63d25.mp3\" target=\"_blank\" rel=\"noopener noreferrer\">Download<\/a><span style=\"color: #666666;\"> (verlinkte Audio-Quelle bis zum 02.07.2023: rbb, radioeins)<\/span><br \/>\n* via <a href=\"http:\/\/bit.ly\/UiK8m2\" rel=\"noopener noreferrer\" target=\"_blank\">radioeins.de<\/a><br \/>\n* via <a href=\"http:\/\/bit.ly\/2QPyw0c\" rel=\"noopener noreferrer\" target=\"_blank\">ARD-Audiothek<\/a><br \/>\n* via <a href=\"https:\/\/open.spotify.com\/show\/7xVQUA4ge6g5IUsCYk5qtE?si=d4af4d1f18f94ddc\" rel=\"noopener\" target=\"_blank\">spotify<\/a><br \/>\n* via <a href=\"https:\/\/podcasts.apple.com\/de\/podcast\/medienmagazin\/id160843212\" rel=\"noopener\" target=\"_blank\">Apple PodCasts<\/a><br \/>\n* via ALEXA: &#8222;Alexa, spiele Medienmagazin (von radioeins!)&#8220;<br \/>\n* via Google Home: &#8222;Ok, Google, spiele radioeins Medienmagazin!&#8220;<\/p>\n<div style=\"height: 10px;\"><\/div>\n<p>[00:00] INTRO: Andrij Melnyk | [02:11] EXILJOURNALISMUS 1 &#8211; Nicola von Hollander | [12:34] EXILJOURNALISMUS 2 &#8211; Michael Rediske | [21:04] FILMWIRTSCHAFT: Berlin will \u201eFilmfreundliche Stadt\u201c werden | [32:38] FRANKREICH: Streiks beim \u00f6ffentlich-rechtlichen Rundfunk wegen Rundfunkfinanzierung | [46:30] Bonus: Klaus Wowereit zur Filmwirtschaft, #r1MM 27.06.2009 | [49:19] Bonus: Pressekonferenz Medienboard Berlin-Brandenburg mit Franziska Giffey, 30.06.2022 || J\u00f6rg Wagner<\/p>\n<div style=\"height: 30px;\"><\/div>\n<hr \/>\n<div style=\"height: 10px;\"><\/div>\n<p><span style=\"font-size: 11pt; font-family: tahoma,arial,helvetica,sans-serif;\"><br \/>\n<strong>INTRO: Diplomatie hat sich gewandelt<\/strong><br \/>\nO-Ton: Andrij Melnyk, ukrainischer Botschafter in Deutschland<br \/>\nQuelle: \u201cjung &#038; naiv\u201d, Folge 580<br \/>\n<div class=\"BorlabsCookie\"><div class=\"_brlbs-content-blocker\"> <div class=\"_brlbs-embed _brlbs-video-youtube\"> <img class=\"_brlbs-thumbnail\" src=\"https:\/\/www.wwwagner.tv\/wp-content\/plugins\/borlabs-cookie\/images\/cb-no-thumbnail.png\" alt=\"YouTube\"> <div class=\"_brlbs-caption\"> <p>Mit dem Laden des Videos akzeptieren Sie die Datenschutzerkl\u00e4rung von YouTube.<br><a href=\"https:\/\/policies.google.com\/privacy\" target=\"_blank\" rel=\"nofollow noopener noreferrer\">Mehr erfahren<\/a><\/p> <p><a class=\"_brlbs-btn _brlbs-icon-play-white\" href=\"#\" data-borlabs-cookie-unblock role=\"button\">Video laden<\/a><\/p> <p><label><input type=\"checkbox\" name=\"unblockAll\" value=\"1\" checked> <small>YouTube immer entsperren<\/small><\/label><\/p> <\/div> <\/div> <\/div><div class=\"borlabs-hide\" data-borlabs-cookie-type=\"content-blocker\" data-borlabs-cookie-id=\"youtube\"><script type=\"text\/template\">PGlmcmFtZSBsb2FkaW5nPSJsYXp5IiB3aWR0aD0iNjAwIiBoZWlnaHQ9IjMzOCIgc3JjPSJodHRwczovL3d3dy55b3V0dWJlLW5vY29va2llLmNvbS9lbWJlZC9KVkVHUjdhcHpvSSIgdGl0bGU9IllvdVR1YmUgdmlkZW8gcGxheWVyIiBmcmFtZWJvcmRlcj0iMCIgYWxsb3c9ImFjY2VsZXJvbWV0ZXI7IGF1dG9wbGF5OyBjbGlwYm9hcmQtd3JpdGU7IGVuY3J5cHRlZC1tZWRpYTsgZ3lyb3Njb3BlOyBwaWN0dXJlLWluLXBpY3R1cmUiIGFsbG93ZnVsbHNjcmVlbj48L2lmcmFtZT4=<\/script><\/div><\/div><br \/>\n<span style=\"font-size: 11pt; font-family: tahoma,arial,helvetica,sans-serif;\"><br \/>\n<strong>1.+2. UKRAINE-KRIEG: Unterst\u00fctzung f\u00fcr Exiljournalistinnen und -Journalisten<\/strong><br \/>\nDie NDR-ZAPP-Kollegin Nicola von Hollander unterst\u00fctzt privat, &#8222;Reporter ohne Grenzen&#8220; als NGO: Journalistinnen und Journalisten aus Russland und der Ukraine, die weiter f\u00fcr Ihre Zielgruppe t\u00e4tig sein wollen. Womit kann man helfen? Was wird noch ben\u00f6tigt?<br \/>\nmuPRO-Gespr\u00e4che Nicola von Hollander, NDR und Michael Rediske, &#8222;Reporter ohne Grenzen\u201c (Aufzeichnung, 01.07.2022, 16:00\/18:00 Uhr)<br \/>\nVgl.:<br \/>\n* <a href=\"https:\/\/herrenhausvonhollander.de\/\" rel=\"noopener\" target=\"_blank\">https:\/\/herrenhausvonhollander.de\/<\/a><br \/>\n* Reporter ohne Grenzen, <a href=\"https:\/\/www.reporter-ohne-grenzen.de\/kontakt\" rel=\"noopener\" target=\"_blank\">Kontakt<\/a><br \/>\n<span style=\"font-size: 11pt; font-family: tahoma,arial,helvetica,sans-serif;\"><br \/>\n<strong>3. FILMWIRTSCHAFT: Berlin will \u201eFilmfreundliche Stadt\u201c werden<\/strong><br \/>\nBerlin ist sp\u00e4testens seit 1927 bekannt als Filmstadt (Sinfonie einer Gro\u00dfstadt\u201c). Immer wieder werden hier Serien, TV- und Kinofilme gedreht. Doch nun will die Regierende B\u00fcrgermeisterin Franziska Giffey den Standort f\u00fcr die Film- und TV-Branche noch attraktiver machen.<br \/>\nO-Ton: Franziska Giffey, Regierende B\u00fcrgermeisterin Berlins<br \/>\nInterview mit Kirsten Niehuus, seit 2004 Gesch\u00e4ftsf\u00fchrerin der Filmf\u00f6rderung im Medienboard Berlin-Brandenburg (Aufzeichnung, 30.06.2022, 13:30 Uhr)<br \/>\n<span style=\"font-size: 11pt; font-family: tahoma,arial,helvetica,sans-serif;\"><br \/>\n<strong>4. FRANKREICH: Streiks beim \u00f6ffentlich-rechtlichen Rundfunk wegen Rundfunkfinanzierung<\/strong><br \/>\nFrankreichs Pr\u00e4sident Macron will die Rundfunkgeb\u00fchr abschaffen als Ma\u00dfnahme f\u00fcr mehr Kaufkraft. Die Inflation in Frankreich \u00fcber\u2019s Jahr liegt gerade bei fast 6 Prozent. &#8222;Verkauft uns nicht f\u00fcr dumm&#8220;, sagen die Gegner, das sei der Anfang vom Ende der \u00f6ffentlich-rechtlichen Medien. Deshalb wurde diese Woche gestreikt, n\u00e4chste Woche geht der Gesetzentwurf ins Kabinett, Mitte Juli 2022 ins Parlament.<br \/>\nmuPRO-Gespr\u00e4ch mit O-T\u00f6nen<br \/>\nStefanie Markert, ARD Paris (Aufzeichnung, 01.07.2022, 15:00 Uhr)<br \/>\n<span style=\"font-size: 11pt; font-family: tahoma,arial,helvetica,sans-serif;\"><br \/>\n<strong>PodCast-Bonus:<\/strong><br \/>\n\u00b0 Klaus Wowereit am Rande des 5. Medienboard-Geburtstages<br \/>\nQuelle: Medienmagazin, 27.06.2009<br \/>\n\u00b0 Pressekonferenz des Medienboards Berlin-Brandenburg vom 30.06.2022, 12:30 Uhr<br \/>\nim Delphi Lux, Kantstra\u00dfe, Berlin<br \/>\nmit:<br \/>\n* Franziska Giffey, Regierende B\u00fcrgermeisterin Berlins<br \/>\n* Kirsten Niehuus, Gesch\u00e4ftsf\u00fchrerin Filmf\u00f6rderung, Medienboard Berlin-Brandenburg<br \/>\n* Petra Gute, Moderation<br \/>\nVgl.: <a href=\"https:\/\/www.medienboard.de\/presse-events\/kommunikation-und-pressearbeit\/mitteilung\/News\/filmfreundlichestadtberlin\" rel=\"noopener\" target=\"_blank\">Pressemitteilung<\/a>, 30.06.2022<\/p>\n<div style=\"height: 40px;\"><\/div>\n<figure id=\"attachment_51891\" aria-describedby=\"caption-attachment-51891\" style=\"width: 1024px\" class=\"wp-caption alignnone\"><img loading=\"lazy\" decoding=\"async\" src=\"https:\/\/www.wwwagner.tv\/wp-content\/uploads\/20220702_podcast_twitter_1024\u200a\u00d7\u200a576.jpg\" alt=\"\" width=\"1024\" height=\"576\" class=\"size-full wp-image-51891\" srcset=\"https:\/\/www.wwwagner.tv\/wp-content\/uploads\/20220702_podcast_twitter_1024\u200a\u00d7\u200a576.jpg 1024w, https:\/\/www.wwwagner.tv\/wp-content\/uploads\/20220702_podcast_twitter_1024\u200a\u00d7\u200a576-300x169.jpg 300w, https:\/\/www.wwwagner.tv\/wp-content\/uploads\/20220702_podcast_twitter_1024\u200a\u00d7\u200a576-768x432.jpg 768w\" sizes=\"auto, (max-width: 1024px) 100vw, 1024px\" \/><figcaption id=\"caption-attachment-51891\" class=\"wp-caption-text\">Petra Gute &#8211; Franziska Giffey &#8211; Kirsten Niehuus | Foto: \u00a9 J\u00f6rg Wagner<\/figcaption><\/figure>\n<hr \/>\n<div style=\"height: 5px;\"><\/div>\n<p><html><br \/>\n     <head><\/p>\n<style type=\"text\/css\">\n       body {\n                     background: #DADADA;\n       }\n      <\/style>\n<p>     <\/head><br \/>\n     <body><br \/>\n<\/body><br \/>\n    <\/html><\/span><\/span><\/span><\/span><\/span><\/p>\n","protected":false},"excerpt":{"rendered":"<p>No audio playback capabilities, please download the audio belowDownload Audio: Closed Format: MP3 Download (verlinkte Audio-Quelle bis zum 02.07.2023: rbb, radioeins) * via radioeins.de * via ARD-Audiothek * via spotify * via Apple PodCasts * via ALEXA: &#8222;Alexa, spiele Medienmagazin (von radioeins!)&#8220; * via Google Home: &#8222;Ok, Google, spiele radioeins Medienmagazin!&#8220; [00:00] INTRO: Andrij Melnyk [&hellip;]<\/p>\n","protected":false},"author":2,"featured_media":51003,"comment_status":"closed","ping_status":"open","sticky":false,"template":"","format":"standard","meta":{"_monsterinsights_skip_tracking":false,"footnotes":""},"categories":[4],"tags":[1319,1320,1321,34,343,510],"class_list":["post-51888","post","type-post","status-publish","format-standard","has-post-thumbnail","hentry","category-medienmagazin","tag-exiljournalismus","tag-filmfoerderung","tag-frankreich","tag-rundfunkgebuhr","tag-russland","tag-ukraine"],"_links":{"self":[{"href":"https:\/\/www.wwwagner.tv\/index.php?rest_route=\/wp\/v2\/posts\/51888","targetHints":{"allow":["GET"]}}],"collection":[{"href":"https:\/\/www.wwwagner.tv\/index.php?rest_route=\/wp\/v2\/posts"}],"about":[{"href":"https:\/\/www.wwwagner.tv\/index.php?rest_route=\/wp\/v2\/types\/post"}],"author":[{"embeddable":true,"href":"https:\/\/www.wwwagner.tv\/index.php?rest_route=\/wp\/v2\/users\/2"}],"replies":[{"embeddable":true,"href":"https:\/\/www.wwwagner.tv\/index.php?rest_route=%2Fwp%2Fv2%2Fcomments&post=51888"}],"version-history":[{"count":8,"href":"https:\/\/www.wwwagner.tv\/index.php?rest_route=\/wp\/v2\/posts\/51888\/revisions"}],"predecessor-version":[{"id":51897,"href":"https:\/\/www.wwwagner.tv\/index.php?rest_route=\/wp\/v2\/posts\/51888\/revisions\/51897"}],"wp:featuredmedia":[{"embeddable":true,"href":"https:\/\/www.wwwagner.tv\/index.php?rest_route=\/wp\/v2\/media\/51003"}],"wp:attachment":[{"href":"https:\/\/www.wwwagner.tv\/index.php?rest_route=%2Fwp%2Fv2%2Fmedia&parent=51888"}],"wp:term":[{"taxonomy":"category","embeddable":true,"href":"https:\/\/www.wwwagner.tv\/index.php?rest_route=%2Fwp%2Fv2%2Fcategories&post=51888"},{"taxonomy":"post_tag","embeddable":true,"href":"https:\/\/www.wwwagner.tv\/index.php?rest_route=%2Fwp%2Fv2%2Ftags&post=51888"}],"curies":[{"name":"wp","href":"https:\/\/api.w.org\/{rel}","templated":true}]}}